{"id":53837,"date":"2024-05-28T08:28:17","date_gmt":"2024-05-28T13:28:17","guid":{"rendered":"https:\/\/revistazetta.com\/?p=53837"},"modified":"2024-05-28T08:28:17","modified_gmt":"2024-05-28T13:28:17","slug":"asamblea-de-bolivar-aprobo-por-unanimidad-plan-de-desarrollo-bolivar-me-enamora-2024-2027","status":"publish","type":"post","link":"https:\/\/revistazetta.com\/?p=53837","title":{"rendered":"Asamblea de Bol\u00edvar aprob\u00f3 por unanimidad Plan de Desarrollo \u201cBol\u00edvar me enamora\u201d 2024-2027"},"content":{"rendered":"<p><strong>Cartagena de Indias, 28 de mayo de 2024.-<\/strong> Los 14 diputados de la Asamblea de Bol\u00edvar aprobaron por decisi\u00f3n un\u00e1nime el Plan de Desarrollo \u00abBol\u00edvar me enamora\u00bb 2024-2027, presentado por el gobernador Yamil Arana Padau\u00ed.<\/p>\n<p>Seg\u00fan el Observatorio a la Asamblea de Funcicar, as\u00ed se desarroll\u00f3 la sesi\u00f3n de este lunes 27 de mayo, donde se aprob\u00f3 el proyecto de ordenanza:<\/p>\n<p><span style=\"color: #0000ff;\"><em>En el informe de ponencia se se\u00f1al\u00f3 que el texto aprobado en primer debate en comisi\u00f3n contiene la supresi\u00f3n del art\u00edculo 23, el cual a\u00f1ad\u00eda un par\u00e1grafo tercero a la Ordenanza 319 de 2021, estableciendo que la empresa industrial y comercial del Estado constituida en virtud de lo autorizado por dicha ordenanza estar\u00eda exenta de los impuestos y estampillas departamentales actuales y futuras. Adem\u00e1s, se realiza una modificaci\u00f3n del art\u00edculo 27, aclarando que la Sociedad de Econom\u00eda Mixta Bol\u00edvar S.A.S. se transformar\u00eda en una Empresa de Servicios P\u00fablicos Mixta.<\/em><\/span><\/p>\n<p><span style=\"color: #0000ff;\"><em>En la lectura del articulado, la diputada <strong>Sof\u00eda Ricardo<\/strong> (ASI) sugiri\u00f3 que se leyera solo el t\u00edtulo de los art\u00edculos pues el contenido ya era conocido por los diputados. Se aprob\u00f3 una proposici\u00f3n de la diputada <strong>Viviana Villalobos<\/strong> (Cambio Radical) para realizar un receso de 5 minutos.<\/em><\/span><\/p>\n<p><span style=\"color: #0000ff;\"><em>Tras el receso, se aprobaron tres proposiciones de la diputada <strong>Sof\u00eda Ricardo<\/strong> (ASI); la primera, elimina el art\u00edculo 19 del proyecto, el cual buscaba autorizar al Gobernador de Bol\u00edvar para establecer, mediante acto administrativo, los procedimientos necesarios para la incorporaci\u00f3n y homologaci\u00f3n en el Plan de Desarrollo 2024-2027, al considerarse inconstitucional por otorgar facultades que la Asamblea no puede conceder.<\/em><\/span><\/p>\n<p><span style=\"color: #0000ff;\"><em>La segunda modifica el art\u00edculo 20, eliminando la expresi\u00f3n \u00abtodos los recursos\u00bb. La tercera adiciona al art\u00edculo 25 la expresi\u00f3n \u00aby conforme a lo establecido en las leyes correspondientes\u00bb. El diputado <strong>Jos\u00e9 Garc\u00eda<\/strong> (Liberal) sugiri\u00f3 votar las modificaciones al mismo tiempo que el articulado.<\/em><\/span><\/p>\n<p><span style=\"color: #0000ff;\"><em>Al ser sometido a consideraci\u00f3n el t\u00edtulo, pre\u00e1mbulo y articulado, fueron aprobados, por lo que el proyecto qued\u00f3 en espera de la sanci\u00f3n del Gobernador para convertirse en Ordenanza departamental y as\u00ed implementar el Plan de Desarrollo.<\/em><\/span><\/p>\n<p><span style=\"color: #0000ff;\"><em>La Secretar\u00eda de Planeaci\u00f3n, <strong>Susana Puerta<\/strong>, agradeci\u00f3 el trabajo de los diputados al estudiar y aprobar el Plan de Desarrollo e invit\u00f3 a seguir trabajando juntos por el bien de los habitantes de Bol\u00edvar. Los diputados <strong>Karen Cure<\/strong> (Cambio Radical) y <strong>Luis Ballestas <\/strong>(Conservador) felicitaron a la presidenta de la Comisi\u00f3n del Plan, <strong>Sof\u00eda Ricardo<\/strong>, y a los funcionarios de la Gobernaci\u00f3n por el trabajo realizado. La diputada <strong>Ricardo <\/strong>(ASI) expres\u00f3 que el proceso hab\u00eda sido participativo y agradeci\u00f3 el trabajo realizado por la Administraci\u00f3n.<\/em><\/span><\/p>\n<p><span style=\"color: #0000ff;\"><em>El diputado <strong>Zaith Adechine<\/strong> (Movimiento de Salvaci\u00f3n Nacional) expres\u00f3 agradecimiento pues la Administraci\u00f3n estuvo abierta a escuchar las solicitudes de los diputados. Adem\u00e1s, realiz\u00f3 una proposici\u00f3n, que fue aprobada un\u00e1nimemente, adicionada por los diputados <strong>Juan Mej\u00eda <\/strong>(Conservador) y <strong>Alonso del R\u00edo <\/strong>(Conservador) para exhortar al Gobierno departamental para que la Asamblea sea considerada en las mesas de trabajo que se est\u00e9n pensando con la situaci\u00f3n de los peajes de Turbaco, Clemencia, Ballestas y Ceballos.<\/em><\/span><\/p>\n<p>&nbsp;<\/p>\n","protected":false},"excerpt":{"rendered":"<p>Cartagena de Indias, 28 de mayo de 2024.- Los 14 diputados de la Asamblea de Bol\u00edvar aprobaron por decisi\u00f3n un\u00e1nime el Plan de Desarrollo \u00abBol\u00edvar me enamora\u00bb 2024-2027, presentado por el gobernador Yamil Arana Padau\u00ed. Seg\u00fan el Observatorio a la Asamblea de Funcicar, as\u00ed se desarroll\u00f3 la sesi\u00f3n de este lunes 27 de mayo, donde se aprob\u00f3 el proyecto de ordenanza: En el informe de ponencia se se\u00f1al\u00f3 que el texto aprobado en primer debate en comisi\u00f3n contiene la supresi\u00f3n del art\u00edculo 23, el cual a\u00f1ad\u00eda un par\u00e1grafo tercero a&#8230; <\/p>\n","protected":false},"author":3,"featured_media":53838,"comment_status":"closed","ping_status":"closed","sticky":false,"template":"","format":"standard","meta":{"footnotes":"","_links_to":"","_links_to_target":""},"categories":[28,1450,4],"tags":[176,73,285,298,583],"class_list":["post-53837","post","type-post","status-publish","format-standard","has-post-thumbnail","hentry","category-politica-asamblea","category-parasladers","category-politica","tag-asamblea-departamental","tag-bolivar","tag-destacada","tag-politica","tag-yamil-arana"],"_links":{"self":[{"href":"https:\/\/revistazetta.com\/index.php?rest_route=\/wp\/v2\/posts\/53837","targetHints":{"allow":["GET"]}}],"collection":[{"href":"https:\/\/revistazetta.com\/index.php?rest_route=\/wp\/v2\/posts"}],"about":[{"href":"https:\/\/revistazetta.com\/index.php?rest_route=\/wp\/v2\/types\/post"}],"author":[{"embeddable":true,"href":"https:\/\/revistazetta.com\/index.php?rest_route=\/wp\/v2\/users\/3"}],"replies":[{"embeddable":true,"href":"https:\/\/revistazetta.com\/index.php?rest_route=%2Fwp%2Fv2%2Fcomments&post=53837"}],"version-history":[{"count":0,"href":"https:\/\/revistazetta.com\/index.php?rest_route=\/wp\/v2\/posts\/53837\/revisions"}],"wp:featuredmedia":[{"embeddable":true,"href":"https:\/\/revistazetta.com\/index.php?rest_route=\/wp\/v2\/media\/53838"}],"wp:attachment":[{"href":"https:\/\/revistazetta.com\/index.php?rest_route=%2Fwp%2Fv2%2Fmedia&parent=53837"}],"wp:term":[{"taxonomy":"category","embeddable":true,"href":"https:\/\/revistazetta.com\/index.php?rest_route=%2Fwp%2Fv2%2Fcategories&post=53837"},{"taxonomy":"post_tag","embeddable":true,"href":"https:\/\/revistazetta.com\/index.php?rest_route=%2Fwp%2Fv2%2Ftags&post=53837"}],"curies":[{"name":"wp","href":"https:\/\/api.w.org\/{rel}","templated":true}]}}