{"id":53946,"date":"2024-06-13T10:06:26","date_gmt":"2024-06-13T15:06:26","guid":{"rendered":"https:\/\/revistazetta.com\/?p=53946"},"modified":"2024-06-13T10:06:26","modified_gmt":"2024-06-13T15:06:26","slug":"suspension-de-exportaciones-de-carbon-a-israel-afecta-economia-de-colombia-en-mas-de-2-1-billones-senador-lidio-garcia","status":"publish","type":"post","link":"https:\/\/revistazetta.com\/?p=53946","title":{"rendered":"Suspensi\u00f3n de exportaciones de carb\u00f3n a Israel afecta econom\u00eda de Colombia en m\u00e1s de $2.1 billones: Senador Lidio Garc\u00eda"},"content":{"rendered":"<p><b>Bogot\u00e1, 13 de junio de 2024.- <\/b>La decisi\u00f3n del gobierno nacional de suspender las exportaciones de carb\u00f3n a Israel representa un duro golpe a la econom\u00eda nacional conceptu\u00f3 el senador Lidio Garc\u00eda Turbay, presidente de la comisi\u00f3n de Relaciones Internacionales del Senado de de la Rep\u00fablica.<\/p>\n<p>Esta decisi\u00f3n agranda el hueco fiscal del pa\u00eds en $2.1 billones de pesos, mientras que Israel<span class=\"Apple-converted-space\">\u00a0 <\/span>no se perjudica porque tiene el camino expedito para encontrar otro proveedor en el competido mercado internacional, indic\u00f3 el legislador bolivarense.<\/p>\n<p>Garc\u00eda Turbay propuso un debate al nuevo ministro de Comercio Exterior, Luis Carlos Reyes, para que explique las consecuencias de esa decisi\u00f3n y las alternativas de Colombia para mitigar esa repentina p\u00e9rdida de exportaciones.<\/p>\n<p>El senador liberal Garc\u00eda Turbay record\u00f3 que mediante un comunicado plante\u00f3 que si Colombia es un pa\u00eds de paz, no puede parcializarse en favor de una de las partes en conflicto en el caso de Israsel y Palestina, sino propiciar que cesen las hostilidades.<\/p>\n","protected":false},"excerpt":{"rendered":"<p>Bogot\u00e1, 13 de junio de 2024.- La decisi\u00f3n del gobierno nacional de suspender las exportaciones de carb\u00f3n a Israel representa un duro golpe a la econom\u00eda nacional conceptu\u00f3 el senador Lidio Garc\u00eda Turbay, presidente de la comisi\u00f3n de Relaciones Internacionales del Senado de de la Rep\u00fablica. Esta decisi\u00f3n agranda el hueco fiscal del pa\u00eds en $2.1 billones de pesos, mientras que Israel\u00a0 no se perjudica porque tiene el camino expedito para encontrar otro proveedor en el competido mercado internacional, indic\u00f3 el legislador bolivarense. Garc\u00eda Turbay propuso un debate al nuevo&#8230; <\/p>\n","protected":false},"author":3,"featured_media":53947,"comment_status":"closed","ping_status":"closed","sticky":false,"template":"","format":"standard","meta":{"footnotes":"","_links_to":"","_links_to_target":""},"categories":[1450,4,82],"tags":[2105,285,2057,448,2058,298,234],"class_list":["post-53946","post","type-post","status-publish","format-standard","has-post-thumbnail","hentry","category-parasladers","category-politica","category-senado","tag-carbon","tag-destacada","tag-israel","tag-lidio-garcia","tag-palestina","tag-politica","tag-senado"],"_links":{"self":[{"href":"https:\/\/revistazetta.com\/index.php?rest_route=\/wp\/v2\/posts\/53946","targetHints":{"allow":["GET"]}}],"collection":[{"href":"https:\/\/revistazetta.com\/index.php?rest_route=\/wp\/v2\/posts"}],"about":[{"href":"https:\/\/revistazetta.com\/index.php?rest_route=\/wp\/v2\/types\/post"}],"author":[{"embeddable":true,"href":"https:\/\/revistazetta.com\/index.php?rest_route=\/wp\/v2\/users\/3"}],"replies":[{"embeddable":true,"href":"https:\/\/revistazetta.com\/index.php?rest_route=%2Fwp%2Fv2%2Fcomments&post=53946"}],"version-history":[{"count":0,"href":"https:\/\/revistazetta.com\/index.php?rest_route=\/wp\/v2\/posts\/53946\/revisions"}],"wp:featuredmedia":[{"embeddable":true,"href":"https:\/\/revistazetta.com\/index.php?rest_route=\/wp\/v2\/media\/53947"}],"wp:attachment":[{"href":"https:\/\/revistazetta.com\/index.php?rest_route=%2Fwp%2Fv2%2Fmedia&parent=53946"}],"wp:term":[{"taxonomy":"category","embeddable":true,"href":"https:\/\/revistazetta.com\/index.php?rest_route=%2Fwp%2Fv2%2Fcategories&post=53946"},{"taxonomy":"post_tag","embeddable":true,"href":"https:\/\/revistazetta.com\/index.php?rest_route=%2Fwp%2Fv2%2Ftags&post=53946"}],"curies":[{"name":"wp","href":"https:\/\/api.w.org\/{rel}","templated":true}]}}