{"id":54034,"date":"2024-06-28T09:08:35","date_gmt":"2024-06-28T14:08:35","guid":{"rendered":"https:\/\/revistazetta.com\/?p=54034"},"modified":"2024-06-28T09:08:35","modified_gmt":"2024-06-28T14:08:35","slug":"valorizacion-distrital-actualiza-su-estatuto","status":"publish","type":"post","link":"https:\/\/revistazetta.com\/?p=54034","title":{"rendered":"Valorizaci\u00f3n Distrital actualiza su estatuto"},"content":{"rendered":"<p><strong>Cartagena de Indias, 28 de junio de 2024.-<\/strong> El Departamento Administrativo de Valorizaci\u00f3n Distrital (DAVD) present\u00f3 un proyecto de acuerdo para actualizar el Estatuto vigente de dicha contribuci\u00f3n, con el objetivo de reactivarlo como fuente de financiaci\u00f3n y herramienta tributaria para proyectos de crecimiento urban\u00edsticos para algunas de las obras contempladas en el Plan de Desarrollo 2024-2027 \u201cCartagena Ciudad de Derechos\u201d.<\/p>\n<p>Para la elaboraci\u00f3n rigurosa del proyecto de acuerdo, que se radic\u00f3 el pasado mi\u00e9rcoles 19 de junio en el Concejo, Valorizaci\u00f3n Distrital conform\u00f3 un grupo interdisciplinario de profesionales. Este equipo, liderado por el director de Valorizaci\u00f3n, Rafael Morales, asesorado por un abogado especialista en derecho tributario, trabaj\u00f3 en colaboraci\u00f3n con las Subdirecciones T\u00e9cnica, Financiera y Jur\u00eddica del Departamento Administrativo de Valorizaci\u00f3n.<\/p>\n<p>Cabe destacar que se realizaron numerosas mesas de trabajo internas y externas entre febrero y abril, en las cuales se fue construyendo el articulado del proyecto de acuerdo. Estas mesas involucraron a diversos actores tanto de Cartagena como a nivel nacional, enriqueciendo el proyecto con aportes de expertos en el tema de la valorizaci\u00f3n, tales como USAID, la Direcci\u00f3n de Impuestos Distritales de la Secretar\u00eda de Hacienda, y la Direcci\u00f3n de Apoyo Fiscal del Ministerio de Hacienda, entre otros.<\/p>\n<p>El proyecto de acuerdo incluye varias novedades, como una actualizaci\u00f3n con principios del sistema tributario para una correcta interpretaci\u00f3n y aplicaci\u00f3n del nuevo estatuto. Adem\u00e1s, se precisan las competencias de los actores dentro del proceso de contribuci\u00f3n y se elimina el cobro por la expedici\u00f3n de paz y salvo, atendiendo lo establecido en la Ley 2052 de 2020, \u201cDe Simplificaci\u00f3n de Tr\u00e1mites\u201d.<\/p>\n<p>Tambi\u00e9n se actualizan los procedimientos conforme al C\u00f3digo de Procedimiento Administrativo y de lo Contencioso Administrativo. Este proyecto pretende destrabar casi 20 a\u00f1os de desactualizaci\u00f3n normativa, ya que el estatuto vigente no ha sido modificado desde su creaci\u00f3n por el Acuerdo 010 de 2005 del Concejo. Rafael Morales, director del Departamento Administrativo de Valorizaci\u00f3n Distrital, explic\u00f3: \u201cCon la evoluci\u00f3n jur\u00eddica y normativa de todos estos a\u00f1os, los aspectos estructurales del estatuto vigente necesitan ser modificados por dos razones fundamentales: carencias en la estructuraci\u00f3n t\u00e9cnica del tributo y la necesidad de actualizaci\u00f3n normativa de cara a otras normas que le son concordantes\u201d. Morales a\u00f1adi\u00f3: \u201cDe ser aprobado por el Concejo, con esta actualizaci\u00f3n se puede volver a contar con una fuente importante de financiaci\u00f3n de obras del actual Plan de Desarrollo, y as\u00ed el Distrito contar\u00e1 con m\u00e1s alternativas de recursos para cumplirle a la ciudad con mega obras de infraestructura de toda \u00edndole y otros compromisos ambiciosos con la gente\u201d. De esta manera, el Departamento Administrativo de Valorizaci\u00f3n busca ser protagonista del desarrollo del Distrito a trav\u00e9s del cumplimiento de sus funciones misionales.<\/p>\n<p>*Fin del comunicado #1.257*<\/p>\n","protected":false},"excerpt":{"rendered":"<p>Cartagena de Indias, 28 de junio de 2024.- El Departamento Administrativo de Valorizaci\u00f3n Distrital (DAVD) present\u00f3 un proyecto de acuerdo para actualizar el Estatuto vigente de dicha contribuci\u00f3n, con el objetivo de reactivarlo como fuente de financiaci\u00f3n y herramienta tributaria para proyectos de crecimiento urban\u00edsticos para algunas de las obras contempladas en el Plan de Desarrollo 2024-2027 \u201cCartagena Ciudad de Derechos\u201d. Para la elaboraci\u00f3n rigurosa del proyecto de acuerdo, que se radic\u00f3 el pasado mi\u00e9rcoles 19 de junio en el Concejo, Valorizaci\u00f3n Distrital conform\u00f3 un grupo interdisciplinario de profesionales. Este&#8230; <\/p>\n","protected":false},"author":3,"featured_media":54035,"comment_status":"closed","ping_status":"closed","sticky":false,"template":"","format":"standard","meta":{"footnotes":"","_links_to":"","_links_to_target":""},"categories":[85,1450,32],"tags":[111,285,296,363],"class_list":["post-54034","post","type-post","status-publish","format-standard","has-post-thumbnail","hentry","category-cartagena","category-parasladers","category-actualidad-distrito","tag-cartagena","tag-destacada","tag-distrito","tag-valorizacion-distrital"],"_links":{"self":[{"href":"https:\/\/revistazetta.com\/index.php?rest_route=\/wp\/v2\/posts\/54034","targetHints":{"allow":["GET"]}}],"collection":[{"href":"https:\/\/revistazetta.com\/index.php?rest_route=\/wp\/v2\/posts"}],"about":[{"href":"https:\/\/revistazetta.com\/index.php?rest_route=\/wp\/v2\/types\/post"}],"author":[{"embeddable":true,"href":"https:\/\/revistazetta.com\/index.php?rest_route=\/wp\/v2\/users\/3"}],"replies":[{"embeddable":true,"href":"https:\/\/revistazetta.com\/index.php?rest_route=%2Fwp%2Fv2%2Fcomments&post=54034"}],"version-history":[{"count":0,"href":"https:\/\/revistazetta.com\/index.php?rest_route=\/wp\/v2\/posts\/54034\/revisions"}],"wp:featuredmedia":[{"embeddable":true,"href":"https:\/\/revistazetta.com\/index.php?rest_route=\/wp\/v2\/media\/54035"}],"wp:attachment":[{"href":"https:\/\/revistazetta.com\/index.php?rest_route=%2Fwp%2Fv2%2Fmedia&parent=54034"}],"wp:term":[{"taxonomy":"category","embeddable":true,"href":"https:\/\/revistazetta.com\/index.php?rest_route=%2Fwp%2Fv2%2Fcategories&post=54034"},{"taxonomy":"post_tag","embeddable":true,"href":"https:\/\/revistazetta.com\/index.php?rest_route=%2Fwp%2Fv2%2Ftags&post=54034"}],"curies":[{"name":"wp","href":"https:\/\/api.w.org\/{rel}","templated":true}]}}