{"id":54036,"date":"2024-06-29T10:57:16","date_gmt":"2024-06-29T15:57:16","guid":{"rendered":"https:\/\/revistazetta.com\/?p=54036"},"modified":"2024-06-29T19:39:45","modified_gmt":"2024-06-30T00:39:45","slug":"aguas-de-cartagena-gana-por-tercera-vez-el-premio-adesco-a-la-sostenibilidad","status":"publish","type":"post","link":"https:\/\/revistazetta.com\/?p=54036","title":{"rendered":"Aguas de Cartagena gana por tercera vez el premio Andesco a la sostenibilidad"},"content":{"rendered":"<p><span style=\"font-weight: 400\"><strong>Cartagena de Indias 29 de junio de 2024.<\/strong> En sus 29 a\u00f1os de gesti\u00f3n empresarial, Aguas de Cartagena ha obtenido simult\u00e1neamente, y por tercera ocasi\u00f3n, el Gran Premio Andesco a la Sostenibilidad y un reconocimiento adicional en la categor\u00eda \u00abEntorno Ambiental\u00bb por sus buenas pr\u00e1cticas para promover la transformaci\u00f3n ecol\u00f3gica.<\/span><\/p>\n<p><span style=\"font-weight: 400\">En esta oportunidad, Acuacar particip\u00f3 en la categor\u00eda de mediana empresa con los siguientes programas y proyectos:<\/span><\/p>\n<p><span style=\"font-weight: 400\">Colaboradores: Conciliaci\u00f3n Familiar + Productividad: La f\u00f3rmula de la sostenibilidad de Acuacar.<\/span><\/p>\n<p><span style=\"font-weight: 400\">Gobernanza: Integraci\u00f3n Veolia &#8211; Acuacar: Un prop\u00f3sito global que inspira la transformaci\u00f3n ecol\u00f3gica local.<\/span><\/p>\n<p><span style=\"font-weight: 400\">Mercado: Zonas digitales de autogesti\u00f3n integrales e inclusivas: Transformando el servicio.<\/span><\/p>\n<p><span style=\"font-weight: 400\">Ambiental: Transforma tu huella en el camino hacia la sostenibilidad.<\/span><\/p>\n<p><span style=\"font-weight: 400\">Social: La liga de la sostenibilidad: Separar nos une.<\/span><\/p>\n<p><span style=\"font-weight: 400\">Categor\u00eda Especial 2025 (Equidad de G\u00e9nero): Caudales de Diversidad e Inclusi\u00f3n: Pioneras de la transformaci\u00f3n.<\/span><\/p>\n<p><span style=\"font-weight: 400\">Todos estos proyectos fueron considerados por el comit\u00e9 evaluador a la hora de seleccionar a Acuacar como la empresa ganadora del Gran Premio Andesco por la sostenibilidad.<\/span><\/p>\n<p><span style=\"font-weight: 400\">Adicionalmente, Acuacar recibi\u00f3 un reconocimiento especial en el entorno ambiental con el programa \u201cTransforma tu Huella\u201d, encaminado a promover la descarbonizaci\u00f3n y la transformaci\u00f3n ecol\u00f3gica de Cartagena a trav\u00e9s de m\u00faltiples acciones ambientales que d\u00eda a d\u00eda est\u00e1n disminuyendo la huella de carbono en la ciudad.<\/span><\/p>\n<p><span style=\"font-weight: 400\">Estos galardones fueron recibidos por el gerente general de Aguas de Cartagena, Manuel Vicente Barrera, y la alcaldesa encargada de Cartagena, Maria Patricia Porras, en el marco del Congreso de Andesco en su edici\u00f3n 19 &#8211; 2024, que agrupa a m\u00e1s de 600 empresas de servicios p\u00fablicos domiciliarios y de comunicaciones de Colombia, clausurado el 28 de junio de 2024 en el centro de convenciones Las Am\u00e9ricas de Cartagena.<\/span><\/p>\n","protected":false},"excerpt":{"rendered":"<p>Cartagena de Indias 29 de junio de 2024. En sus 29 a\u00f1os de gesti\u00f3n empresarial, Aguas de Cartagena ha obtenido simult\u00e1neamente, y por tercera ocasi\u00f3n, el Gran Premio Andesco a la Sostenibilidad y un reconocimiento adicional en la categor\u00eda \u00abEntorno Ambiental\u00bb por sus buenas pr\u00e1cticas para promover la transformaci\u00f3n ecol\u00f3gica. En esta oportunidad, Acuacar particip\u00f3 en la categor\u00eda de mediana empresa con los siguientes programas y proyectos: Colaboradores: Conciliaci\u00f3n Familiar + Productividad: La f\u00f3rmula de la sostenibilidad de Acuacar. Gobernanza: Integraci\u00f3n Veolia &#8211; Acuacar: Un prop\u00f3sito global que inspira la&#8230; <\/p>\n","protected":false},"author":6,"featured_media":54041,"comment_status":"closed","ping_status":"closed","sticky":false,"template":"","format":"standard","meta":{"footnotes":"","_links_to":"","_links_to_target":""},"categories":[2,1450,50],"tags":[386,111,285,306],"class_list":["post-54036","post","type-post","status-publish","format-standard","has-post-thumbnail","hentry","category-actualidad","category-parasladers","category-empresa","tag-aguas-de-cartagena","tag-cartagena","tag-destacada","tag-empresa"],"_links":{"self":[{"href":"https:\/\/revistazetta.com\/index.php?rest_route=\/wp\/v2\/posts\/54036","targetHints":{"allow":["GET"]}}],"collection":[{"href":"https:\/\/revistazetta.com\/index.php?rest_route=\/wp\/v2\/posts"}],"about":[{"href":"https:\/\/revistazetta.com\/index.php?rest_route=\/wp\/v2\/types\/post"}],"author":[{"embeddable":true,"href":"https:\/\/revistazetta.com\/index.php?rest_route=\/wp\/v2\/users\/6"}],"replies":[{"embeddable":true,"href":"https:\/\/revistazetta.com\/index.php?rest_route=%2Fwp%2Fv2%2Fcomments&post=54036"}],"version-history":[{"count":0,"href":"https:\/\/revistazetta.com\/index.php?rest_route=\/wp\/v2\/posts\/54036\/revisions"}],"wp:featuredmedia":[{"embeddable":true,"href":"https:\/\/revistazetta.com\/index.php?rest_route=\/wp\/v2\/media\/54041"}],"wp:attachment":[{"href":"https:\/\/revistazetta.com\/index.php?rest_route=%2Fwp%2Fv2%2Fmedia&parent=54036"}],"wp:term":[{"taxonomy":"category","embeddable":true,"href":"https:\/\/revistazetta.com\/index.php?rest_route=%2Fwp%2Fv2%2Fcategories&post=54036"},{"taxonomy":"post_tag","embeddable":true,"href":"https:\/\/revistazetta.com\/index.php?rest_route=%2Fwp%2Fv2%2Ftags&post=54036"}],"curies":[{"name":"wp","href":"https:\/\/api.w.org\/{rel}","templated":true}]}}