{"id":5411,"date":"2015-04-06T22:44:44","date_gmt":"2015-04-07T03:44:44","guid":{"rendered":"http:\/\/www.revistazetta.com\/?p=5411"},"modified":"2015-04-06T22:44:44","modified_gmt":"2015-04-07T03:44:44","slug":"asamblea-fijo-que-8-de-14-curules-se-renovaran","status":"publish","type":"post","link":"https:\/\/revistazetta.com\/?p=5411","title":{"rendered":"Asamblea: fijo que 8 de 14 curules se renovar\u00e1n"},"content":{"rendered":"<div id=\"attachment_5414\" style=\"width: 250px\" class=\"wp-caption alignleft\"><a href=\"https:\/\/www.revistazetta.com\/wp-content\/uploads\/2015\/04\/Andr\u00e9s-Ricaurte-Armesto-9.jpg\"><img loading=\"lazy\" decoding=\"async\" aria-describedby=\"caption-attachment-5414\" class=\"wp-image-5414 size-medium\" src=\"https:\/\/www.revistazetta.com\/wp-content\/uploads\/2015\/04\/Andr\u00e9s-Ricaurte-Armesto-9-240x300.jpg\" alt=\"Andr\u00e9s Ricaurte Armesto 9\" width=\"240\" height=\"300\" srcset=\"https:\/\/revistazetta.com\/wp-content\/uploads\/2015\/04\/Andr\u00e9s-Ricaurte-Armesto-9-240x300.jpg 240w, https:\/\/revistazetta.com\/wp-content\/uploads\/2015\/04\/Andr\u00e9s-Ricaurte-Armesto-9.jpg 480w\" sizes=\"auto, (max-width: 240px) 100vw, 240px\" \/><\/a><p id=\"caption-attachment-5414\" class=\"wp-caption-text\">Andr\u00e9s Ricaurte<\/p><\/div>\n<div id=\"attachment_5415\" style=\"width: 250px\" class=\"wp-caption alignright\"><a href=\"https:\/\/www.revistazetta.com\/wp-content\/uploads\/2015\/04\/Carlos-F\u00e9liz-Monsalve-9.jpg\"><img loading=\"lazy\" decoding=\"async\" aria-describedby=\"caption-attachment-5415\" class=\"wp-image-5415 size-medium\" src=\"https:\/\/www.revistazetta.com\/wp-content\/uploads\/2015\/04\/Carlos-F\u00e9liz-Monsalve-9-240x300.jpg\" alt=\"Carlos F\u00e9liz Monsalve 9\" width=\"240\" height=\"300\" srcset=\"https:\/\/revistazetta.com\/wp-content\/uploads\/2015\/04\/Carlos-F\u00e9liz-Monsalve-9-240x300.jpg 240w, https:\/\/revistazetta.com\/wp-content\/uploads\/2015\/04\/Carlos-F\u00e9liz-Monsalve-9.jpg 480w\" sizes=\"auto, (max-width: 240px) 100vw, 240px\" \/><\/a><p id=\"caption-attachment-5415\" class=\"wp-caption-text\">Carlos F\u00e9liz<\/p><\/div>\n<div id=\"attachment_5416\" style=\"width: 250px\" class=\"wp-caption alignleft\"><a href=\"https:\/\/www.revistazetta.com\/wp-content\/uploads\/2015\/04\/Colombia-Adu\u00e9n-9.jpg\"><img loading=\"lazy\" decoding=\"async\" aria-describedby=\"caption-attachment-5416\" class=\"wp-image-5416 size-medium\" src=\"https:\/\/www.revistazetta.com\/wp-content\/uploads\/2015\/04\/Colombia-Adu\u00e9n-9-240x300.jpg\" alt=\"Colombia Adu\u00e9n 9\" width=\"240\" height=\"300\" srcset=\"https:\/\/revistazetta.com\/wp-content\/uploads\/2015\/04\/Colombia-Adu\u00e9n-9-240x300.jpg 240w, https:\/\/revistazetta.com\/wp-content\/uploads\/2015\/04\/Colombia-Adu\u00e9n-9.jpg 480w\" sizes=\"auto, (max-width: 240px) 100vw, 240px\" \/><\/a><p id=\"caption-attachment-5416\" class=\"wp-caption-text\">Colombia Adu\u00e9n<\/p><\/div>\n<div id=\"attachment_5417\" style=\"width: 250px\" class=\"wp-caption alignleft\"><a href=\"https:\/\/www.revistazetta.com\/wp-content\/uploads\/2015\/04\/Emilia-Rosa-L\u00f3pez-9.jpg\"><img loading=\"lazy\" decoding=\"async\" aria-describedby=\"caption-attachment-5417\" class=\"wp-image-5417 size-medium\" src=\"https:\/\/www.revistazetta.com\/wp-content\/uploads\/2015\/04\/Emilia-Rosa-L\u00f3pez-9-240x300.jpg\" alt=\"Emilia Rosa L\u00f3pez 9\" width=\"240\" height=\"300\" srcset=\"https:\/\/revistazetta.com\/wp-content\/uploads\/2015\/04\/Emilia-Rosa-L\u00f3pez-9-240x300.jpg 240w, https:\/\/revistazetta.com\/wp-content\/uploads\/2015\/04\/Emilia-Rosa-L\u00f3pez-9.jpg 480w\" sizes=\"auto, (max-width: 240px) 100vw, 240px\" \/><\/a><p id=\"caption-attachment-5417\" class=\"wp-caption-text\">Emilia Rosa L\u00f3pez<\/p><\/div>\n<div id=\"attachment_5418\" style=\"width: 250px\" class=\"wp-caption alignright\"><a href=\"https:\/\/www.revistazetta.com\/wp-content\/uploads\/2015\/04\/Jos\u00e9-F\u00e9lix-Garc\u00eda-9.jpg\"><img loading=\"lazy\" decoding=\"async\" aria-describedby=\"caption-attachment-5418\" class=\"wp-image-5418 size-medium\" src=\"https:\/\/www.revistazetta.com\/wp-content\/uploads\/2015\/04\/Jos\u00e9-F\u00e9lix-Garc\u00eda-9-240x300.jpg\" alt=\"Jos\u00e9 F\u00e9lix Garc\u00eda 9\" width=\"240\" height=\"300\" srcset=\"https:\/\/revistazetta.com\/wp-content\/uploads\/2015\/04\/Jos\u00e9-F\u00e9lix-Garc\u00eda-9-240x300.jpg 240w, https:\/\/revistazetta.com\/wp-content\/uploads\/2015\/04\/Jos\u00e9-F\u00e9lix-Garc\u00eda-9.jpg 480w\" sizes=\"auto, (max-width: 240px) 100vw, 240px\" \/><\/a><p id=\"caption-attachment-5418\" class=\"wp-caption-text\">Jos\u00e9 F\u00e9lix Garc\u00eda<\/p><\/div>\n<div id=\"attachment_5419\" style=\"width: 250px\" class=\"wp-caption alignright\"><a href=\"https:\/\/www.revistazetta.com\/wp-content\/uploads\/2015\/04\/Jos\u00e9-Utria-9.jpg\"><img loading=\"lazy\" decoding=\"async\" aria-describedby=\"caption-attachment-5419\" class=\"wp-image-5419 size-medium\" src=\"https:\/\/www.revistazetta.com\/wp-content\/uploads\/2015\/04\/Jos\u00e9-Utria-9-240x300.jpg\" alt=\"Jos\u00e9 Utria 9\" width=\"240\" height=\"300\" srcset=\"https:\/\/revistazetta.com\/wp-content\/uploads\/2015\/04\/Jos\u00e9-Utria-9-240x300.jpg 240w, https:\/\/revistazetta.com\/wp-content\/uploads\/2015\/04\/Jos\u00e9-Utria-9.jpg 480w\" sizes=\"auto, (max-width: 240px) 100vw, 240px\" \/><\/a><p id=\"caption-attachment-5419\" class=\"wp-caption-text\">Jos\u00e9 Utria<\/p><\/div>\n<div id=\"attachment_5420\" style=\"width: 250px\" class=\"wp-caption alignright\"><a href=\"https:\/\/www.revistazetta.com\/wp-content\/uploads\/2015\/04\/Norbey-Torres-9.jpg\"><img loading=\"lazy\" decoding=\"async\" aria-describedby=\"caption-attachment-5420\" class=\"wp-image-5420 size-medium\" src=\"https:\/\/www.revistazetta.com\/wp-content\/uploads\/2015\/04\/Norbey-Torres-9-240x300.jpg\" alt=\"Norbey Torres 9\" width=\"240\" height=\"300\" srcset=\"https:\/\/revistazetta.com\/wp-content\/uploads\/2015\/04\/Norbey-Torres-9-240x300.jpg 240w, https:\/\/revistazetta.com\/wp-content\/uploads\/2015\/04\/Norbey-Torres-9.jpg 480w\" sizes=\"auto, (max-width: 240px) 100vw, 240px\" \/><\/a><p id=\"caption-attachment-5420\" class=\"wp-caption-text\">Norbey Torres<\/p><\/div>\n<div id=\"attachment_5421\" style=\"width: 250px\" class=\"wp-caption alignleft\"><a href=\"https:\/\/www.revistazetta.com\/wp-content\/uploads\/2015\/04\/Sigifredo-Tapia-9.jpg\"><img loading=\"lazy\" decoding=\"async\" aria-describedby=\"caption-attachment-5421\" class=\"wp-image-5421 size-medium\" src=\"https:\/\/www.revistazetta.com\/wp-content\/uploads\/2015\/04\/Sigifredo-Tapia-9-240x300.jpg\" alt=\"Sigifredo Tapia 9\" width=\"240\" height=\"300\" srcset=\"https:\/\/revistazetta.com\/wp-content\/uploads\/2015\/04\/Sigifredo-Tapia-9-240x300.jpg 240w, https:\/\/revistazetta.com\/wp-content\/uploads\/2015\/04\/Sigifredo-Tapia-9.jpg 480w\" sizes=\"auto, (max-width: 240px) 100vw, 240px\" \/><\/a><p id=\"caption-attachment-5421\" class=\"wp-caption-text\">Sigifredo Tapia<\/p><\/div>\n<p>La elecci\u00f3n de la nueva Asamblea Departamental de Bol\u00edvar promete ser mucho m\u00e1s re\u00f1ida que otros comicios pues ocho de los actuales diputados no se presentar\u00e1n a la reelecci\u00f3n.<\/p>\n<p>Eso garantiza que ser\u00e1n, al menos, ocho los nuevos rostros de esta corporaci\u00f3n, y que los seis diputados que buscar\u00e1n la reelecci\u00f3n deber\u00e1n confirmar sus curules en las urnas. Es decir, podr\u00edan ser nueve o m\u00e1s tales rostros.<\/p>\n<p>Esta perspectiva ocasiona que los grupos pol\u00edticos contemplen este espacio como un \u00e1rea de consolidaci\u00f3n de sus proyectos a largo plazo. Pensar en un par de curules abre la posibilidad m\u00e1s clara para futuros proyectos de C\u00e1mara y Senado, en el permanente reacomodo de las fuerzas con cada elecci\u00f3n.<\/p>\n<p>Adem\u00e1s, llegar con fuerza a esta corporaci\u00f3n es mucho m\u00e1s atractivo ahora que la Gobernaci\u00f3n de Bol\u00edvar est\u00e1 libre de la ley 550 y que, adem\u00e1s, un nuevo r\u00e9gimen de Regal\u00edas incrementa notablemente el presupuesto y las posibilidades de ejecutar m\u00e1s y mejores proyectos en la provincia.<\/p>\n<p>Es decir, el juego pol\u00edtico es mucho m\u00e1s amplio y la capacidad decisoria de la Asamblea ser\u00e1 mucho m\u00e1s evidente.<\/p>\n<p>&nbsp;<\/p>\n<p><strong>El panorama de los que no aspiran<\/strong><\/p>\n<p>Diversas razones han llevado a ocho de los actuales diputados a tomar la decisi\u00f3n de no aspirar a la reelecci\u00f3n.<\/p>\n<p>Carlos F\u00e9liz Monsalve. El hecho de que su hermano Mario F\u00e9liz Monsalve siga como Contralor Distrital de Cartagena le gener\u00f3 una inhabilidad insalvable, tanto para aspirar a la Asamblea como a la Gobernaci\u00f3n \u2013que era su real voluntad- y a cualquier otro cargo de elecci\u00f3n. Por ello dedicar\u00e1 sus energ\u00edas al proyecto de Concejo se Erich Pi\u00f1a Monsalve y la campa\u00f1a de Dumek Turbay a la Gobernaci\u00f3n.<\/p>\n<p>Colombia Adu\u00e9n Bray. Es la decana de las mujeres que participan en pol\u00edtica, con m\u00e1s de 15 a\u00f1os en la Asamblea Departamental. Considera que ha cumplido un ciclo y que es hora de entregar la posta, por lo que se dedicar\u00e1 a contribuir para que su hijo Carlos Fern\u00e1ndez Adu\u00e9n resulte elegido diputado.<\/p>\n<p>Emilia Rosa L\u00f3pez Romero. Su llegada a la Asamblea obedeci\u00f3 a una decisi\u00f3n de grupo pol\u00edtico, en el seno del partido PIN \u2013ahora Opci\u00f3n Ciudadana-. Es hermana de la empresaria Enilse L\u00f3pez y la diputada ciertamente no se ha acomodado al estilo de trabajo corporativo. Este grupo llevar\u00e1 otra candidatura.<\/p>\n<p>Norbey Torres. El dirigente del sur de Bol\u00edvar pondr\u00e1 su nombre a consideraci\u00f3n de la ciudadan\u00eda de Cantagallo como candidato a la Alcald\u00eda. Considera que su municipio requiere una rectificaci\u00f3n del rumbo y por ello luchar\u00e1 ese espacio.<\/p>\n<p>Jos\u00e9 Utria. Es uno de los principales dirigentes del grupo que orienta el actual candidato a la Alcald\u00eda de Cartagena William Garc\u00eda Tirado y es una decisi\u00f3n que dedique todos sus esfuerzos a este proyecto, por lo que dejar\u00e1 el campo libre para esta curul de Cambio Radical.<\/p>\n<p>Sigifredo Tapia. Luego de consultar con las bases de su grupo, que mayoritariamente se asientan en Arjona, el diputado ha decidido luchar por la Alcald\u00eda de su municipio. Ser\u00e1 otra curul de Cambio Radical que quedar\u00e1 disponible, mientras el dirigente espera que los arjoneros lo respalden.<\/p>\n<p>Jos\u00e9 F\u00e9lix Garc\u00eda Turbay. Tiene el prop\u00f3sito de presentar su nombre para el Concejo de Cartagena, y se le ha visto metido de lleno en los barrios construyendo su proyecto pol\u00edtico. Los votos que tiene en la provincia los aportar\u00e1 a una campa\u00f1a con la que est\u00e1 en di\u00e1logo y en breve anunciar\u00e1.<\/p>\n<p>Andr\u00e9s Ricaurte Armesto. Es el gran decano de la Asamblea con m\u00e1s de 30 a\u00f1os en dicha corporaci\u00f3n, de la que ha sido presidente en varias ocasiones. Trabajar\u00e1 para que su hijo Frank Ricaurte logre esta curul, tarea que conoce detalladamente el oven dirigente pues acompa\u00f1a en todo momento a su padre en la gesti\u00f3n pol\u00edtica.<\/p>\n<p>&nbsp;<\/p>\n","protected":false},"excerpt":{"rendered":"<p>La elecci\u00f3n de la nueva Asamblea Departamental de Bol\u00edvar promete ser mucho m\u00e1s re\u00f1ida que otros comicios pues ocho de los actuales diputados no se presentar\u00e1n a la reelecci\u00f3n. Eso garantiza que ser\u00e1n, al menos, ocho los nuevos rostros de esta corporaci\u00f3n, y que los seis diputados que buscar\u00e1n la reelecci\u00f3n deber\u00e1n confirmar sus curules en las urnas. Es decir, podr\u00edan ser nueve o m\u00e1s tales rostros. Esta perspectiva ocasiona que los grupos pol\u00edticos contemplen este espacio como un \u00e1rea de consolidaci\u00f3n de sus proyectos a largo plazo. Pensar en&#8230; <\/p>\n","protected":false},"author":3,"featured_media":5412,"comment_status":"open","ping_status":"closed","sticky":false,"template":"","format":"standard","meta":{"footnotes":"","_links_to":"","_links_to_target":""},"categories":[28,4],"tags":[],"class_list":["post-5411","post","type-post","status-publish","format-standard","has-post-thumbnail","hentry","category-politica-asamblea","category-politica"],"_links":{"self":[{"href":"https:\/\/revistazetta.com\/index.php?rest_route=\/wp\/v2\/posts\/5411","targetHints":{"allow":["GET"]}}],"collection":[{"href":"https:\/\/revistazetta.com\/index.php?rest_route=\/wp\/v2\/posts"}],"about":[{"href":"https:\/\/revistazetta.com\/index.php?rest_route=\/wp\/v2\/types\/post"}],"author":[{"embeddable":true,"href":"https:\/\/revistazetta.com\/index.php?rest_route=\/wp\/v2\/users\/3"}],"replies":[{"embeddable":true,"href":"https:\/\/revistazetta.com\/index.php?rest_route=%2Fwp%2Fv2%2Fcomments&post=5411"}],"version-history":[{"count":0,"href":"https:\/\/revistazetta.com\/index.php?rest_route=\/wp\/v2\/posts\/5411\/revisions"}],"wp:featuredmedia":[{"embeddable":true,"href":"https:\/\/revistazetta.com\/index.php?rest_route=\/wp\/v2\/media\/5412"}],"wp:attachment":[{"href":"https:\/\/revistazetta.com\/index.php?rest_route=%2Fwp%2Fv2%2Fmedia&parent=5411"}],"wp:term":[{"taxonomy":"category","embeddable":true,"href":"https:\/\/revistazetta.com\/index.php?rest_route=%2Fwp%2Fv2%2Fcategories&post=5411"},{"taxonomy":"post_tag","embeddable":true,"href":"https:\/\/revistazetta.com\/index.php?rest_route=%2Fwp%2Fv2%2Ftags&post=5411"}],"curies":[{"name":"wp","href":"https:\/\/api.w.org\/{rel}","templated":true}]}}