{"id":54133,"date":"2024-07-26T10:43:47","date_gmt":"2024-07-26T15:43:47","guid":{"rendered":"https:\/\/revistazetta.com\/?p=54133"},"modified":"2024-07-26T10:43:47","modified_gmt":"2024-07-26T15:43:47","slug":"nadia-blel-preside-el-partido-conservador-con-firmeza-ni-constituyente-ni-fast-track-ni-nada-que-ponga-en-riesgo-la-democracia-colombiana","status":"publish","type":"post","link":"https:\/\/revistazetta.com\/?p=54133","title":{"rendered":"Nadia Blel preside el Partido Conservador con firmeza: Ni constituyente, ni \u201cfast track\u201d ni nada que ponga en riesgo la democracia colombiana"},"content":{"rendered":"<p><strong>Cartagena de Indias, 26 de julio de 2024.-<\/strong> La primera mujer en presidir el Partido Conservador en 175 inici\u00f3 su mandato con firmeza: le dijo \u00abno\u00bb a la Asamblea Constituyente, al \u00abfast track\u00bb y a todo aquello que represente un riesgo para la democracia colombiana.<\/p>\n<p>Es Nadia Blel Scaff, una cartagenera que lleg\u00f3 hace diez a\u00f1os al Senado, que ha liderado importantes leyes, y que ha llevado a su grupo pol\u00edtico a lograr la mayor votaci\u00f3n para el Congreso, la mayor\u00eda de las curules para C\u00e1mara de Representantes, el control de la Gobernaci\u00f3n de Bol\u00edvar, y un liderazgo inobjetable para la mujer en la pol\u00edtica colombiana.<\/p>\n<p><img loading=\"lazy\" decoding=\"async\" class=\"alignnone size-medium wp-image-54135\" src=\"https:\/\/revistazetta.com\/wp-content\/uploads\/2024\/07\/Nadia-presidenta-PC-2-498x333.jpg\" alt=\"\" width=\"498\" height=\"333\" srcset=\"https:\/\/revistazetta.com\/wp-content\/uploads\/2024\/07\/Nadia-presidenta-PC-2-498x333.jpg 498w, https:\/\/revistazetta.com\/wp-content\/uploads\/2024\/07\/Nadia-presidenta-PC-2-1024x684.jpg 1024w, https:\/\/revistazetta.com\/wp-content\/uploads\/2024\/07\/Nadia-presidenta-PC-2-242x162.jpg 242w, https:\/\/revistazetta.com\/wp-content\/uploads\/2024\/07\/Nadia-presidenta-PC-2-1536x1027.jpg 1536w, https:\/\/revistazetta.com\/wp-content\/uploads\/2024\/07\/Nadia-presidenta-PC-2-2048x1369.jpg 2048w\" sizes=\"auto, (max-width: 498px) 100vw, 498px\" \/><\/p>\n<p><span lang=\"ES-TRAD\" xml:lang=\"ES-TRAD\">Durante el encuentro Program\u00e1tico del Partido Conservador que se realiza en la ciudad de Cartagena de Indias, se nombr\u00f3 la nueva mesa directiva de la colectividad, en medio de la presencia de toda la bancada conservadora compuesta por congresistas, diputados, alcaldes y asamble\u00edstas<\/span>, as\u00ed:<\/p>\n<p>DIRECTORIO NACIONAL CONSERVADOR 2024<\/p>\n<p>CONGRESISTAS:<\/p>\n<p>SENADO: en orden de votaci\u00f3n<\/p>\n<p>1. Liliana Bitar<\/p>\n<p>2. Oscar Barreto<\/p>\n<p>3. Liliana Benavides<\/p>\n<p>4. Mauricio Giraldo<\/p>\n<p>CAMARA DE REPRESENTANTES: en orden de votaci\u00f3n<\/p>\n<p>Por departamentos grandes:<\/p>\n<p>1. Antioquia: Andr\u00e9s Felipe Jim\u00e9nez<\/p>\n<p>2. Bol\u00edvar: Andr\u00e9s Guillermo Montes<\/p>\n<p>Por departamentos medianos:<\/p>\n<p>3. C\u00f3rdoba: Nicol\u00e1s Antonio Barguil<\/p>\n<p>Por departamentos peque\u00f1os:<\/p>\n<p>4. Guaviare: Jorge Alexander Quevedo<\/p>\n<p>CONSENSO<\/p>\n<p>NOTABLES:<\/p>\n<p>1. Luis Karol Le\u00f3n Vargas<\/p>\n<p>2. Juan Camilo Fuentes Pumarejo<\/p>\n<p>3. Gabriel de Jes\u00fas Moreno Guerrero<\/p>\n<p>4. Jos\u00e9 Gregorio Correa Y\u00e1\u00f1ez<\/p>\n<p>JOVENES<\/p>\n<p>1. Juan Camilo C\u00e1rdenas Luna<\/p>\n<p>2. Maria Cristina Eljach<\/p>\n<p>3. Nicol\u00e1s Raham G\u00f3mez Calder\u00f3n<\/p>\n<p>MUJERES<\/p>\n<p>1. Blanca Oliva Cardona Hincapi\u00e9<\/p>\n<p>2. Luz Marina Campo Vives<\/p>\n<p>3. Patricia Ram\u00edrez Duque<\/p>\n<p>ETNIAS<\/p>\n<p>1. Wladimiro C\u00f3rdoba Copete<\/p>\n<p>DELEGADOS DE DIRECTORIOS<\/p>\n<p>Departamentales:<\/p>\n<p>1. Carlos Luis Chac\u00f3n Contreras<\/p>\n<p>Distritales:<\/p>\n<p>2. Jhonatan Andr\u00e9s Taborda G\u00f3mez<\/p>\n<p><img loading=\"lazy\" decoding=\"async\" class=\"alignnone size-medium wp-image-54136\" src=\"https:\/\/revistazetta.com\/wp-content\/uploads\/2024\/07\/Nadia-presidenta-PC-3-498x333.jpg\" alt=\"\" width=\"498\" height=\"333\" srcset=\"https:\/\/revistazetta.com\/wp-content\/uploads\/2024\/07\/Nadia-presidenta-PC-3-498x333.jpg 498w, https:\/\/revistazetta.com\/wp-content\/uploads\/2024\/07\/Nadia-presidenta-PC-3-1024x684.jpg 1024w, https:\/\/revistazetta.com\/wp-content\/uploads\/2024\/07\/Nadia-presidenta-PC-3-242x162.jpg 242w, https:\/\/revistazetta.com\/wp-content\/uploads\/2024\/07\/Nadia-presidenta-PC-3-1536x1027.jpg 1536w, https:\/\/revistazetta.com\/wp-content\/uploads\/2024\/07\/Nadia-presidenta-PC-3-2048x1369.jpg 2048w\" sizes=\"auto, (max-width: 498px) 100vw, 498px\" \/><\/p>\n<p><strong>Una mujer al mando<\/strong><\/p>\n<p><span lang=\"ES-TRAD\" xml:lang=\"ES-TRAD\">N<strong>adia Blel expres\u00f3 que \u201cquiero agradecer al Partido Conservador la generosidad de entregarme su confianza para conducir los destinos de nuestra colectividad en un momento significativo, no solo porque cumplimos 175 a\u00f1os, sino porque nuestro pa\u00eds atraviesa por un momento donde se requiere m\u00e1s que nunca lucidez pol\u00edtica<\/strong>. Pero, sobre todo, mucho sentido de patria, asumo esta dignidad que ustedes me entregan hoy, con enorme responsabilidad y compromiso con los ideales conservadores\u201d.<\/span><\/p>\n<p><span lang=\"ES-TRAD\" xml:lang=\"ES-TRAD\">Agreg\u00f3 que \u201ctambi\u00e9n como un reconocimiento a millones de mujeres que hacen realidad en su vida cotidiana los valores, los principios en los que creemos y defendemos y por cuya vigencia trabajamos a diario. Mujeres que luchan por mejores ingresos, mujeres que luchan por sus familias, por sus hijos para sacarlos de la violencia y del microtr\u00e1fico\u201d.<\/span><\/p>\n<p><span lang=\"ES-TRAD\" xml:lang=\"ES-TRAD\">Indic\u00f3, adem\u00e1s, que \u201cmujeres que luchan por mejores oportunidades de empleo, que buscan romper esas barreras y esos obst\u00e1culos que injustamente nos ha puesto una sociedad que todav\u00eda hoy desconoce nuestros derechos. Es a ellas a quienes quiero dedicar esta dignidad, en la que por primera vez lleva una mujer y quiero decirles a ellas que ser\u00e9 su vocera y liderar\u00e9 sus preocupaciones, pero que tambi\u00e9n ser\u00e9 su compa\u00f1era de luchas porque no est\u00e1n solas y a partir de ahora cuentan con una presidenta liderando el Partido Conservador\u201d.<\/span><\/p>\n<p><img loading=\"lazy\" decoding=\"async\" class=\"alignnone size-medium wp-image-54137\" src=\"https:\/\/revistazetta.com\/wp-content\/uploads\/2024\/07\/Nadia-presidenta-PC-8-498x333.jpg\" alt=\"\" width=\"498\" height=\"333\" srcset=\"https:\/\/revistazetta.com\/wp-content\/uploads\/2024\/07\/Nadia-presidenta-PC-8-498x333.jpg 498w, https:\/\/revistazetta.com\/wp-content\/uploads\/2024\/07\/Nadia-presidenta-PC-8-1024x684.jpg 1024w, https:\/\/revistazetta.com\/wp-content\/uploads\/2024\/07\/Nadia-presidenta-PC-8-242x162.jpg 242w, https:\/\/revistazetta.com\/wp-content\/uploads\/2024\/07\/Nadia-presidenta-PC-8-1536x1027.jpg 1536w, https:\/\/revistazetta.com\/wp-content\/uploads\/2024\/07\/Nadia-presidenta-PC-8-2048x1369.jpg 2048w\" sizes=\"auto, (max-width: 498px) 100vw, 498px\" \/><\/p>\n<p><span lang=\"ES-TRAD\" xml:lang=\"ES-TRAD\">Al respecto el presidente del Senado, Efra\u00edn Cepeda, dijo <strong>\u201cno puedo empezar de otra forma que agradeciendo a mi partido por el honor y la responsabilidad que me concedieron al ser postulado y elegido por unanimidad como presidente del Congreso de la Rep\u00fablica, pueden estar seguros que llevaremos en alto nuestras banderas conservadoras. Aunado al voto de confianza que el pasado 15 de febrero del 2023 me otorg\u00f3 este Directorio Nacional para dirigir a nuestra colectividad en tiempos de grandes desaf\u00edos.<\/strong> El d\u00eda de hoy tengo sentimientos encontrados, siento un profundo orgullo por lo que en equipo con el Directorio Nacional, la bancada conservadora y toda la militancia. Pudimos hacer para posicionar a toda nuestra colectividad, devolverle la dignidad al Partido Conservador y lo posicionamos hoy como la primera fuerza de centro derecha de Colombia\u201d.<\/span><\/p>\n<p><span lang=\"ES-TRAD\" xml:lang=\"ES-TRAD\">Posteriormente sostuvo que \u201csiento tambi\u00e9n una gran responsabilidad al asumir por segunda vez la presidencia de una de las tres ramas del poder, encargada de promover la institucionalidad y fortalecer la democracia. Desde la presidencia del congreso he jurado que defender\u00e9 los principios, las tesis el ideario del Partido Conservador colombiano y en eso no me tiembla la mano\u201d.<\/span><\/p>\n<p><img loading=\"lazy\" decoding=\"async\" class=\"alignnone size-medium wp-image-54138\" src=\"https:\/\/revistazetta.com\/wp-content\/uploads\/2024\/07\/Fincho-1-498x333.jpg\" alt=\"\" width=\"498\" height=\"333\" srcset=\"https:\/\/revistazetta.com\/wp-content\/uploads\/2024\/07\/Fincho-1-498x333.jpg 498w, https:\/\/revistazetta.com\/wp-content\/uploads\/2024\/07\/Fincho-1-1024x684.jpg 1024w, https:\/\/revistazetta.com\/wp-content\/uploads\/2024\/07\/Fincho-1-242x162.jpg 242w, https:\/\/revistazetta.com\/wp-content\/uploads\/2024\/07\/Fincho-1-1536x1027.jpg 1536w, https:\/\/revistazetta.com\/wp-content\/uploads\/2024\/07\/Fincho-1-2048x1369.jpg 2048w\" sizes=\"auto, (max-width: 498px) 100vw, 498px\" \/><\/p>\n<p><span lang=\"ES-TRAD\" xml:lang=\"ES-TRAD\">Advirti\u00f3 que \u201cdurante un a\u00f1o y cinco meses, tuve como premisa trabajar con firmeza y coherencia, para reivindicar a este Partido de 175 a\u00f1os de historia, que si bien es cierto atraves\u00f3 por duros momentos, hoy podemos ver con la frente en alto a los colombianos porque nuestras actuaciones han sido coherentes y porque recuperamos el rumbo. Fue escuch\u00e1ndolos a todos ustedes en nuestras giras por las regiones, como pudimos evidenciar el sentir conservador, darnos cuenta que el Partido de Caro y Ospina tiene mucho presente, pero, sobre todo, mucho futuro\u201d.<\/span><\/p>\n<p><span lang=\"ES-TRAD\" xml:lang=\"ES-TRAD\">A\u00f1adi\u00f3 que \u201cdescubrimos nuevos liderazgos, que quer\u00edan sentir el acompa\u00f1amiento de la colectividad para atreverse a hacer eso que nos caracteriza a los conservadores: Servirle a nuestro pa\u00eds. Cerca de 13.000 colombianos eligieron al Partido Conservador en medio de 36 Partidos Pol\u00edticos, como su promotor en las elecciones territoriales del 2023, a todos esos militantes gracias por confiar en nuestro partido. Los resultados nos llenan de optimismo y orgullo, puesto que tenemos m\u00e1s de 200 alcaldes, es decir el 20% de las alcald\u00edas del pa\u00eds, 1.800 concejales, 61 diputados y 5 gobernadores en Colombia son Conservadores y somos la primera fuerza de Centro Derecha del Pa\u00eds\u201d.<\/span><\/p>\n<h2><strong><span lang=\"ES-TRAD\" xml:lang=\"ES-TRAD\">En una nueva direcci\u00f3n<\/span><\/strong><\/h2>\n<p><span lang=\"ES-TRAD\" xml:lang=\"ES-TRAD\">Cepeda recalc\u00f3 que \u201cno nos ha temblado la voz, para dar los debates en favor de nuestra gente y mucho menos para oponernos a lo que consideramos que es improvisado, carente de argumentos y peligroso para la estabilidad de Colombia, por esa raz\u00f3n decidimos convertirnos en una bancada independiente que no negocia sus principios ni recalcula por intereses particulares\u201d.<\/span><\/p>\n<p><span lang=\"ES-TRAD\" xml:lang=\"ES-TRAD\">Asimismo, se\u00f1al\u00f3 que \u201ccon plena convicci\u00f3n y la vocaci\u00f3n de poder que nos mantiene en permanencia en el escenario pol\u00edtico, promovimos una agenda que, con el apoyo de la academia, nos permitiera establecer los temas principales que se convertir\u00e1n en la plataforma program\u00e1tica de cara a las elecciones de Congreso y presidencia de la Rep\u00fablica del a\u00f1o 2026. En esta tarea: Visitamos 9 Departamentos, encuestamos m\u00e1s de 1.500 militantes, escuchamos m\u00e1s de 80 Intervenciones, realizamos 150 talleres con l\u00edderes y bases regionales del Partido. \u00a1Qu\u00e9 importante ejercicio democr\u00e1tico y participativo! Tuvimos resultados que nos recargan y reafirman que estamos del lado correcto de la historia, como, por ejemplo, que hoy el 92% de la militancia tiene una opini\u00f3n favorable del Directorio Nacional\u201d.<\/span><\/p>\n<p><span lang=\"ES-TRAD\" xml:lang=\"ES-TRAD\">Del mismo modo, asever\u00f3 que \u201cla metodolog\u00eda que planteamos para este proyecto, legitima la oportunidad que tenemos todos los aqu\u00ed presentes para transformar nuestros territorios, para conocer de primera mano las necesidades de nuestra gente y trazar soluciones viables. T<strong>rabajaremos de manera conjunta para sacar adelante la hoja de ruta de nuestra colectividad y llegaremos a los territorios con propuestas v\u00e1lidas, Con las conclusiones de esta jornada no hay lugar a improvisaciones\u201d.<\/strong><\/span><\/p>\n<p><span lang=\"ES-TRAD\" xml:lang=\"ES-TRAD\">De igual manera, agreg\u00f3 que \u201cagradezco infinitamente a todos los que aceptaron la invitaci\u00f3n para participar de esta jornada de trabajo, estoy seguro que con ustedes podremos concluir la primera fase de este proyecto denominado \u201cColombia en Orden\u201d, que evocar\u00e1 las l\u00edneas de trabajo, porque estamos llamados a promover a la familia, la seguridad, las instituciones, el medio ambiente, los servicios p\u00fablicos y en general, a enaltecer los criterios Conservadores\u201d.<\/span><\/p>\n<p><span lang=\"ES-TRAD\" xml:lang=\"ES-TRAD\">Finalmente, recalc\u00f3 que \u201cno me quiero extender, porque este encuentro ser\u00e1 trascendental en la historia pol\u00edtica contempor\u00e1nea de nuestra Colectividad y, a partir de ahora ustedes son los protagonistas de este espacio, dise\u00f1ado para escuchar, dialogar y construir en medio de las posibles diferencias, pero siempre con el talante democr\u00e1tico y la altura que caracteriza a un buen conservador\u201d.<\/span><\/p>\n<p>&nbsp;<\/p>\n","protected":false},"excerpt":{"rendered":"<p>Cartagena de Indias, 26 de julio de 2024.- La primera mujer en presidir el Partido Conservador en 175 inici\u00f3 su mandato con firmeza: le dijo \u00abno\u00bb a la Asamblea Constituyente, al \u00abfast track\u00bb y a todo aquello que represente un riesgo para la democracia colombiana. Es Nadia Blel Scaff, una cartagenera que lleg\u00f3 hace diez a\u00f1os al Senado, que ha liderado importantes leyes, y que ha llevado a su grupo pol\u00edtico a lograr la mayor votaci\u00f3n para el Congreso, la mayor\u00eda de las curules para C\u00e1mara de Representantes, el control&#8230; <\/p>\n","protected":false},"author":3,"featured_media":54134,"comment_status":"closed","ping_status":"closed","sticky":false,"template":"","format":"standard","meta":{"footnotes":"","_links_to":"","_links_to_target":""},"categories":[1450,287,4],"tags":[285,313,219,454,298],"class_list":["post-54133","post","type-post","status-publish","format-standard","has-post-thumbnail","hentry","category-parasladers","category-nacional","category-politica","tag-destacada","tag-nacional","tag-nadia-blel","tag-partido-conservador","tag-politica"],"_links":{"self":[{"href":"https:\/\/revistazetta.com\/index.php?rest_route=\/wp\/v2\/posts\/54133","targetHints":{"allow":["GET"]}}],"collection":[{"href":"https:\/\/revistazetta.com\/index.php?rest_route=\/wp\/v2\/posts"}],"about":[{"href":"https:\/\/revistazetta.com\/index.php?rest_route=\/wp\/v2\/types\/post"}],"author":[{"embeddable":true,"href":"https:\/\/revistazetta.com\/index.php?rest_route=\/wp\/v2\/users\/3"}],"replies":[{"embeddable":true,"href":"https:\/\/revistazetta.com\/index.php?rest_route=%2Fwp%2Fv2%2Fcomments&post=54133"}],"version-history":[{"count":0,"href":"https:\/\/revistazetta.com\/index.php?rest_route=\/wp\/v2\/posts\/54133\/revisions"}],"wp:featuredmedia":[{"embeddable":true,"href":"https:\/\/revistazetta.com\/index.php?rest_route=\/wp\/v2\/media\/54134"}],"wp:attachment":[{"href":"https:\/\/revistazetta.com\/index.php?rest_route=%2Fwp%2Fv2%2Fmedia&parent=54133"}],"wp:term":[{"taxonomy":"category","embeddable":true,"href":"https:\/\/revistazetta.com\/index.php?rest_route=%2Fwp%2Fv2%2Fcategories&post=54133"},{"taxonomy":"post_tag","embeddable":true,"href":"https:\/\/revistazetta.com\/index.php?rest_route=%2Fwp%2Fv2%2Ftags&post=54133"}],"curies":[{"name":"wp","href":"https:\/\/api.w.org\/{rel}","templated":true}]}}