{"id":54139,"date":"2024-07-26T10:50:26","date_gmt":"2024-07-26T15:50:26","guid":{"rendered":"https:\/\/revistazetta.com\/?p=54139"},"modified":"2024-07-26T10:59:05","modified_gmt":"2024-07-26T15:59:05","slug":"galeria-nadia-blel-asumio-la-presidencia-del-partido-conservador","status":"publish","type":"post","link":"https:\/\/revistazetta.com\/?p=54139","title":{"rendered":"Galer\u00eda: Nadia Blel asumi\u00f3 la presidencia del Partido Conservador"},"content":{"rendered":"<p><strong>Cartagena de Indias, 25 de julio de 2024.-<\/strong> La senadora cartagena Nadia Blel Scaff se convirtri\u00f3 en la primera mujer en 175 a\u00f1os en presidir el Partido Conservador, durante el <span lang=\"ES-TRAD\" xml:lang=\"ES-TRAD\">encuentro Program\u00e1tico realizado en Cartagena de Indias, donde nombr\u00f3 la nueva mesa directiva de la colectividad, en medio de la presencia de toda la bancada conservadora compuesta por congresistas, diputados, alcaldes y asamble\u00edstas.<\/span><\/p>\n<p>El ojo de nuestro director John Zamora capt\u00f3 la presencia de dirigentes y militantes conservadores, as\u00ed como de personalidades de otros partidos que acudieron como invitados.<\/p>\n<div id=\"attachment_54135\" style=\"width: 508px\" class=\"wp-caption alignnone\"><img loading=\"lazy\" decoding=\"async\" aria-describedby=\"caption-attachment-54135\" class=\"wp-image-54135 size-medium\" src=\"https:\/\/revistazetta.com\/wp-content\/uploads\/2024\/07\/Nadia-presidenta-PC-2-498x333.jpg\" alt=\"\" width=\"498\" height=\"333\" srcset=\"https:\/\/revistazetta.com\/wp-content\/uploads\/2024\/07\/Nadia-presidenta-PC-2-498x333.jpg 498w, https:\/\/revistazetta.com\/wp-content\/uploads\/2024\/07\/Nadia-presidenta-PC-2-1024x684.jpg 1024w, https:\/\/revistazetta.com\/wp-content\/uploads\/2024\/07\/Nadia-presidenta-PC-2-242x162.jpg 242w, https:\/\/revistazetta.com\/wp-content\/uploads\/2024\/07\/Nadia-presidenta-PC-2-1536x1027.jpg 1536w, https:\/\/revistazetta.com\/wp-content\/uploads\/2024\/07\/Nadia-presidenta-PC-2-2048x1369.jpg 2048w\" sizes=\"auto, (max-width: 498px) 100vw, 498px\" \/><p id=\"caption-attachment-54135\" class=\"wp-caption-text\">Senadora Nadia Blel Scaff, presidenta del Partido Conservador.<\/p><\/div>\n<div id=\"attachment_54137\" style=\"width: 508px\" class=\"wp-caption alignnone\"><img loading=\"lazy\" decoding=\"async\" aria-describedby=\"caption-attachment-54137\" class=\"wp-image-54137 size-medium\" src=\"https:\/\/revistazetta.com\/wp-content\/uploads\/2024\/07\/Nadia-presidenta-PC-8-498x333.jpg\" alt=\"\" width=\"498\" height=\"333\" srcset=\"https:\/\/revistazetta.com\/wp-content\/uploads\/2024\/07\/Nadia-presidenta-PC-8-498x333.jpg 498w, https:\/\/revistazetta.com\/wp-content\/uploads\/2024\/07\/Nadia-presidenta-PC-8-1024x684.jpg 1024w, https:\/\/revistazetta.com\/wp-content\/uploads\/2024\/07\/Nadia-presidenta-PC-8-242x162.jpg 242w, https:\/\/revistazetta.com\/wp-content\/uploads\/2024\/07\/Nadia-presidenta-PC-8-1536x1027.jpg 1536w, https:\/\/revistazetta.com\/wp-content\/uploads\/2024\/07\/Nadia-presidenta-PC-8-2048x1369.jpg 2048w\" sizes=\"auto, (max-width: 498px) 100vw, 498px\" \/><p id=\"caption-attachment-54137\" class=\"wp-caption-text\">Senador Efra\u00edn Cepeda toma el juramento a su sucesora en la Presidencia del Partido Conservador.<\/p><\/div>\n<div id=\"attachment_54136\" style=\"width: 508px\" class=\"wp-caption alignnone\"><img loading=\"lazy\" decoding=\"async\" aria-describedby=\"caption-attachment-54136\" class=\"wp-image-54136 size-medium\" src=\"https:\/\/revistazetta.com\/wp-content\/uploads\/2024\/07\/Nadia-presidenta-PC-3-498x333.jpg\" alt=\"\" width=\"498\" height=\"333\" srcset=\"https:\/\/revistazetta.com\/wp-content\/uploads\/2024\/07\/Nadia-presidenta-PC-3-498x333.jpg 498w, https:\/\/revistazetta.com\/wp-content\/uploads\/2024\/07\/Nadia-presidenta-PC-3-1024x684.jpg 1024w, https:\/\/revistazetta.com\/wp-content\/uploads\/2024\/07\/Nadia-presidenta-PC-3-242x162.jpg 242w, https:\/\/revistazetta.com\/wp-content\/uploads\/2024\/07\/Nadia-presidenta-PC-3-1536x1027.jpg 1536w, https:\/\/revistazetta.com\/wp-content\/uploads\/2024\/07\/Nadia-presidenta-PC-3-2048x1369.jpg 2048w\" sizes=\"auto, (max-width: 498px) 100vw, 498px\" \/><p id=\"caption-attachment-54136\" class=\"wp-caption-text\">Directiva del Partido Conservador.<\/p><\/div>\n<div id=\"attachment_54146\" style=\"width: 508px\" class=\"wp-caption alignnone\"><img loading=\"lazy\" decoding=\"async\" aria-describedby=\"caption-attachment-54146\" class=\"wp-image-54146 size-medium\" src=\"https:\/\/revistazetta.com\/wp-content\/uploads\/2024\/07\/Conser-4-498x333.jpg\" alt=\"\" width=\"498\" height=\"333\" srcset=\"https:\/\/revistazetta.com\/wp-content\/uploads\/2024\/07\/Conser-4-498x333.jpg 498w, https:\/\/revistazetta.com\/wp-content\/uploads\/2024\/07\/Conser-4-1024x684.jpg 1024w, https:\/\/revistazetta.com\/wp-content\/uploads\/2024\/07\/Conser-4-242x162.jpg 242w, https:\/\/revistazetta.com\/wp-content\/uploads\/2024\/07\/Conser-4-1536x1027.jpg 1536w, https:\/\/revistazetta.com\/wp-content\/uploads\/2024\/07\/Conser-4-2048x1369.jpg 2048w\" sizes=\"auto, (max-width: 498px) 100vw, 498px\" \/><p id=\"caption-attachment-54146\" class=\"wp-caption-text\">Representante Andr\u00e9s Montes y su familia.<\/p><\/div>\n<div id=\"attachment_54145\" style=\"width: 508px\" class=\"wp-caption alignnone\"><img loading=\"lazy\" decoding=\"async\" aria-describedby=\"caption-attachment-54145\" class=\"wp-image-54145 size-medium\" src=\"https:\/\/revistazetta.com\/wp-content\/uploads\/2024\/07\/Conser-3-498x333.jpg\" alt=\"\" width=\"498\" height=\"333\" srcset=\"https:\/\/revistazetta.com\/wp-content\/uploads\/2024\/07\/Conser-3-498x333.jpg 498w, https:\/\/revistazetta.com\/wp-content\/uploads\/2024\/07\/Conser-3-1024x684.jpg 1024w, https:\/\/revistazetta.com\/wp-content\/uploads\/2024\/07\/Conser-3-242x162.jpg 242w, https:\/\/revistazetta.com\/wp-content\/uploads\/2024\/07\/Conser-3-1536x1027.jpg 1536w, https:\/\/revistazetta.com\/wp-content\/uploads\/2024\/07\/Conser-3-2048x1369.jpg 2048w\" sizes=\"auto, (max-width: 498px) 100vw, 498px\" \/><p id=\"caption-attachment-54145\" class=\"wp-caption-text\">Diputado LuisRo Ballestas.<\/p><\/div>\n<div id=\"attachment_54144\" style=\"width: 508px\" class=\"wp-caption alignnone\"><img loading=\"lazy\" decoding=\"async\" aria-describedby=\"caption-attachment-54144\" class=\"wp-image-54144 size-medium\" src=\"https:\/\/revistazetta.com\/wp-content\/uploads\/2024\/07\/Conser-2-498x333.jpg\" alt=\"\" width=\"498\" height=\"333\" srcset=\"https:\/\/revistazetta.com\/wp-content\/uploads\/2024\/07\/Conser-2-498x333.jpg 498w, https:\/\/revistazetta.com\/wp-content\/uploads\/2024\/07\/Conser-2-1024x684.jpg 1024w, https:\/\/revistazetta.com\/wp-content\/uploads\/2024\/07\/Conser-2-242x162.jpg 242w, https:\/\/revistazetta.com\/wp-content\/uploads\/2024\/07\/Conser-2-1536x1027.jpg 1536w, https:\/\/revistazetta.com\/wp-content\/uploads\/2024\/07\/Conser-2-2048x1369.jpg 2048w\" sizes=\"auto, (max-width: 498px) 100vw, 498px\" \/><p id=\"caption-attachment-54144\" class=\"wp-caption-text\">Diputado Eugenio Mart\u00ednez, presidente del Concejo de Cartagena, David Caballero, y concejal Rafael Meza P\u00e9rez.<\/p><\/div>\n<div id=\"attachment_54143\" style=\"width: 508px\" class=\"wp-caption alignnone\"><img loading=\"lazy\" decoding=\"async\" aria-describedby=\"caption-attachment-54143\" class=\"wp-image-54143 size-medium\" src=\"https:\/\/revistazetta.com\/wp-content\/uploads\/2024\/07\/Conser-1-498x333.jpg\" alt=\"\" width=\"498\" height=\"333\" srcset=\"https:\/\/revistazetta.com\/wp-content\/uploads\/2024\/07\/Conser-1-498x333.jpg 498w, https:\/\/revistazetta.com\/wp-content\/uploads\/2024\/07\/Conser-1-1024x684.jpg 1024w, https:\/\/revistazetta.com\/wp-content\/uploads\/2024\/07\/Conser-1-242x162.jpg 242w, https:\/\/revistazetta.com\/wp-content\/uploads\/2024\/07\/Conser-1-1536x1027.jpg 1536w, https:\/\/revistazetta.com\/wp-content\/uploads\/2024\/07\/Conser-1-2048x1369.jpg 2048w\" sizes=\"auto, (max-width: 498px) 100vw, 498px\" \/><p id=\"caption-attachment-54143\" class=\"wp-caption-text\">Ex congresistas Luis Guti\u00e9rrez G\u00f3mez, El\u00edas Raad y Jos\u00e9 Mar\u00eda Imbett.<\/p><\/div>\n<div id=\"attachment_54142\" style=\"width: 508px\" class=\"wp-caption alignnone\"><img loading=\"lazy\" decoding=\"async\" aria-describedby=\"caption-attachment-54142\" class=\"wp-image-54142 size-medium\" src=\"https:\/\/revistazetta.com\/wp-content\/uploads\/2024\/07\/Laforie-498x333.jpg\" alt=\"\" width=\"498\" height=\"333\" srcset=\"https:\/\/revistazetta.com\/wp-content\/uploads\/2024\/07\/Laforie-498x333.jpg 498w, https:\/\/revistazetta.com\/wp-content\/uploads\/2024\/07\/Laforie-1024x684.jpg 1024w, https:\/\/revistazetta.com\/wp-content\/uploads\/2024\/07\/Laforie-242x162.jpg 242w, https:\/\/revistazetta.com\/wp-content\/uploads\/2024\/07\/Laforie-1536x1027.jpg 1536w, https:\/\/revistazetta.com\/wp-content\/uploads\/2024\/07\/Laforie-2048x1369.jpg 2048w\" sizes=\"auto, (max-width: 498px) 100vw, 498px\" \/><p id=\"caption-attachment-54142\" class=\"wp-caption-text\">Jos\u00e9 F\u00e9lix Lafaurie.<\/p><\/div>\n<div id=\"attachment_54141\" style=\"width: 508px\" class=\"wp-caption alignnone\"><img loading=\"lazy\" decoding=\"async\" aria-describedby=\"caption-attachment-54141\" class=\"wp-image-54141 size-medium\" src=\"https:\/\/revistazetta.com\/wp-content\/uploads\/2024\/07\/Cabrales-y-Araujo-498x333.jpg\" alt=\"\" width=\"498\" height=\"333\" srcset=\"https:\/\/revistazetta.com\/wp-content\/uploads\/2024\/07\/Cabrales-y-Araujo-498x333.jpg 498w, https:\/\/revistazetta.com\/wp-content\/uploads\/2024\/07\/Cabrales-y-Araujo-1024x684.jpg 1024w, https:\/\/revistazetta.com\/wp-content\/uploads\/2024\/07\/Cabrales-y-Araujo-242x162.jpg 242w, https:\/\/revistazetta.com\/wp-content\/uploads\/2024\/07\/Cabrales-y-Araujo-1536x1027.jpg 1536w, https:\/\/revistazetta.com\/wp-content\/uploads\/2024\/07\/Cabrales-y-Araujo-2048x1369.jpg 2048w\" sizes=\"auto, (max-width: 498px) 100vw, 498px\" \/><p id=\"caption-attachment-54141\" class=\"wp-caption-text\">El partido Centro Democr\u00e1tico tuvo la cortes\u00eda de enviar en representaci\u00f3n al senador Enrique Cabrales, acompa\u00f1ado del exsenador Fernando Nicol\u00e1s Ara\u00fajo.<\/p><\/div>\n<div id=\"attachment_54148\" style=\"width: 508px\" class=\"wp-caption alignnone\"><img loading=\"lazy\" decoding=\"async\" aria-describedby=\"caption-attachment-54148\" class=\"wp-image-54148 size-medium\" src=\"https:\/\/revistazetta.com\/wp-content\/uploads\/2024\/07\/Conser-5-498x333.jpg\" alt=\"\" width=\"498\" height=\"333\" srcset=\"https:\/\/revistazetta.com\/wp-content\/uploads\/2024\/07\/Conser-5-498x333.jpg 498w, https:\/\/revistazetta.com\/wp-content\/uploads\/2024\/07\/Conser-5-1024x684.jpg 1024w, https:\/\/revistazetta.com\/wp-content\/uploads\/2024\/07\/Conser-5-242x162.jpg 242w, https:\/\/revistazetta.com\/wp-content\/uploads\/2024\/07\/Conser-5-1536x1027.jpg 1536w, https:\/\/revistazetta.com\/wp-content\/uploads\/2024\/07\/Conser-5-2048x1369.jpg 2048w\" sizes=\"auto, (max-width: 498px) 100vw, 498px\" \/><p id=\"caption-attachment-54148\" class=\"wp-caption-text\">Cuatro conservadores de toda la vida: Orlando Ar\u00e9valo, Rafael P\u00e9rez Mart\u00ednez, Miguel Navas Meisel y Jes\u00fas Puello Chami\u00e9.<\/p><\/div>\n<div id=\"attachment_54149\" style=\"width: 508px\" class=\"wp-caption alignnone\"><img loading=\"lazy\" decoding=\"async\" aria-describedby=\"caption-attachment-54149\" class=\"wp-image-54149 size-medium\" src=\"https:\/\/revistazetta.com\/wp-content\/uploads\/2024\/07\/Conser-6-498x333.jpg\" alt=\"\" width=\"498\" height=\"333\" srcset=\"https:\/\/revistazetta.com\/wp-content\/uploads\/2024\/07\/Conser-6-498x333.jpg 498w, https:\/\/revistazetta.com\/wp-content\/uploads\/2024\/07\/Conser-6-1024x684.jpg 1024w, https:\/\/revistazetta.com\/wp-content\/uploads\/2024\/07\/Conser-6-242x162.jpg 242w, https:\/\/revistazetta.com\/wp-content\/uploads\/2024\/07\/Conser-6-1536x1027.jpg 1536w, https:\/\/revistazetta.com\/wp-content\/uploads\/2024\/07\/Conser-6-2048x1369.jpg 2048w\" sizes=\"auto, (max-width: 498px) 100vw, 498px\" \/><p id=\"caption-attachment-54149\" class=\"wp-caption-text\">Diputados Juan Mej\u00eda, David Benavides y LuisRo Ballestas.<\/p><\/div>\n<div id=\"attachment_54150\" style=\"width: 508px\" class=\"wp-caption alignnone\"><img loading=\"lazy\" decoding=\"async\" aria-describedby=\"caption-attachment-54150\" class=\"wp-image-54150 size-medium\" src=\"https:\/\/revistazetta.com\/wp-content\/uploads\/2024\/07\/Conser-7-498x333.jpg\" alt=\"\" width=\"498\" height=\"333\" srcset=\"https:\/\/revistazetta.com\/wp-content\/uploads\/2024\/07\/Conser-7-498x333.jpg 498w, https:\/\/revistazetta.com\/wp-content\/uploads\/2024\/07\/Conser-7-1024x684.jpg 1024w, https:\/\/revistazetta.com\/wp-content\/uploads\/2024\/07\/Conser-7-242x162.jpg 242w, https:\/\/revistazetta.com\/wp-content\/uploads\/2024\/07\/Conser-7-1536x1027.jpg 1536w, https:\/\/revistazetta.com\/wp-content\/uploads\/2024\/07\/Conser-7-2048x1369.jpg 2048w\" sizes=\"auto, (max-width: 498px) 100vw, 498px\" \/><p id=\"caption-attachment-54150\" class=\"wp-caption-text\">La representante Juliana Aray coloca un bot\u00f3n a uno de los asistentes.<\/p><\/div>\n<p>&nbsp;<\/p>\n","protected":false},"excerpt":{"rendered":"<p>Cartagena de Indias, 25 de julio de 2024.- La senadora cartagena Nadia Blel Scaff se convirtri\u00f3 en la primera mujer en 175 a\u00f1os en presidir el Partido Conservador, durante el encuentro Program\u00e1tico realizado en Cartagena de Indias, donde nombr\u00f3 la nueva mesa directiva de la colectividad, en medio de la presencia de toda la bancada conservadora compuesta por congresistas, diputados, alcaldes y asamble\u00edstas. El ojo de nuestro director John Zamora capt\u00f3 la presencia de dirigentes y militantes conservadores, as\u00ed como de personalidades de otros partidos que acudieron como invitados. &nbsp;<\/p>\n","protected":false},"author":3,"featured_media":54135,"comment_status":"closed","ping_status":"closed","sticky":false,"template":"","format":"standard","meta":{"footnotes":"","_links_to":"","_links_to_target":""},"categories":[1450,287,4],"tags":[285,313,219,454,298],"class_list":["post-54139","post","type-post","status-publish","format-standard","has-post-thumbnail","hentry","category-parasladers","category-nacional","category-politica","tag-destacada","tag-nacional","tag-nadia-blel","tag-partido-conservador","tag-politica"],"_links":{"self":[{"href":"https:\/\/revistazetta.com\/index.php?rest_route=\/wp\/v2\/posts\/54139","targetHints":{"allow":["GET"]}}],"collection":[{"href":"https:\/\/revistazetta.com\/index.php?rest_route=\/wp\/v2\/posts"}],"about":[{"href":"https:\/\/revistazetta.com\/index.php?rest_route=\/wp\/v2\/types\/post"}],"author":[{"embeddable":true,"href":"https:\/\/revistazetta.com\/index.php?rest_route=\/wp\/v2\/users\/3"}],"replies":[{"embeddable":true,"href":"https:\/\/revistazetta.com\/index.php?rest_route=%2Fwp%2Fv2%2Fcomments&post=54139"}],"version-history":[{"count":0,"href":"https:\/\/revistazetta.com\/index.php?rest_route=\/wp\/v2\/posts\/54139\/revisions"}],"wp:featuredmedia":[{"embeddable":true,"href":"https:\/\/revistazetta.com\/index.php?rest_route=\/wp\/v2\/media\/54135"}],"wp:attachment":[{"href":"https:\/\/revistazetta.com\/index.php?rest_route=%2Fwp%2Fv2%2Fmedia&parent=54139"}],"wp:term":[{"taxonomy":"category","embeddable":true,"href":"https:\/\/revistazetta.com\/index.php?rest_route=%2Fwp%2Fv2%2Fcategories&post=54139"},{"taxonomy":"post_tag","embeddable":true,"href":"https:\/\/revistazetta.com\/index.php?rest_route=%2Fwp%2Fv2%2Ftags&post=54139"}],"curies":[{"name":"wp","href":"https:\/\/api.w.org\/{rel}","templated":true}]}}