{"id":54283,"date":"2024-08-13T11:49:48","date_gmt":"2024-08-13T16:49:48","guid":{"rendered":"https:\/\/revistazetta.com\/?p=54283"},"modified":"2024-08-13T11:49:48","modified_gmt":"2024-08-13T16:49:48","slug":"juliana-aray-lanza-urgente-llamado-de-alerta-sobre-feminicidios-en-colombia-en-encuentro-internacional-de-lideres-latinoamericanas","status":"publish","type":"post","link":"https:\/\/revistazetta.com\/?p=54283","title":{"rendered":"Juliana Aray lanza urgente llamado de alerta sobre feminicidios en Colombia en encuentro internacional de l\u00edderes latinoamericanas"},"content":{"rendered":"<p><strong>Bogot\u00e1 D.C., Colombia.- 13 de agosto de 2024.-<\/strong> En un contundente llamado de alerta durante el Encuentro de la Red de Mujeres de la Uni\u00f3n de Partidos Latinoamericanos (UPLA) en Montevideo, la representante a la C\u00e1mara Juliana Aray destac\u00f3 la grave crisis de feminicidios en Colombia.<\/p>\n<p>De acuerdo con el Observatorio Colombiano de Feminicidios, hasta junio de 2024 se han registrado cerca de 417 feminicidios, adem\u00e1s de 2.068 casos de violencia sexual y 12.327 incidentes de maltrato, seg\u00fan datos de la Fiscal\u00eda. Estas estad\u00edsticas subrayan la magnitud del problema y la urgente necesidad de una acci\u00f3n coordinada.<\/p>\n<p>\u201cQuiero compartir una problem\u00e1tica que me preocupa profundamente en mi pa\u00eds: los feminicidios. Como regi\u00f3n latinoamericana, es vital que unamos esfuerzos y cooperemos para erradicar este flagelo de nuestros pa\u00edses. No podemos permitir que la violencia contra la mujer se normalice ni reducir los feminicidios a simples cifras\u201d, expres\u00f3 Aray.<\/p>\n<p>La representante enfatiz\u00f3 que estas cifras s\u00f3lo reflejan una parte del problema, ya que muchas v\u00edctimas no se atreven a denunciar por miedo, verg\u00fcenza y revictimizaci\u00f3n, lo que contribuye a un subregistro significativo. Aray inst\u00f3 a las delegaciones a unir esfuerzos y trabajar en conjunto en medidas efectivas e inmediatas para enfrentar esta crisis.<\/p>\n<p>El encuentro, que reuni\u00f3 a destacadas l\u00edderes pol\u00edticas y sociales de Am\u00e9rica Latina, tambi\u00e9n abord\u00f3 temas como la participaci\u00f3n pol\u00edtica de las mujeres y el bienestar de las mujeres privadas de libertad. La representante conservadora aprovech\u00f3 esta plataforma para reforzar su llamado a la acci\u00f3n, destacando la importancia de un esfuerzo conjunto para proteger los derechos de las mujeres y garantizar su seguridad.<\/p>\n<p>El llamado de alerta de Aray busca movilizar a todos los sectores para enfrentar con contundencia la violencia de g\u00e9nero en Colombia y en la regi\u00f3n, con el objetivo de generar un impacto tangible y positivo.<\/p>\n<p>La agenda internacional de la representante Juliana Aray concluy\u00f3 en Buenos Aires, Argentina, donde asisti\u00f3 al lanzamiento del programa \u201cEstemos en Tecnolog\u00eda\u201d, que busca fomentar la formaci\u00f3n en ciencia, tecnolog\u00eda, ingenier\u00eda y matem\u00e1ticas para mujeres.<\/p>\n","protected":false},"excerpt":{"rendered":"<p>Bogot\u00e1 D.C., Colombia.- 13 de agosto de 2024.- En un contundente llamado de alerta durante el Encuentro de la Red de Mujeres de la Uni\u00f3n de Partidos Latinoamericanos (UPLA) en Montevideo, la representante a la C\u00e1mara Juliana Aray destac\u00f3 la grave crisis de feminicidios en Colombia. De acuerdo con el Observatorio Colombiano de Feminicidios, hasta junio de 2024 se han registrado cerca de 417 feminicidios, adem\u00e1s de 2.068 casos de violencia sexual y 12.327 incidentes de maltrato, seg\u00fan datos de la Fiscal\u00eda. Estas estad\u00edsticas subrayan la magnitud del problema y&#8230; <\/p>\n","protected":false},"author":3,"featured_media":54284,"comment_status":"closed","ping_status":"closed","sticky":false,"template":"","format":"standard","meta":{"footnotes":"","_links_to":"","_links_to_target":""},"categories":[1450,4],"tags":[285,548,454,298],"class_list":["post-54283","post","type-post","status-publish","format-standard","has-post-thumbnail","hentry","category-parasladers","category-politica","tag-destacada","tag-juliana-aray","tag-partido-conservador","tag-politica"],"_links":{"self":[{"href":"https:\/\/revistazetta.com\/index.php?rest_route=\/wp\/v2\/posts\/54283","targetHints":{"allow":["GET"]}}],"collection":[{"href":"https:\/\/revistazetta.com\/index.php?rest_route=\/wp\/v2\/posts"}],"about":[{"href":"https:\/\/revistazetta.com\/index.php?rest_route=\/wp\/v2\/types\/post"}],"author":[{"embeddable":true,"href":"https:\/\/revistazetta.com\/index.php?rest_route=\/wp\/v2\/users\/3"}],"replies":[{"embeddable":true,"href":"https:\/\/revistazetta.com\/index.php?rest_route=%2Fwp%2Fv2%2Fcomments&post=54283"}],"version-history":[{"count":0,"href":"https:\/\/revistazetta.com\/index.php?rest_route=\/wp\/v2\/posts\/54283\/revisions"}],"wp:featuredmedia":[{"embeddable":true,"href":"https:\/\/revistazetta.com\/index.php?rest_route=\/wp\/v2\/media\/54284"}],"wp:attachment":[{"href":"https:\/\/revistazetta.com\/index.php?rest_route=%2Fwp%2Fv2%2Fmedia&parent=54283"}],"wp:term":[{"taxonomy":"category","embeddable":true,"href":"https:\/\/revistazetta.com\/index.php?rest_route=%2Fwp%2Fv2%2Fcategories&post=54283"},{"taxonomy":"post_tag","embeddable":true,"href":"https:\/\/revistazetta.com\/index.php?rest_route=%2Fwp%2Fv2%2Ftags&post=54283"}],"curies":[{"name":"wp","href":"https:\/\/api.w.org\/{rel}","templated":true}]}}