{"id":54289,"date":"2024-08-14T08:59:14","date_gmt":"2024-08-14T13:59:14","guid":{"rendered":"https:\/\/revistazetta.com\/?p=54289"},"modified":"2024-08-14T08:59:14","modified_gmt":"2024-08-14T13:59:14","slug":"canciller-murillo-tiene-que-dar-la-cara-por-la-situacion-de-los-pasaportes-senador-lidio-garcia","status":"publish","type":"post","link":"https:\/\/revistazetta.com\/?p=54289","title":{"rendered":"Canciller Murillo tiene que dar la cara por la situaci\u00f3n de los pasaportes: Senador Lidio Garc\u00eda"},"content":{"rendered":"<p><b><i>Bogot\u00e1, 14 de agosto de 2024.-<\/i><\/b>\u00a0La expedici\u00f3n de pasaportes est\u00e1 en jaque y el canciller Luis Gilberto Murillo tiene que darle la cara al pa\u00eds y entregar una soluci\u00f3n definitiva, asegur\u00f3 el senador liberal Lidio Garc\u00eda Turbay en un debate de control pol\u00edtico en la Comisi\u00f3n Segunda del Senado.<\/p>\n<p>Frente a la terminaci\u00f3n del contrato este 2 de octubre con la firma Thomas Greg and Sons, el senador Garc\u00eda Turbay insisti\u00f3 que es un asunto que compromete, incluso, la seguridad nacional, pues debe haber plena certeza de qui\u00e9n recibe un pasaporte y que no caiga en manos de la delincuencia trasnacional, y el gobierno no puede ser err\u00e1tico en este asunto.<\/p>\n<p>El canciller Murillo deb\u00eda acudir a un debate de control pol\u00edtico este martes 13 de agosto en la Comisi\u00f3n Segunda del Senado, pero present\u00f3 una excusa, a lo que el senador liberal se\u00f1al\u00f3 que queda \u201cmuy preocupado\u201d y lo exhort\u00f3 para que vea en esa c\u00e9lula legislativa un espacio para encontrar soluciones.<\/p>\n<p>En la discusi\u00f3n se expusieron los problemas t\u00e9cnicos y jur\u00eddicos que afronta la Canciller\u00eda, junto con la Imprenta Nacional, para darle continuidad y seguridad a la expedici\u00f3n de pasaportes y c\u00e9dulas de extranjer\u00eda.<\/p>\n<p>A la voz del senador Garc\u00eda Turbay se sumaron los senadores Iv\u00e1n Cepeda, Jos\u00e9 Vicente Carre\u00f1o, Jos\u00e9 Luis P\u00e9rez y Mauricio Giraldo, quienes exteriorizaron sus preocupaciones en el debate citado por el senador Nicol\u00e1s Echeverry. Por el gobierno estuvieron presentes el director de Migraci\u00f3n Colombia, Fernando Garc\u00eda Manosalva, y la directora de la Imprenta Nacional, Alba Viviana Le\u00f3n.<\/p>\n","protected":false},"excerpt":{"rendered":"<p>Bogot\u00e1, 14 de agosto de 2024.-\u00a0La expedici\u00f3n de pasaportes est\u00e1 en jaque y el canciller Luis Gilberto Murillo tiene que darle la cara al pa\u00eds y entregar una soluci\u00f3n definitiva, asegur\u00f3 el senador liberal Lidio Garc\u00eda Turbay en un debate de control pol\u00edtico en la Comisi\u00f3n Segunda del Senado. Frente a la terminaci\u00f3n del contrato este 2 de octubre con la firma Thomas Greg and Sons, el senador Garc\u00eda Turbay insisti\u00f3 que es un asunto que compromete, incluso, la seguridad nacional, pues debe haber plena certeza de qui\u00e9n recibe un&#8230; <\/p>\n","protected":false},"author":3,"featured_media":54290,"comment_status":"closed","ping_status":"closed","sticky":false,"template":"","format":"standard","meta":{"footnotes":"","_links_to":"","_links_to_target":""},"categories":[1450,4,82],"tags":[1923,285,448,1924,298,234],"class_list":["post-54289","post","type-post","status-publish","format-standard","has-post-thumbnail","hentry","category-parasladers","category-politica","category-senado","tag-canciller","tag-destacada","tag-lidio-garcia","tag-pasaportes","tag-politica","tag-senado"],"_links":{"self":[{"href":"https:\/\/revistazetta.com\/index.php?rest_route=\/wp\/v2\/posts\/54289","targetHints":{"allow":["GET"]}}],"collection":[{"href":"https:\/\/revistazetta.com\/index.php?rest_route=\/wp\/v2\/posts"}],"about":[{"href":"https:\/\/revistazetta.com\/index.php?rest_route=\/wp\/v2\/types\/post"}],"author":[{"embeddable":true,"href":"https:\/\/revistazetta.com\/index.php?rest_route=\/wp\/v2\/users\/3"}],"replies":[{"embeddable":true,"href":"https:\/\/revistazetta.com\/index.php?rest_route=%2Fwp%2Fv2%2Fcomments&post=54289"}],"version-history":[{"count":0,"href":"https:\/\/revistazetta.com\/index.php?rest_route=\/wp\/v2\/posts\/54289\/revisions"}],"wp:featuredmedia":[{"embeddable":true,"href":"https:\/\/revistazetta.com\/index.php?rest_route=\/wp\/v2\/media\/54290"}],"wp:attachment":[{"href":"https:\/\/revistazetta.com\/index.php?rest_route=%2Fwp%2Fv2%2Fmedia&parent=54289"}],"wp:term":[{"taxonomy":"category","embeddable":true,"href":"https:\/\/revistazetta.com\/index.php?rest_route=%2Fwp%2Fv2%2Fcategories&post=54289"},{"taxonomy":"post_tag","embeddable":true,"href":"https:\/\/revistazetta.com\/index.php?rest_route=%2Fwp%2Fv2%2Ftags&post=54289"}],"curies":[{"name":"wp","href":"https:\/\/api.w.org\/{rel}","templated":true}]}}