{"id":54304,"date":"2024-08-14T16:58:46","date_gmt":"2024-08-14T21:58:46","guid":{"rendered":"https:\/\/revistazetta.com\/?p=54304"},"modified":"2024-08-14T16:58:46","modified_gmt":"2024-08-14T21:58:46","slug":"nuestras-fiestas-de-independencia-a-brillar-como-el-carnaval-de-barranquilla","status":"publish","type":"post","link":"https:\/\/revistazetta.com\/?p=54304","title":{"rendered":"Nuestras Fiestas de Independencia, a brillar como el Carnaval de Barranquilla"},"content":{"rendered":"<p><strong>Barranquilla, 14 de agosto de 2024.-<\/strong> En el marco de lo que ser\u00e1 el lanzamiento oficial de unas fortalecidas Fiestas de la Independencia en su versi\u00f3n 2024, la Alcald\u00eda Mayor de Cartagena, en cabeza de Dumek Turbay Paz; la gestora social del Distrito, Liliana Majana; y Alejandra Espinosa, directora de las Fiestas de Independencia, sellaron esta mi\u00e9rcoles en la capital del Atl\u00e1ntico la firma de un memorando de entendimiento con Alejandro Char, alcalde de Barranquilla; y Sandra G\u00f3mez, gerente de Carnaval S.A.S.<\/p>\n<p><img loading=\"lazy\" decoding=\"async\" class=\"alignnone size-medium wp-image-54308\" src=\"https:\/\/revistazetta.com\/wp-content\/uploads\/2024\/08\/GU9mnVVWUAAM_rj-457x333.jpeg\" alt=\"\" width=\"457\" height=\"333\" srcset=\"https:\/\/revistazetta.com\/wp-content\/uploads\/2024\/08\/GU9mnVVWUAAM_rj-457x333.jpeg 457w, https:\/\/revistazetta.com\/wp-content\/uploads\/2024\/08\/GU9mnVVWUAAM_rj-1024x746.jpeg 1024w, https:\/\/revistazetta.com\/wp-content\/uploads\/2024\/08\/GU9mnVVWUAAM_rj-222x162.jpeg 222w, https:\/\/revistazetta.com\/wp-content\/uploads\/2024\/08\/GU9mnVVWUAAM_rj-1536x1119.jpeg 1536w, https:\/\/revistazetta.com\/wp-content\/uploads\/2024\/08\/GU9mnVVWUAAM_rj.jpeg 2048w\" sizes=\"auto, (max-width: 457px) 100vw, 457px\" \/><\/p>\n<p>Con esta apuesta de hermanamiento entre las dos ciudades del Caribe, entre otros aspectos, se busca intercambiar experiencias que fortalezcan la festividad popular e hist\u00f3rica m\u00e1s importante de los cartageneros.<\/p>\n<p>Sobre este hito, el alcalde Dumek Turbay Paz resalt\u00f3 que \u201csiempre hablamos de hermandad Caribe y hoy es una realidad. Hay que darle lo mejor a nuestra gente y todo lo que representa para los cartageneros la tradici\u00f3n de las Fiestas de Noviembre. Sin duda, lo que Barranquilla puede brindarnos hace parte de lo mejor. Estoy convencido de que la firma de hoy es una gran aporte a unas fiestas como las que quieren los cartageneros\u201d.<\/p>\n<p><img loading=\"lazy\" decoding=\"async\" class=\"alignnone size-medium wp-image-54306\" src=\"https:\/\/revistazetta.com\/wp-content\/uploads\/2024\/08\/GU9mnVRWoAAiRq1-458x333.jpeg\" alt=\"\" width=\"458\" height=\"333\" srcset=\"https:\/\/revistazetta.com\/wp-content\/uploads\/2024\/08\/GU9mnVRWoAAiRq1-458x333.jpeg 458w, https:\/\/revistazetta.com\/wp-content\/uploads\/2024\/08\/GU9mnVRWoAAiRq1-1024x745.jpeg 1024w, https:\/\/revistazetta.com\/wp-content\/uploads\/2024\/08\/GU9mnVRWoAAiRq1-223x162.jpeg 223w, https:\/\/revistazetta.com\/wp-content\/uploads\/2024\/08\/GU9mnVRWoAAiRq1-1536x1118.jpeg 1536w, https:\/\/revistazetta.com\/wp-content\/uploads\/2024\/08\/GU9mnVRWoAAiRq1.jpeg 2048w\" sizes=\"auto, (max-width: 458px) 100vw, 458px\" \/> \u00a0Alejandro Char, alcalde de Barranquilla, tambi\u00e9n se refiri\u00f3 a la importancia de este hermanamiento.<\/p>\n<p>\u201cNuestro respeto y cari\u00f1o a Cartagena, que la sentimos todos los colombianos. Fundimos un acuerdo de dos fiestas que son amadas por el pueblo colombiano: Carnaval de Barranquilla y las Fiestas de Independencia del 11 Noviembre. Es muy positivo que quieran estudiar la experiencia de lo que sucede aqu\u00ed, se recoja y se junte con las fiestas de Cartagena. El alcalde (Dumek Turbay) tiene toda la intenci\u00f3n de sacarla adelante y cuenta con nosotros para todo\u201d, destac\u00f3 Char.<\/p>\n<p><img loading=\"lazy\" decoding=\"async\" class=\"alignnone size-medium wp-image-54307\" src=\"https:\/\/revistazetta.com\/wp-content\/uploads\/2024\/08\/GU9mnVUW8AAMLI2-500x328.jpeg\" alt=\"\" width=\"500\" height=\"328\" srcset=\"https:\/\/revistazetta.com\/wp-content\/uploads\/2024\/08\/GU9mnVUW8AAMLI2-500x328.jpeg 500w, https:\/\/revistazetta.com\/wp-content\/uploads\/2024\/08\/GU9mnVUW8AAMLI2-1024x672.jpeg 1024w, https:\/\/revistazetta.com\/wp-content\/uploads\/2024\/08\/GU9mnVUW8AAMLI2-247x162.jpeg 247w, https:\/\/revistazetta.com\/wp-content\/uploads\/2024\/08\/GU9mnVUW8AAMLI2-1536x1008.jpeg 1536w, https:\/\/revistazetta.com\/wp-content\/uploads\/2024\/08\/GU9mnVUW8AAMLI2.jpeg 2048w\" sizes=\"auto, (max-width: 500px) 100vw, 500px\" \/><\/p>\n","protected":false},"excerpt":{"rendered":"<p>Barranquilla, 14 de agosto de 2024.- En el marco de lo que ser\u00e1 el lanzamiento oficial de unas fortalecidas Fiestas de la Independencia en su versi\u00f3n 2024, la Alcald\u00eda Mayor de Cartagena, en cabeza de Dumek Turbay Paz; la gestora social del Distrito, Liliana Majana; y Alejandra Espinosa, directora de las Fiestas de Independencia, sellaron esta mi\u00e9rcoles en la capital del Atl\u00e1ntico la firma de un memorando de entendimiento con Alejandro Char, alcalde de Barranquilla; y Sandra G\u00f3mez, gerente de Carnaval S.A.S. Con esta apuesta de hermanamiento entre las dos&#8230; <\/p>\n","protected":false},"author":3,"featured_media":54305,"comment_status":"closed","ping_status":"closed","sticky":false,"template":"","format":"standard","meta":{"footnotes":"","_links_to":"","_links_to_target":""},"categories":[41,1450],"tags":[640,2152,191,290,285,74,1258],"class_list":["post-54304","post","type-post","status-publish","format-standard","has-post-thumbnail","hentry","category-cultura","category-parasladers","tag-alejandro-char","tag-carnaval-de-barranquilla","tag-cartagena-de-indias","tag-cultura","tag-destacada","tag-dumek-turbay","tag-fiestas-de-independencia"],"_links":{"self":[{"href":"https:\/\/revistazetta.com\/index.php?rest_route=\/wp\/v2\/posts\/54304","targetHints":{"allow":["GET"]}}],"collection":[{"href":"https:\/\/revistazetta.com\/index.php?rest_route=\/wp\/v2\/posts"}],"about":[{"href":"https:\/\/revistazetta.com\/index.php?rest_route=\/wp\/v2\/types\/post"}],"author":[{"embeddable":true,"href":"https:\/\/revistazetta.com\/index.php?rest_route=\/wp\/v2\/users\/3"}],"replies":[{"embeddable":true,"href":"https:\/\/revistazetta.com\/index.php?rest_route=%2Fwp%2Fv2%2Fcomments&post=54304"}],"version-history":[{"count":0,"href":"https:\/\/revistazetta.com\/index.php?rest_route=\/wp\/v2\/posts\/54304\/revisions"}],"wp:featuredmedia":[{"embeddable":true,"href":"https:\/\/revistazetta.com\/index.php?rest_route=\/wp\/v2\/media\/54305"}],"wp:attachment":[{"href":"https:\/\/revistazetta.com\/index.php?rest_route=%2Fwp%2Fv2%2Fmedia&parent=54304"}],"wp:term":[{"taxonomy":"category","embeddable":true,"href":"https:\/\/revistazetta.com\/index.php?rest_route=%2Fwp%2Fv2%2Fcategories&post=54304"},{"taxonomy":"post_tag","embeddable":true,"href":"https:\/\/revistazetta.com\/index.php?rest_route=%2Fwp%2Fv2%2Ftags&post=54304"}],"curies":[{"name":"wp","href":"https:\/\/api.w.org\/{rel}","templated":true}]}}