{"id":54356,"date":"2024-08-21T18:57:23","date_gmt":"2024-08-21T23:57:23","guid":{"rendered":"https:\/\/revistazetta.com\/?p=54356"},"modified":"2024-08-22T07:13:01","modified_gmt":"2024-08-22T12:13:01","slug":"corte-suprema-eligio-a-la-abogada-cartagenera-claudia-exposito-como-magistrada-del-consejo-superior-de-la-judicatura","status":"publish","type":"post","link":"https:\/\/revistazetta.com\/?p=54356","title":{"rendered":"Corte Suprema eligi\u00f3 a la abogada cartagenera Claudia Exp\u00f3sito como magistrada del Consejo Superior de la Judicatura"},"content":{"rendered":"<p><b>Cartagena de Indias, 21 de agosto de 2024.- <\/b><span class=\"css-1jxf684 r-bcqeeo r-1ttztb7 r-qvutc0 r-poiln3\">La <\/span><span class=\"r-18u37iz\">Sala Plena<\/span><span class=\"css-1jxf684 r-bcqeeo r-1ttztb7 r-qvutc0 r-poiln3\"> de la Cortes Suprema de Justicia eligi\u00f3 a la abogada cartagenera Claudia Regina Exp\u00f3sito como magistrada del Consejo Superior de la Judicatura.<\/span><\/p>\n<p>Exp\u00f3sito V\u00e9lez es<b>\u00a0<\/b>abogada de la Universidad Externado de Colombia<b>, <\/b>tiene estudios de doctorado de la Universidad de Oviedo en Espa\u00f1a, con maestr\u00eda del Instituto Europeo de Estudios Mar\u00edtimos y especializaci\u00f3n en Derecho P\u00fablico de la Universidad Externado de Colombia.<\/p>\n<p>Igualmente, es docente de la\u00a0Universidad Externado de Colombia y de la Universidad Sergio Arboleda.<\/p>\n<p>En su amplia experiencia laboral ha sido Jefe de Procesos Contractuales de la Unidad Administrativa Especial de la Aeron\u00e1utica Civil a nivel nacional,\u00a0asesora del despacho del Procurador General de la Naci\u00f3n<b>\u00a0<\/b>y actualmente se desempe\u00f1a como magistrada del Consejo Seccional de la Judicatura del Atl\u00e1ntico, vinculada en carrera judicial desde el a\u00f1o 2007.<\/p>\n<p>Claudia Regina Exp\u00f3sito V\u00e9lez, como magistrada del Consejo Superior de la Judicatura en Colombia, desempe\u00f1ar\u00e1 un rol decisivo en la administraci\u00f3n de la justicia en el pa\u00eds.\u00a0Su labor incluye la regulaci\u00f3n de la carrera judicial, lo que implica supervisar el desempe\u00f1o de los jueces y magistrados, as\u00ed como gestionar la formaci\u00f3n y capacitaci\u00f3n de los servidores judiciales. Adem\u00e1s, tiene la responsabilidad de crear, modificar y suprimir cargos dentro del sistema judicial, asegurando que la estructura judicial se adapte a las necesidades del pa\u00eds y garantizando un acceso efectivo a la justicia para todos los ciudadanos.<\/p>\n<p>Adem\u00e1s, la magistrada Exp\u00f3sito V\u00e9lez tiene como prop\u00f3sito apoyar el desarrollo e innovaci\u00f3n dentro de la Rama Judicial en Colombia para adaptarse y evolucionar hacia los nuevos retos que se presentan en un mundo globalizado y con el avance de las tecnolog\u00edas.<\/p>\n<p>La magistrada Claudia Regina Exp\u00f3sito V\u00e9lez, es hija de padres fallecidos: Ram\u00f3n Exp\u00f3sito (ciudadano espa\u00f1ol) y Neila V\u00e9lez (cartagenera de pura cepa). Tiene cuatro hermanos, que son muy unidos y fraternales: Ram\u00f3n David, que fue presidente de la Casa de Espa\u00f1a, ex gerente de EDURBE y actualmente se desempe\u00f1a como C\u00f3nsul de Guatemala en Cartagena de Indias y la Costa del Caribe de Colombia; Juan Carlos, que es un prominente acad\u00e9mico y destacado abogado en el \u00e1rea de la Contrataci\u00f3n Estatal en Colombia; y Germ\u00e1n Antonio, que es ingeniero civil y empresario. Sus hermanos, con gran amor y cari\u00f1o manifiestan hacia su hermana: <i>\u201cClaudia siempre fue la princesa de nuestra casa. Es una mujer muy inteligente, estudiosa, trabajadora, persistente, responsable y con car\u00e1cter; es magn\u00edfica persona, muy seria y exigente en el trabajo. Damos gracias a Dios Todopoderoso por esta nueva elecci\u00f3n y hacemos un homenaje a la memoria de nuestros Padres que desde el Cielo nos cuidan\u201d<\/i>.<\/p>\n","protected":false},"excerpt":{"rendered":"<p>Cartagena de Indias, 21 de agosto de 2024.- La Sala Plena de la Cortes Suprema de Justicia eligi\u00f3 a la abogada cartagenera Claudia Regina Exp\u00f3sito como magistrada del Consejo Superior de la Judicatura. Exp\u00f3sito V\u00e9lez es\u00a0abogada de la Universidad Externado de Colombia, tiene estudios de doctorado de la Universidad de Oviedo en Espa\u00f1a, con maestr\u00eda del Instituto Europeo de Estudios Mar\u00edtimos y especializaci\u00f3n en Derecho P\u00fablico de la Universidad Externado de Colombia. Igualmente, es docente de la\u00a0Universidad Externado de Colombia y de la Universidad Sergio Arboleda. En su amplia experiencia&#8230; <\/p>\n","protected":false},"author":3,"featured_media":54357,"comment_status":"closed","ping_status":"closed","sticky":false,"template":"","format":"standard","meta":{"footnotes":"","_links_to":"","_links_to_target":""},"categories":[2,1450,35],"tags":[294,2159,2158,2157,285,295],"class_list":["post-54356","post","type-post","status-publish","format-standard","has-post-thumbnail","hentry","category-actualidad","category-parasladers","category-actualidad-nacion","tag-actualidad","tag-claudia-exposito","tag-consejo-de-la-judicatura","tag-corte-suprema","tag-destacada","tag-nacion"],"_links":{"self":[{"href":"https:\/\/revistazetta.com\/index.php?rest_route=\/wp\/v2\/posts\/54356","targetHints":{"allow":["GET"]}}],"collection":[{"href":"https:\/\/revistazetta.com\/index.php?rest_route=\/wp\/v2\/posts"}],"about":[{"href":"https:\/\/revistazetta.com\/index.php?rest_route=\/wp\/v2\/types\/post"}],"author":[{"embeddable":true,"href":"https:\/\/revistazetta.com\/index.php?rest_route=\/wp\/v2\/users\/3"}],"replies":[{"embeddable":true,"href":"https:\/\/revistazetta.com\/index.php?rest_route=%2Fwp%2Fv2%2Fcomments&post=54356"}],"version-history":[{"count":0,"href":"https:\/\/revistazetta.com\/index.php?rest_route=\/wp\/v2\/posts\/54356\/revisions"}],"wp:featuredmedia":[{"embeddable":true,"href":"https:\/\/revistazetta.com\/index.php?rest_route=\/wp\/v2\/media\/54357"}],"wp:attachment":[{"href":"https:\/\/revistazetta.com\/index.php?rest_route=%2Fwp%2Fv2%2Fmedia&parent=54356"}],"wp:term":[{"taxonomy":"category","embeddable":true,"href":"https:\/\/revistazetta.com\/index.php?rest_route=%2Fwp%2Fv2%2Fcategories&post=54356"},{"taxonomy":"post_tag","embeddable":true,"href":"https:\/\/revistazetta.com\/index.php?rest_route=%2Fwp%2Fv2%2Ftags&post=54356"}],"curies":[{"name":"wp","href":"https:\/\/api.w.org\/{rel}","templated":true}]}}