{"id":54359,"date":"2024-08-22T09:21:59","date_gmt":"2024-08-22T14:21:59","guid":{"rendered":"https:\/\/revistazetta.com\/?p=54359"},"modified":"2024-08-22T09:21:59","modified_gmt":"2024-08-22T14:21:59","slug":"el-partido-conservador-se-mantiene-firme-en-su-independencia","status":"publish","type":"post","link":"https:\/\/revistazetta.com\/?p=54359","title":{"rendered":"\u00ab\u00a1El Partido Conservador se mantiene firme en su independencia!\u00bb"},"content":{"rendered":"<p><span class=\"css-1jxf684 r-bcqeeo r-1ttztb7 r-qvutc0 r-poiln3\"><strong>Bogot\u00e1, 22 de agosto de 2024.-<\/strong> \u00a1El Partido Conservador se mantiene firme en su independencia! Las decisiones sobre cualquier proyecto de ley sin importar su origen NO ser\u00e1n resultado de acuerdos pol\u00edticos: se tomar\u00e1n de cara al pa\u00eds luego de un estudio serio y responsable de los proyectos radicados. El Partido Conservador <\/span>defender\u00e1 con car\u00e1cter lo que le conviene a los colombianos.<\/p>\n<p>As\u00ed se expres\u00f3 la colectividad en sus redes sociales al replicar una declaraci\u00f3n de la senadora Nadia Blel, presidenta del Partido Conservador.<\/p>\n<p class=\"font--secondary\">Luego de una reuni\u00f3n de al menos dos horas entre delegados del Partido Conservador y del Gobierno Nacional, las partes ratificaron que s\u00ed hay espacios para la b\u00fasqueda de consensos, aunque se dejaron puntos claros que a\u00fan los diferencian.<\/p>\n<p class=\"font--secondary\">La presidenta del Partido Conservador, la senadora Nadia Blel, asegur\u00f3 que antes de tomar decisiones sobre si apoyan o no la agenda legislativa que quiere promover la Casa de Nari\u00f1o, se deben analizar los textos de las iniciativas.<\/p>\n<p>&nbsp;<\/p>\n","protected":false},"excerpt":{"rendered":"<p>Bogot\u00e1, 22 de agosto de 2024.- \u00a1El Partido Conservador se mantiene firme en su independencia! Las decisiones sobre cualquier proyecto de ley sin importar su origen NO ser\u00e1n resultado de acuerdos pol\u00edticos: se tomar\u00e1n de cara al pa\u00eds luego de un estudio serio y responsable de los proyectos radicados. El Partido Conservador defender\u00e1 con car\u00e1cter lo que le conviene a los colombianos. As\u00ed se expres\u00f3 la colectividad en sus redes sociales al replicar una declaraci\u00f3n de la senadora Nadia Blel, presidenta del Partido Conservador. Luego de una reuni\u00f3n de al&#8230; <\/p>\n","protected":false},"author":3,"featured_media":54360,"comment_status":"closed","ping_status":"closed","sticky":false,"template":"","format":"standard","meta":{"footnotes":"","_links_to":"","_links_to_target":""},"categories":[1450,287,4],"tags":[285,313,219,454,298],"class_list":["post-54359","post","type-post","status-publish","format-standard","has-post-thumbnail","hentry","category-parasladers","category-nacional","category-politica","tag-destacada","tag-nacional","tag-nadia-blel","tag-partido-conservador","tag-politica"],"_links":{"self":[{"href":"https:\/\/revistazetta.com\/index.php?rest_route=\/wp\/v2\/posts\/54359","targetHints":{"allow":["GET"]}}],"collection":[{"href":"https:\/\/revistazetta.com\/index.php?rest_route=\/wp\/v2\/posts"}],"about":[{"href":"https:\/\/revistazetta.com\/index.php?rest_route=\/wp\/v2\/types\/post"}],"author":[{"embeddable":true,"href":"https:\/\/revistazetta.com\/index.php?rest_route=\/wp\/v2\/users\/3"}],"replies":[{"embeddable":true,"href":"https:\/\/revistazetta.com\/index.php?rest_route=%2Fwp%2Fv2%2Fcomments&post=54359"}],"version-history":[{"count":0,"href":"https:\/\/revistazetta.com\/index.php?rest_route=\/wp\/v2\/posts\/54359\/revisions"}],"wp:featuredmedia":[{"embeddable":true,"href":"https:\/\/revistazetta.com\/index.php?rest_route=\/wp\/v2\/media\/54360"}],"wp:attachment":[{"href":"https:\/\/revistazetta.com\/index.php?rest_route=%2Fwp%2Fv2%2Fmedia&parent=54359"}],"wp:term":[{"taxonomy":"category","embeddable":true,"href":"https:\/\/revistazetta.com\/index.php?rest_route=%2Fwp%2Fv2%2Fcategories&post=54359"},{"taxonomy":"post_tag","embeddable":true,"href":"https:\/\/revistazetta.com\/index.php?rest_route=%2Fwp%2Fv2%2Ftags&post=54359"}],"curies":[{"name":"wp","href":"https:\/\/api.w.org\/{rel}","templated":true}]}}