{"id":54363,"date":"2024-08-23T14:16:14","date_gmt":"2024-08-23T19:16:14","guid":{"rendered":"https:\/\/revistazetta.com\/?p=54363"},"modified":"2024-08-24T09:00:32","modified_gmt":"2024-08-24T14:00:32","slug":"con-8-votos-andrea-pina-confirmada-como-presidenta-ejecutiva-de-la-camara-de-comercio-de-cartagena","status":"publish","type":"post","link":"https:\/\/revistazetta.com\/?p=54363","title":{"rendered":"Con 8 votos, Andrea Pi\u00f1a confirmada como presidenta ejecutiva de la C\u00e1mara de Comercio de Cartagena"},"content":{"rendered":"<p><span class=\"OYPEnA font-feature-liga-off font-feature-clig-off font-feature-calt-off text-decoration-none text-strikethrough-none\"><strong>Cartagena de Indias, 23 de agosto de 2024.-<\/strong> La Junta Directiva de la C\u00e1mara de Comercio confirm\u00f3 a Andrea Pi\u00f1a G\u00f3mez como Presidenta Ejecutiva en propiedad.<\/span><\/p>\n<p>Tras una nueva reuni\u00f3n extraordinaria en cumplimiento de mandato de la Superintendencia de Sociedades, se confirm\u00f3 la continuidad de la funcionaria. Obtuvo 8 votos de 9 posibles.<\/p>\n<p>La entidad emiti\u00f3 este comunicado:<\/p>\n<p><span style=\"color: #0000ff;\"><em><b>Cartagena, D. T. y C., 23 de Agosto de 2024. <\/b>Luego de la sesi\u00f3n de la Junta Directiva de la C\u00e1mara de Comercio de Cartagena, realizada el 23 de agosto de 2024, se eligi\u00f3 como Presidente Ejecutiva de la entidad a Andrea Pi\u00f1a G\u00f3mez, quien form\u00f3 parte del grupo de candidatos participantes en la evaluaci\u00f3n final.<\/em><\/span><\/p>\n<p><span style=\"color: #0000ff;\"><em>Esta sesi\u00f3n se realiz\u00f3 acatando la orden de la Superintendencia de Sociedades (Supersociedades), mediante la decisi\u00f3n tomada en segunda y definitiva instancia, en la cual se orden\u00f3 realizar proceso de selecci\u00f3n objetiva para nombrar al Presidente Ejecutivo de la C\u00e1mara de Comercio de Cartagena.<\/em><\/span><\/p>\n<p><span style=\"color: #0000ff;\"><em>Andrea Pi\u00f1a G\u00f3mez ven\u00eda ejerciendo este cargo desde abril de 2023 de manera interina y hab\u00eda sido nombrada en propiedad por decisi\u00f3n un\u00e1nime de los miembros que participaron en la Junta celebrada el 27 de diciembre del a\u00f1o anterior.<span class=\"Apple-converted-space\">\u00a0<\/span><\/em><\/span><\/p>\n<p><span style=\"color: #0000ff;\"><em>La Presidente Ejecutiva es economista de la Universidad de Cartagena, donde obtuvo su t\u00edtulo en 2001. Posteriormente realiz\u00f3 una especializaci\u00f3n en Evaluaci\u00f3n y desarrollo de proyectos en la Universidad del Rosario y un MBA en la Universidad Tecnol\u00f3gica de Bol\u00edvar.<span class=\"Apple-converted-space\">\u00a0 <\/span>Actualmente, cursa una maestr\u00eda en Regeneraci\u00f3n y desarrollo sostenible de la Universidad de los Andes.<\/em><\/span><\/p>\n<p><span style=\"color: #0000ff;\"><em>Como Presidente Ejecutiva de la C\u00e1mara de Comercio de Cartagena, cargo que ejerce desde hace 16 meses, ha logrado llevar los servicios de la entidad a los 19 municipios de la jurisdicci\u00f3n de la C\u00e1mara, con el objetivo de fortalecer el acceso a los servicios de la organizaci\u00f3n en diversas regiones del departamento de Bol\u00edvar.<\/em><\/span><\/p>\n<p><span style=\"color: #0000ff;\"><em><b>Fin del comunicado.<\/b><\/em><\/span><\/p>\n<p><img loading=\"lazy\" decoding=\"async\" class=\"alignnone size-medium wp-image-54368\" src=\"https:\/\/revistazetta.com\/wp-content\/uploads\/2024\/08\/WhatsApp-Image-2024-08-23-at-15.44.04-444x333.jpeg\" alt=\"\" width=\"444\" height=\"333\" srcset=\"https:\/\/revistazetta.com\/wp-content\/uploads\/2024\/08\/WhatsApp-Image-2024-08-23-at-15.44.04-444x333.jpeg 444w, https:\/\/revistazetta.com\/wp-content\/uploads\/2024\/08\/WhatsApp-Image-2024-08-23-at-15.44.04-1024x768.jpeg 1024w, https:\/\/revistazetta.com\/wp-content\/uploads\/2024\/08\/WhatsApp-Image-2024-08-23-at-15.44.04-216x162.jpeg 216w, https:\/\/revistazetta.com\/wp-content\/uploads\/2024\/08\/WhatsApp-Image-2024-08-23-at-15.44.04-1536x1152.jpeg 1536w, https:\/\/revistazetta.com\/wp-content\/uploads\/2024\/08\/WhatsApp-Image-2024-08-23-at-15.44.04.jpeg 1600w\" sizes=\"auto, (max-width: 444px) 100vw, 444px\" \/><\/p>\n<p>Junta Directiva:<\/p>\n<p><b>CAMARA DE COMERCIO DE CARTAGENA<\/b><\/p>\n<p><b>JUNTA DIRECTIVA<span class=\"Apple-converted-space\">\u00a0 <\/span>2023-2026<\/b><\/p>\n<p>1 &#8211; Mayra Cecilia Rodr\u00edguez Osorio<\/p>\n<p>2- Javier Francisco Hoyos Pardo<\/p>\n<p>3- Nicola Sandoval Minervini<\/p>\n<p>4- Roberto Carlos Gede\u00f3n<\/p>\n<p>5- Carmen Emilia Isaza Suar\u00e9z<\/p>\n<p>6- Enio Jos\u00e9 Villaroel Guzm\u00e1n<span class=\"Apple-converted-space\">\u00a0 \u00a0 \u00a0 \u00a0 \u00a0 \u00a0 \u00a0 \u00a0 \u00a0 \u00a0 \u00a0 \u00a0 \u00a0 \u00a0\u00a0<\/span><\/p>\n<p>7- Ram\u00f3n Ignacio Pereira Visbal<\/p>\n<p>8- Santiago Rizo Delgado<\/p>\n<p>9- Nidia Mar\u00eda Pitalua Mart\u00ednez<\/p>\n<p>10- John Jairo Porto Vi\u00f1as<\/p>\n<p>11- Diego Alonso Martinez Ocampo<\/p>\n<p>12- Cesar Alfonso Angarita Salgar<\/p>\n<p>13- Nilson de Jes\u00fas Castro Polo<\/p>\n<p>Correo: ingenieronkp@hotmail.com<\/p>\n<p>14- Julio Cesar Paternina Fern\u00e1ndez<\/p>\n<p>15- Germ\u00e1n N\u00e9stor Viana Guerrero<\/p>\n<p>16- Andrea Pi\u00f1a G\u00f3mez<\/p>\n<p>En la foto aparecen, adem\u00e1s, los abogados asesores Wilson Toncel y Ronaldo Figueroa.<\/p>\n","protected":false},"excerpt":{"rendered":"<p>Cartagena de Indias, 23 de agosto de 2024.- La Junta Directiva de la C\u00e1mara de Comercio confirm\u00f3 a Andrea Pi\u00f1a G\u00f3mez como Presidenta Ejecutiva en propiedad. Tras una nueva reuni\u00f3n extraordinaria en cumplimiento de mandato de la Superintendencia de Sociedades, se confirm\u00f3 la continuidad de la funcionaria. Obtuvo 8 votos de 9 posibles. La entidad emiti\u00f3 este comunicado: Cartagena, D. T. y C., 23 de Agosto de 2024. Luego de la sesi\u00f3n de la Junta Directiva de la C\u00e1mara de Comercio de Cartagena, realizada el 23 de agosto de 2024,&#8230; <\/p>\n","protected":false},"author":3,"featured_media":54364,"comment_status":"closed","ping_status":"closed","sticky":false,"template":"","format":"standard","meta":{"footnotes":"","_links_to":"","_links_to_target":""},"categories":[1450],"tags":[244,292,285,306],"class_list":["post-54363","post","type-post","status-publish","format-standard","has-post-thumbnail","hentry","category-parasladers","tag-camara-de-comercio-de-cartagena","tag-ciudad","tag-destacada","tag-empresa"],"_links":{"self":[{"href":"https:\/\/revistazetta.com\/index.php?rest_route=\/wp\/v2\/posts\/54363","targetHints":{"allow":["GET"]}}],"collection":[{"href":"https:\/\/revistazetta.com\/index.php?rest_route=\/wp\/v2\/posts"}],"about":[{"href":"https:\/\/revistazetta.com\/index.php?rest_route=\/wp\/v2\/types\/post"}],"author":[{"embeddable":true,"href":"https:\/\/revistazetta.com\/index.php?rest_route=\/wp\/v2\/users\/3"}],"replies":[{"embeddable":true,"href":"https:\/\/revistazetta.com\/index.php?rest_route=%2Fwp%2Fv2%2Fcomments&post=54363"}],"version-history":[{"count":0,"href":"https:\/\/revistazetta.com\/index.php?rest_route=\/wp\/v2\/posts\/54363\/revisions"}],"wp:featuredmedia":[{"embeddable":true,"href":"https:\/\/revistazetta.com\/index.php?rest_route=\/wp\/v2\/media\/54364"}],"wp:attachment":[{"href":"https:\/\/revistazetta.com\/index.php?rest_route=%2Fwp%2Fv2%2Fmedia&parent=54363"}],"wp:term":[{"taxonomy":"category","embeddable":true,"href":"https:\/\/revistazetta.com\/index.php?rest_route=%2Fwp%2Fv2%2Fcategories&post=54363"},{"taxonomy":"post_tag","embeddable":true,"href":"https:\/\/revistazetta.com\/index.php?rest_route=%2Fwp%2Fv2%2Ftags&post=54363"}],"curies":[{"name":"wp","href":"https:\/\/api.w.org\/{rel}","templated":true}]}}