{"id":54414,"date":"2024-08-28T18:28:11","date_gmt":"2024-08-28T23:28:11","guid":{"rendered":"https:\/\/revistazetta.com\/?p=54414"},"modified":"2024-08-28T18:28:11","modified_gmt":"2024-08-28T23:28:11","slug":"mitad-de-las-listas-electorales-tendran-que-tener-mujeres","status":"publish","type":"post","link":"https:\/\/revistazetta.com\/?p=54414","title":{"rendered":"Mitad de las listas electorales tendr\u00e1n que tener mujeres"},"content":{"rendered":"<p><strong>Bogot\u00e1, 28 de agosto de 2024.-<\/strong> \u00abEsta semana se cumplieron 70 a\u00f1os del voto femenino en Colombia, no podemos esperar 70 a\u00f1os m\u00e1s para lograr la paridad!\u00bb.<\/p>\n<p>As\u00ed anunci\u00f3 la senadora Nadia Blel, presidenta del partido Conservador, la radicaci\u00f3n de un proyecto de ley con ese objetivo, del que tambi\u00e9n es coautor el Consejo Nacional Electoral.<\/p>\n<p>\u00abPor eso junto al @cne_colombia radicamos el proyecto de ley que permitir\u00e1 ampliar al 50% la cuota de g\u00e9nero en las listas a los cargos de elecci\u00f3n popular. Es hora de dar un paso decisivo hacia la verdadera equidad en nuestras corporaciones p\u00fablicas! @partidoconservadorcolombiano\u00bb, dijo la senadora Blel.<\/p>\n<p><img loading=\"lazy\" decoding=\"async\" class=\"alignnone size-medium wp-image-54415\" src=\"https:\/\/revistazetta.com\/wp-content\/uploads\/2024\/08\/457103513_18454014097038422_4916717321253805927_n-500x333.jpg\" alt=\"\" width=\"500\" height=\"333\" srcset=\"https:\/\/revistazetta.com\/wp-content\/uploads\/2024\/08\/457103513_18454014097038422_4916717321253805927_n-500x333.jpg 500w, https:\/\/revistazetta.com\/wp-content\/uploads\/2024\/08\/457103513_18454014097038422_4916717321253805927_n-243x162.jpg 243w, https:\/\/revistazetta.com\/wp-content\/uploads\/2024\/08\/457103513_18454014097038422_4916717321253805927_n.jpg 852w\" sizes=\"auto, (max-width: 500px) 100vw, 500px\" \/><\/p>\n","protected":false},"excerpt":{"rendered":"<p>Bogot\u00e1, 28 de agosto de 2024.- \u00abEsta semana se cumplieron 70 a\u00f1os del voto femenino en Colombia, no podemos esperar 70 a\u00f1os m\u00e1s para lograr la paridad!\u00bb. As\u00ed anunci\u00f3 la senadora Nadia Blel, presidenta del partido Conservador, la radicaci\u00f3n de un proyecto de ley con ese objetivo, del que tambi\u00e9n es coautor el Consejo Nacional Electoral. \u00abPor eso junto al @cne_colombia radicamos el proyecto de ley que permitir\u00e1 ampliar al 50% la cuota de g\u00e9nero en las listas a los cargos de elecci\u00f3n popular. Es hora de dar un paso&#8230; <\/p>\n","protected":false},"author":3,"featured_media":54416,"comment_status":"closed","ping_status":"closed","sticky":false,"template":"","format":"standard","meta":{"footnotes":"","_links_to":"","_links_to_target":""},"categories":[1450,4,82],"tags":[285,818,219,454,298,234],"class_list":["post-54414","post","type-post","status-publish","format-standard","has-post-thumbnail","hentry","category-parasladers","category-politica","category-senado","tag-destacada","tag-mujer","tag-nadia-blel","tag-partido-conservador","tag-politica","tag-senado"],"_links":{"self":[{"href":"https:\/\/revistazetta.com\/index.php?rest_route=\/wp\/v2\/posts\/54414","targetHints":{"allow":["GET"]}}],"collection":[{"href":"https:\/\/revistazetta.com\/index.php?rest_route=\/wp\/v2\/posts"}],"about":[{"href":"https:\/\/revistazetta.com\/index.php?rest_route=\/wp\/v2\/types\/post"}],"author":[{"embeddable":true,"href":"https:\/\/revistazetta.com\/index.php?rest_route=\/wp\/v2\/users\/3"}],"replies":[{"embeddable":true,"href":"https:\/\/revistazetta.com\/index.php?rest_route=%2Fwp%2Fv2%2Fcomments&post=54414"}],"version-history":[{"count":0,"href":"https:\/\/revistazetta.com\/index.php?rest_route=\/wp\/v2\/posts\/54414\/revisions"}],"wp:featuredmedia":[{"embeddable":true,"href":"https:\/\/revistazetta.com\/index.php?rest_route=\/wp\/v2\/media\/54416"}],"wp:attachment":[{"href":"https:\/\/revistazetta.com\/index.php?rest_route=%2Fwp%2Fv2%2Fmedia&parent=54414"}],"wp:term":[{"taxonomy":"category","embeddable":true,"href":"https:\/\/revistazetta.com\/index.php?rest_route=%2Fwp%2Fv2%2Fcategories&post=54414"},{"taxonomy":"post_tag","embeddable":true,"href":"https:\/\/revistazetta.com\/index.php?rest_route=%2Fwp%2Fv2%2Ftags&post=54414"}],"curies":[{"name":"wp","href":"https:\/\/api.w.org\/{rel}","templated":true}]}}