{"id":54456,"date":"2024-09-02T11:49:57","date_gmt":"2024-09-02T16:49:57","guid":{"rendered":"https:\/\/revistazetta.com\/?p=54456"},"modified":"2024-09-02T11:49:57","modified_gmt":"2024-09-02T16:49:57","slug":"empresario-santiago-botero-jaramillo-se-lanza-por-la-presidencia-de-colombia","status":"publish","type":"post","link":"https:\/\/revistazetta.com\/?p=54456","title":{"rendered":"Empresario Santiago Botero Jaramillo se lanza por la Presidencia de Colombia"},"content":{"rendered":"<p><strong>Santiago Botero, un empresario nacido en Medell\u00edn que reside en Barranquilla, anunci\u00f3 este lunes su incursi\u00f3n en la pol\u00edtica con la ambici\u00f3n de llegar a la Presidencia de Colombia en las elecciones de 2026.<\/strong><\/p>\n<p>El portal Forbes.co registr\u00f3 as\u00ed su aspiraci\u00f3n:<\/p>\n<p><span style=\"color: #0000ff;\"><em>A trav\u00e9s de un video publicado el fin de semana en su cuenta de Instagram, Botero revel\u00f3 la creaci\u00f3n de un nuevo movimiento pol\u00edtico denominado \u201cColombia Pa\u2019 Lante Unida\u201d.<\/em><\/span><\/p>\n<p><span style=\"color: #0000ff;\"><em>Botro confirm\u00f3 a Forbes su decisi\u00f3n de postularse como candidato presidencial. A\u00fan no est\u00e1 claro si su campa\u00f1a se apoyar\u00e1 en la recolecci\u00f3n de firmas o si establecer\u00e1 alianzas con alg\u00fan partido pol\u00edtico ya existente que avale su candidatura.<\/em><\/span><\/p>\n<p><span style=\"color: #0000ff;\"><em>Botero es reconocido por haber fundado Finsocial, una compa\u00f1\u00eda dedicada a ofrecer cr\u00e9ditos de libranza y libre inversi\u00f3n a profesores y pensionados del sector p\u00fablico. En 2018 fue admitido en la red de emprendedores Endeavor y la empresa fue vendida a inversionistas internacionales en 2021.<\/em><\/span><\/p>\n<p><span style=\"color: #0000ff;\"><em>Adem\u00e1s, Botero lidera SBO Lab, una venture builder que agrupa diversas empresas, incluyendo una f\u00e1brica de software y una financiadora de veh\u00edculos.<\/em><\/span><\/p>\n<p><span style=\"color: #0000ff;\"><em>En su mensaje a trav\u00e9s de redes sociales, Botero apel\u00f3 a la historia de Colombia, subrayando la necesidad de \u201cinterpretar, asumir y sanar\u201d el pasado del pa\u00eds.<\/em><\/span><\/p>\n<p><span style=\"color: #0000ff;\"><em>\u201cTenemos que crear un verdadero equipo de guerreros para hacer realidad el pa\u00eds que tanto hemos so\u00f1ado\u201d, afirm delineando las bases de su movimiento pol\u00edtico.<\/em><\/span><\/p>\n<p><span style=\"color: #0000ff;\"><em>El anuncio de Botero a\u00f1ade una nueva figura al escenario pol\u00edtico colombiano. La decisi\u00f3n de lanzar su candidatura representa, seg\u00fan sus propias palabras, \u201cun deseo pasional\u201d, pero con la convicci\u00f3n de que \u201cuna decisi\u00f3n lo cambia todo\u201d.<\/em><\/span><\/p>\n<p>Ver art\u00edculo original en:<\/p>\n<p><a href=\"https:\/\/forbes.co\/2024\/09\/02\/politica\/empresario-santiago-botero-anuncia-que-se-lanzara-a-la-presidencia-de-colombia-para-las-elecciones-de-2026\" target=\"_blank\" rel=\"noopener\">https:\/\/forbes.co\/2024\/09\/02\/politica\/empresario-santiago-botero-anuncia-que-se-lanzara-a-la-presidencia-de-colombia-para-las-elecciones-de-2026<\/a><\/p>\n","protected":false},"excerpt":{"rendered":"<p>Santiago Botero, un empresario nacido en Medell\u00edn que reside en Barranquilla, anunci\u00f3 este lunes su incursi\u00f3n en la pol\u00edtica con la ambici\u00f3n de llegar a la Presidencia de Colombia en las elecciones de 2026. El portal Forbes.co registr\u00f3 as\u00ed su aspiraci\u00f3n: A trav\u00e9s de un video publicado el fin de semana en su cuenta de Instagram, Botero revel\u00f3 la creaci\u00f3n de un nuevo movimiento pol\u00edtico denominado \u201cColombia Pa\u2019 Lante Unida\u201d. Botro confirm\u00f3 a Forbes su decisi\u00f3n de postularse como candidato presidencial. A\u00fan no est\u00e1 claro si su campa\u00f1a se apoyar\u00e1&#8230; <\/p>\n","protected":false},"author":3,"featured_media":54457,"comment_status":"closed","ping_status":"closed","sticky":false,"template":"","format":"standard","meta":{"footnotes":"","_links_to":"","_links_to_target":""},"categories":[1450,287,4],"tags":[1432,285,313,298,2177,2176],"class_list":["post-54456","post","type-post","status-publish","format-standard","has-post-thumbnail","hentry","category-parasladers","category-nacional","category-politica","tag-candidatura","tag-destacada","tag-nacional","tag-politica","tag-presidencia-de-la-republica","tag-santiago-botero-jaramillo"],"_links":{"self":[{"href":"https:\/\/revistazetta.com\/index.php?rest_route=\/wp\/v2\/posts\/54456","targetHints":{"allow":["GET"]}}],"collection":[{"href":"https:\/\/revistazetta.com\/index.php?rest_route=\/wp\/v2\/posts"}],"about":[{"href":"https:\/\/revistazetta.com\/index.php?rest_route=\/wp\/v2\/types\/post"}],"author":[{"embeddable":true,"href":"https:\/\/revistazetta.com\/index.php?rest_route=\/wp\/v2\/users\/3"}],"replies":[{"embeddable":true,"href":"https:\/\/revistazetta.com\/index.php?rest_route=%2Fwp%2Fv2%2Fcomments&post=54456"}],"version-history":[{"count":0,"href":"https:\/\/revistazetta.com\/index.php?rest_route=\/wp\/v2\/posts\/54456\/revisions"}],"wp:featuredmedia":[{"embeddable":true,"href":"https:\/\/revistazetta.com\/index.php?rest_route=\/wp\/v2\/media\/54457"}],"wp:attachment":[{"href":"https:\/\/revistazetta.com\/index.php?rest_route=%2Fwp%2Fv2%2Fmedia&parent=54456"}],"wp:term":[{"taxonomy":"category","embeddable":true,"href":"https:\/\/revistazetta.com\/index.php?rest_route=%2Fwp%2Fv2%2Fcategories&post=54456"},{"taxonomy":"post_tag","embeddable":true,"href":"https:\/\/revistazetta.com\/index.php?rest_route=%2Fwp%2Fv2%2Ftags&post=54456"}],"curies":[{"name":"wp","href":"https:\/\/api.w.org\/{rel}","templated":true}]}}