{"id":54493,"date":"2024-09-04T08:55:53","date_gmt":"2024-09-04T13:55:53","guid":{"rendered":"https:\/\/revistazetta.com\/?p=54493"},"modified":"2024-09-04T08:55:53","modified_gmt":"2024-09-04T13:55:53","slug":"un-solo-departamento-de-norte-a-sur-opinion-de-alonso-del-rio-jimenez","status":"publish","type":"post","link":"https:\/\/revistazetta.com\/?p=54493","title":{"rendered":"Un solo Departamento, de norte a sur &#8211; Opini\u00f3n de Alonso del R\u00edo Jim\u00e9nez"},"content":{"rendered":"<p><strong><span style=\"color: #0000ff;\">Por Alonso del R\u00edo Jim\u00e9nez (Eepecial para Revista Zetta).-<\/span> Cartagena de Indias, 4 de septiembre de 2024.-<\/strong> Recientemente resurgi\u00f3 en la esfera pol\u00edtica una propuesta que, aunque puede parecer innovadora, encierra riesgos profundos para la unidad del departamento de Bol\u00edvar. Durante los primeros d\u00edas del gobierno del presidente Petro, se mencion\u00f3 la idea de crear un nuevo departamento compuesto por municipios del Zode Magdalena Medio Bolivarense: Cantagallo, San Pablo, Santa Rosa del Sur, Simit\u00ed, Morales y Arenal. Esta iniciativa, que permaneci\u00f3 en silencio, ha sido revivida por una congresista, quien propone a\u00f1adir otros municipios como El Pe\u00f1\u00f3n, San Mart\u00edn de Loba, Barranco de Loba, Hatillo de Loba, Altos del Rosario, Noros\u00ed, Regidor, Tiquisio y R\u00edo Viejo, con Aguachica como capital.<\/p>\n<p>\u00bfEs realmente necesario fragmentar lo que debe permanecer unido? En medio del conflicto y la disputa territorial que se vive en el sur de Bol\u00edvar, la respuesta es clara. La unidad no es solo un ideal abstracto; es una necesidad urgente para asegurar una gobernanza territorial eficaz. Separar estos municipios, muchos de los cuales carecen de una identidad sociol\u00f3gica compartida con la supuesta nueva entidad territorial, es un error que solo agravar\u00eda las tensiones existentes.<\/p>\n<blockquote><p>No se puede ignorar, adem\u00e1s, el trabajo realizado en los \u00faltimos a\u00f1os para mejorar la calidad de vida en el sur de Bol\u00edvar. Las inversiones del departamento en estas comunidades son prueba de un compromiso que no debe ser subestimado por discursos separatistas que, en el fondo, parecen m\u00e1s impulsados por intereses electorales y populistas que por un genuino inter\u00e9s en el bienestar de la poblaci\u00f3n.<\/p><\/blockquote>\n<p>El Plan de Desarrollo \u201cBol\u00edvar me Enamora\u201d, presentado por el gobernador Yamil Arana, es una hoja de ruta seria que busca conectar el departamento de norte a sur, no solo a trav\u00e9s de infraestructura, sino tambi\u00e9n mediante inversiones sociales clave para reducir la pobreza. Esta propuesta es no solo l\u00f3gica, sino necesaria, y cualquier intento de fragmentaci\u00f3n ser\u00eda un retroceso en los avances logrados hasta ahora.<\/p>\n<p>Es crucial entender que la creaci\u00f3n de un nuevo departamento no es simplemente una cuesti\u00f3n administrativa; es un movimiento con profundas implicaciones pol\u00edticas y sociales. La idea de separar municipios bajo el pretexto de una supuesta mejor administraci\u00f3n territorial es, en realidad, un juego peligroso que oculta fines electoralistas. Es una maniobra dise\u00f1ada para desviar la atenci\u00f3n de la falta de resultados del gobierno nacional, utilizando como peones a las comunidades m\u00e1s vulnerables.<\/p>\n<p>\u00a1Ser\u00e1 que los problemas de la Colombia profunda se resuelven creando m\u00e1s entes territoriales y m\u00e1s burocracia? \u00bfNo ser\u00eda mejor invitar al presidente Petro a que mire hacia los municipios del sur e invierta en ellos los recursos que por<span class=\"Apple-converted-space\">\u00a0 <\/span>incompetencia de su gobierno aun no se han podido ejecutar?<\/p>\n<blockquote><p>Proteger la integridad territorial del departamento es una responsabilidad que recae sobre todos nosotros. No podemos permitir que los afanes electorales pongan en riesgo la institucionalidad y estabilidad de nuestro departamento. Es hora de unir fuerzas y rechazar cualquier intento de dividir lo que debe permanecer unido.<\/p><\/blockquote>\n<p>&nbsp;<\/p>\n<p><span style=\"color: #800000;\"><em>Nota: El autor de esta columna es administrador de empresas y magister en gerencia de proyectos de la Universidad Tecnol\u00f3gica de Bol\u00edvar. Se ha desempe\u00f1ado como asesor de despacho, director territorial norte y dique en la Gobernaci\u00f3n de Bol\u00edvar, secretario general en EPA Cartagena, entre otros cargos en el sector p\u00fablico. Es su primer periodo como diputado del departamento.<\/em><\/span><\/p>\n","protected":false},"excerpt":{"rendered":"<p>Por Alonso del R\u00edo Jim\u00e9nez (Eepecial para Revista Zetta).- Cartagena de Indias, 4 de septiembre de 2024.- Recientemente resurgi\u00f3 en la esfera pol\u00edtica una propuesta que, aunque puede parecer innovadora, encierra riesgos profundos para la unidad del departamento de Bol\u00edvar. Durante los primeros d\u00edas del gobierno del presidente Petro, se mencion\u00f3 la idea de crear un nuevo departamento compuesto por municipios del Zode Magdalena Medio Bolivarense: Cantagallo, San Pablo, Santa Rosa del Sur, Simit\u00ed, Morales y Arenal. Esta iniciativa, que permaneci\u00f3 en silencio, ha sido revivida por una congresista, quien&#8230; <\/p>\n","protected":false},"author":3,"featured_media":54494,"comment_status":"closed","ping_status":"closed","sticky":false,"template":"","format":"standard","meta":{"footnotes":"","_links_to":"","_links_to_target":""},"categories":[1450,44,65],"tags":[209,176,839,285,288,289],"class_list":["post-54493","post","type-post","status-publish","format-standard","has-post-thumbnail","hentry","category-parasladers","category-materiagris","category-opinion","tag-alonso-del-rio","tag-asamblea-departamental","tag-departamento-de-bolivar","tag-destacada","tag-materia-gris","tag-opinion"],"_links":{"self":[{"href":"https:\/\/revistazetta.com\/index.php?rest_route=\/wp\/v2\/posts\/54493","targetHints":{"allow":["GET"]}}],"collection":[{"href":"https:\/\/revistazetta.com\/index.php?rest_route=\/wp\/v2\/posts"}],"about":[{"href":"https:\/\/revistazetta.com\/index.php?rest_route=\/wp\/v2\/types\/post"}],"author":[{"embeddable":true,"href":"https:\/\/revistazetta.com\/index.php?rest_route=\/wp\/v2\/users\/3"}],"replies":[{"embeddable":true,"href":"https:\/\/revistazetta.com\/index.php?rest_route=%2Fwp%2Fv2%2Fcomments&post=54493"}],"version-history":[{"count":0,"href":"https:\/\/revistazetta.com\/index.php?rest_route=\/wp\/v2\/posts\/54493\/revisions"}],"wp:featuredmedia":[{"embeddable":true,"href":"https:\/\/revistazetta.com\/index.php?rest_route=\/wp\/v2\/media\/54494"}],"wp:attachment":[{"href":"https:\/\/revistazetta.com\/index.php?rest_route=%2Fwp%2Fv2%2Fmedia&parent=54493"}],"wp:term":[{"taxonomy":"category","embeddable":true,"href":"https:\/\/revistazetta.com\/index.php?rest_route=%2Fwp%2Fv2%2Fcategories&post=54493"},{"taxonomy":"post_tag","embeddable":true,"href":"https:\/\/revistazetta.com\/index.php?rest_route=%2Fwp%2Fv2%2Ftags&post=54493"}],"curies":[{"name":"wp","href":"https:\/\/api.w.org\/{rel}","templated":true}]}}