{"id":54495,"date":"2024-09-04T10:51:04","date_gmt":"2024-09-04T15:51:04","guid":{"rendered":"https:\/\/revistazetta.com\/?p=54495"},"modified":"2024-09-04T10:51:04","modified_gmt":"2024-09-04T15:51:04","slug":"corredor-de-carga-quienes-usan-la-via-tambien-deben-aportar-dice-dumek","status":"publish","type":"post","link":"https:\/\/revistazetta.com\/?p=54495","title":{"rendered":"Corredor de Carga: \u00abQuienes usan la v\u00eda tambi\u00e9n deben aportar\u00bb, dice Dumek"},"content":{"rendered":"<p><strong>Cartagena de Indias, 4 de septiembre de 2024.-<\/strong> Aunque la Alcald\u00eda de Cartagena va a invertir este a\u00f1o poco m\u00e1s de $22 mil millones en el Corredor de Carga, tras la liquidaci\u00f3n unilateral del contrato con la Concesi\u00f3n Vial, su posterior <span class=\"css-1jxf684 r-bcqeeo r-1ttztb7 r-qvutc0 r-poiln3\">mantenimiento, proyecci\u00f3n y ampliaci\u00f3n tendr\u00e1 que financiarse con recursos propios y de \u00abquienes usen la v\u00eda\u00bb.<\/span><\/p>\n<p>El alcalde Dumek Turbay no especific\u00f3 cu\u00e1l ser\u00e1 la f\u00f3rmula, e incluso la dej\u00f3 abierta a la imaginaci\u00f3n, pues les pidi\u00f3 a esos usuarios que propongan, con la seguridad que ser\u00e1n escuchados.<\/p>\n<p>En una publicaci\u00f3n en su cuenta de la red X, Turbay Paz explic\u00f3 que la inminente intervenci\u00f3n ser\u00e1 en tres tramos, y que en paralelo se tramitar\u00e1 ante el Concejo la creaci\u00f3n de una empresa \u00ab<span class=\"css-1jxf684 r-bcqeeo r-1ttztb7 r-qvutc0 r-poiln3\">que se encargue de administrar los recursos\u00bb. De ah\u00ed en adelante, la inc\u00f3gnita no ha sido resuelta.<\/span><\/p>\n<p>Este es el mensaje publicado por el alcalde Dumek Turbay:<\/p>\n<p style=\"padding-left: 40px;\"><span style=\"color: #0000ff;\"><em><span class=\"css-1jxf684 r-bcqeeo r-1ttztb7 r-qvutc0 r-poiln3\">A los interesados en el Corredor de Carga de <\/span><span class=\"r-18u37iz\">Mamonal<\/span><span class=\"css-1jxf684 r-bcqeeo r-1ttztb7 r-qvutc0 r-poiln3\">, por favor leer esta informaci\u00f3n con mucha atenci\u00f3n para que se pueda replicar con precisi\u00f3n.<\/span><\/em><\/span><\/p>\n<p style=\"padding-left: 40px;\"><span style=\"color: #0000ff;\"><em><span class=\"css-1jxf684 r-bcqeeo r-1ttztb7 r-qvutc0 r-poiln3\">As\u00ed avanzamos en la licitaci\u00f3n para su rehabilitaci\u00f3n cuya intervenci\u00f3n se dividir\u00e1 en 3 tramos:<\/span><\/em><\/span><\/p>\n<p style=\"padding-left: 40px;\"><span style=\"color: #0000ff;\"><em><span class=\"css-1jxf684 r-bcqeeo r-1ttztb7 r-qvutc0 r-poiln3\">El primero va desde la entrada de Manga, donde inicia el Corredor a la altura del Puerto de Cartagena, hasta Pasacaballos, son 17,5 km. El segundo inicia desde la entrada a la v\u00eda de la empresa Yara, hasta la variante Mamonal &#8211; Gambote: 2,43 km. El \u00faltimo tramo inicia en la rotonda Las Olas, en Mamonal, hasta la entrada de Manga, donde inicia el primer tramo a contratar: 11,3 km. Las obras comienzan en octubre y terminan en diciembre. En simult\u00e1nea se iniciar\u00e1 la estructuraci\u00f3n de un proyecto encaminado a ampliar las dos calzadas que actualmente tiene el Corredor.<\/span><\/em><\/span><\/p>\n<p style=\"padding-left: 40px;\"><span style=\"color: #0000ff;\"><em><span class=\"css-1jxf684 r-bcqeeo r-1ttztb7 r-qvutc0 r-poiln3\">Ahora, \u00bfPor qu\u00e9 hasta ahora? El Corredor era una v\u00eda concesionada y la <\/span><span class=\"r-18u37iz\">Alcaldia de Cartagena <\/span>no pod\u00eda intervenirlo hasta que se liquidara el contrato de concesi\u00f3n y se surtieran unos procesos jur\u00eddicos de rigor que tardan. Asimismo, se hicieron unos estudios t\u00e9cnicos para conocer el estado de la v\u00eda y as\u00ed poder tener insumos suficientes para actuar jur\u00eddicamente contra el concesionario y hacer que le devuelva a los cartageneros $175.580 millones, por compromisos contractuales inconclusos, y por cobrar peajes de m\u00e1s despu\u00e9s de alcazada la TIR.<\/em><\/span><\/p>\n<p style=\"padding-left: 40px;\"><span style=\"color: #0000ff;\"><em>El pasado 29 de agosto, el Departamento Administrativo de <span class=\"r-18u37iz\">Valorizaci\u00f3n <\/span>liquid\u00f3 de forma unilateral el contrato con la <span class=\"r-18u37iz\">Concesi\u00f3n Vial de Cartagena<\/span><span class=\"css-1jxf684 r-bcqeeo r-1ttztb7 r-qvutc0 r-poiln3\">, para de esta formar poder intevenir legalmente la v\u00eda.<\/span><\/em><\/span><\/p>\n<p style=\"padding-left: 40px;\"><span style=\"color: #0000ff;\"><em><strong><span class=\"css-1jxf684 r-bcqeeo r-1ttztb7 r-qvutc0 r-poiln3\"> \u00bfQu\u00e9 viene?<\/span><\/strong><\/em><\/span><\/p>\n<p style=\"padding-left: 40px;\"><span style=\"color: #0000ff;\"><em><span class=\"css-1jxf684 r-bcqeeo r-1ttztb7 r-qvutc0 r-poiln3\">1. La intervenci\u00f3n integral del Corredor (Octubre &#8211; Diciembre), con recursos propios del Distrito, impuestos de todos los cartageneros. 2. La presentaci\u00f3n de un proyecto de acuerdo ante el <\/span><span class=\"r-18u37iz\">Concejo de Cartagena<\/span><span class=\"css-1jxf684 r-bcqeeo r-1ttztb7 r-qvutc0 r-poiln3\"> para crear una empresa que se encargue de administrar los recursos y trabajar en el del Corredor de Carga. Fuentes de financiaci\u00f3n por definir. Y digo por definir porque desde el Distrito vamos a concurrir con recursos, pero quienes usan la v\u00eda tambi\u00e9n deben aportar, el esfuerzo debe ser conjunto. A prop\u00f3sito, mensaje para quienes se benefician del Corredor: escuchamos propuestas, estamos abiertos a un di\u00e1logo sincero.<\/span><\/em><\/span><\/p>\n<p>&nbsp;<\/p>\n<blockquote class=\"twitter-tweet\">\n<p dir=\"ltr\" lang=\"es\">A los interesados en el Corredor de Carga de <a href=\"https:\/\/twitter.com\/hashtag\/Mamonal?src=hash&amp;ref_src=twsrc%5Etfw\" target=\"_blank\" rel=\"noopener\">#Mamonal<\/a>, por favor leer esta informaci\u00f3n con mucha atenci\u00f3n para que se pueda replicar con precisi\u00f3n.<\/p>\n<p>As\u00ed avanzamos en la licitaci\u00f3n para su rehabilitaci\u00f3n cuya intervenci\u00f3n se dividir\u00e1 en 3 tramos:<\/p>\n<p>El primero va desde la entrada\u2026 <a href=\"https:\/\/t.co\/rVhvIwqUJU\">pic.twitter.com\/rVhvIwqUJU<\/a><\/p>\n<p>\u2014 Dumek Turbay Paz (@dumek_turbay) <a href=\"https:\/\/twitter.com\/dumek_turbay\/status\/1831352340382724201?ref_src=twsrc%5Etfw\" target=\"_blank\" rel=\"noopener\">September 4, 2024<\/a><\/p><\/blockquote>\n<p><script async src=\"https:\/\/platform.twitter.com\/widgets.js\" charset=\"utf-8\"><\/script><\/p>\n<p><img loading=\"lazy\" decoding=\"async\" class=\"alignnone wp-image-54497 size-medium\" src=\"https:\/\/revistazetta.com\/wp-content\/uploads\/2024\/09\/GWpFP0rXMAAGrdO-334x333.jpeg\" alt=\"\" width=\"334\" height=\"333\" srcset=\"https:\/\/revistazetta.com\/wp-content\/uploads\/2024\/09\/GWpFP0rXMAAGrdO-334x333.jpeg 334w, https:\/\/revistazetta.com\/wp-content\/uploads\/2024\/09\/GWpFP0rXMAAGrdO-1024x1022.jpeg 1024w, https:\/\/revistazetta.com\/wp-content\/uploads\/2024\/09\/GWpFP0rXMAAGrdO-162x162.jpeg 162w, https:\/\/revistazetta.com\/wp-content\/uploads\/2024\/09\/GWpFP0rXMAAGrdO.jpeg 1080w\" sizes=\"auto, (max-width: 334px) 100vw, 334px\" \/><\/p>\n<p><img loading=\"lazy\" decoding=\"async\" class=\"alignnone size-medium wp-image-54498\" src=\"https:\/\/revistazetta.com\/wp-content\/uploads\/2024\/09\/GWpFP2iWMAAXqpz-335x333.jpeg\" alt=\"\" width=\"335\" height=\"333\" srcset=\"https:\/\/revistazetta.com\/wp-content\/uploads\/2024\/09\/GWpFP2iWMAAXqpz-335x333.jpeg 335w, https:\/\/revistazetta.com\/wp-content\/uploads\/2024\/09\/GWpFP2iWMAAXqpz-1024x1017.jpeg 1024w, https:\/\/revistazetta.com\/wp-content\/uploads\/2024\/09\/GWpFP2iWMAAXqpz-163x162.jpeg 163w, https:\/\/revistazetta.com\/wp-content\/uploads\/2024\/09\/GWpFP2iWMAAXqpz.jpeg 1080w\" sizes=\"auto, (max-width: 335px) 100vw, 335px\" \/><\/p>\n<p><img loading=\"lazy\" decoding=\"async\" class=\"alignnone size-medium wp-image-54499\" src=\"https:\/\/revistazetta.com\/wp-content\/uploads\/2024\/09\/GWpFP08WgAAkwBy-339x333.jpeg\" alt=\"\" width=\"339\" height=\"333\" srcset=\"https:\/\/revistazetta.com\/wp-content\/uploads\/2024\/09\/GWpFP08WgAAkwBy-339x333.jpeg 339w, https:\/\/revistazetta.com\/wp-content\/uploads\/2024\/09\/GWpFP08WgAAkwBy-1024x1006.jpeg 1024w, https:\/\/revistazetta.com\/wp-content\/uploads\/2024\/09\/GWpFP08WgAAkwBy-165x162.jpeg 165w, https:\/\/revistazetta.com\/wp-content\/uploads\/2024\/09\/GWpFP08WgAAkwBy.jpeg 1080w\" sizes=\"auto, (max-width: 339px) 100vw, 339px\" \/><\/p>\n<p><img loading=\"lazy\" decoding=\"async\" class=\"alignnone size-medium wp-image-54500\" src=\"https:\/\/revistazetta.com\/wp-content\/uploads\/2024\/09\/GWpFP18W4AAr5zT-341x333.jpeg\" alt=\"\" width=\"341\" height=\"333\" srcset=\"https:\/\/revistazetta.com\/wp-content\/uploads\/2024\/09\/GWpFP18W4AAr5zT-341x333.jpeg 341w, https:\/\/revistazetta.com\/wp-content\/uploads\/2024\/09\/GWpFP18W4AAr5zT-1024x999.jpeg 1024w, https:\/\/revistazetta.com\/wp-content\/uploads\/2024\/09\/GWpFP18W4AAr5zT-166x162.jpeg 166w, https:\/\/revistazetta.com\/wp-content\/uploads\/2024\/09\/GWpFP18W4AAr5zT.jpeg 1080w\" sizes=\"auto, (max-width: 341px) 100vw, 341px\" \/><\/p>\n","protected":false},"excerpt":{"rendered":"<p>Cartagena de Indias, 4 de septiembre de 2024.- Aunque la Alcald\u00eda de Cartagena va a invertir este a\u00f1o poco m\u00e1s de $22 mil millones en el Corredor de Carga, tras la liquidaci\u00f3n unilateral del contrato con la Concesi\u00f3n Vial, su posterior mantenimiento, proyecci\u00f3n y ampliaci\u00f3n tendr\u00e1 que financiarse con recursos propios y de \u00abquienes usen la v\u00eda\u00bb. El alcalde Dumek Turbay no especific\u00f3 cu\u00e1l ser\u00e1 la f\u00f3rmula, e incluso la dej\u00f3 abierta a la imaginaci\u00f3n, pues les pidi\u00f3 a esos usuarios que propongan, con la seguridad que ser\u00e1n escuchados. En&#8230; <\/p>\n","protected":false},"author":3,"featured_media":54496,"comment_status":"closed","ping_status":"closed","sticky":false,"template":"","format":"standard","meta":{"footnotes":"","_links_to":"","_links_to_target":""},"categories":[1450,32,87],"tags":[274,191,2180,285,296,74,194,1112],"class_list":["post-54495","post","type-post","status-publish","format-standard","has-post-thumbnail","hentry","category-parasladers","category-actualidad-distrito","category-movilidad","tag-alcaldia-de-cartagena","tag-cartagena-de-indias","tag-corredor-de-carga","tag-destacada","tag-distrito","tag-dumek-turbay","tag-movilidad","tag-valorizacion"],"_links":{"self":[{"href":"https:\/\/revistazetta.com\/index.php?rest_route=\/wp\/v2\/posts\/54495","targetHints":{"allow":["GET"]}}],"collection":[{"href":"https:\/\/revistazetta.com\/index.php?rest_route=\/wp\/v2\/posts"}],"about":[{"href":"https:\/\/revistazetta.com\/index.php?rest_route=\/wp\/v2\/types\/post"}],"author":[{"embeddable":true,"href":"https:\/\/revistazetta.com\/index.php?rest_route=\/wp\/v2\/users\/3"}],"replies":[{"embeddable":true,"href":"https:\/\/revistazetta.com\/index.php?rest_route=%2Fwp%2Fv2%2Fcomments&post=54495"}],"version-history":[{"count":0,"href":"https:\/\/revistazetta.com\/index.php?rest_route=\/wp\/v2\/posts\/54495\/revisions"}],"wp:featuredmedia":[{"embeddable":true,"href":"https:\/\/revistazetta.com\/index.php?rest_route=\/wp\/v2\/media\/54496"}],"wp:attachment":[{"href":"https:\/\/revistazetta.com\/index.php?rest_route=%2Fwp%2Fv2%2Fmedia&parent=54495"}],"wp:term":[{"taxonomy":"category","embeddable":true,"href":"https:\/\/revistazetta.com\/index.php?rest_route=%2Fwp%2Fv2%2Fcategories&post=54495"},{"taxonomy":"post_tag","embeddable":true,"href":"https:\/\/revistazetta.com\/index.php?rest_route=%2Fwp%2Fv2%2Ftags&post=54495"}],"curies":[{"name":"wp","href":"https:\/\/api.w.org\/{rel}","templated":true}]}}