{"id":54509,"date":"2024-09-05T08:21:58","date_gmt":"2024-09-05T13:21:58","guid":{"rendered":"https:\/\/revistazetta.com\/?p=54509"},"modified":"2024-09-05T08:24:29","modified_gmt":"2024-09-05T13:24:29","slug":"lo-que-por-anos-fue-cafe-del-mar-ahora-es-el-baluarte-de-la-gente","status":"publish","type":"post","link":"https:\/\/revistazetta.com\/?p=54509","title":{"rendered":"Lo que por a\u00f1os fue \u00abCaf\u00e9 del Mar\u00bb ahora es \u00abEl baluarte de la gente\u00bb"},"content":{"rendered":"<p><strong>Cartagena de Indias, 5 de septiembre de 2024.-<\/strong> El alcalde Dumek Turbay no perdi\u00f3 tiempo en controversias sino que \u00abtom\u00f3 el toro por los cachos\u00bb: tras el desalojo del restaurante bar privado \u00abCaf\u00e9 del Mar\u00bb lo que viene enseguida es \u00abel baluarte de la gente\u00bb.<\/p>\n<p>Se trata de un espacio que sume el IPCC para brindar una programaci\u00f3n cultural para la familia y visitantes, en un espacio abierto al p\u00fablico, gratuito.<\/p>\n<p>Con este mensaje en su cuenta de X (antes Twitter), el alcalde expres\u00f3:<\/p>\n<p><span class=\"css-1jxf684 r-bcqeeo r-1ttztb7 r-qvutc0 r-poiln3\">Este jueves nace <\/span><span class=\"r-18u37iz\"><a class=\"css-1jxf684 r-bcqeeo r-1ttztb7 r-qvutc0 r-poiln3 r-1loqt21\" dir=\"ltr\" role=\"link\" href=\"https:\/\/x.com\/hashtag\/ElBaluarteDeLaGente?src=hashtag_click\">#ElBaluarteDeLaGente<\/a><\/span><span class=\"css-1jxf684 r-bcqeeo r-1ttztb7 r-qvutc0 r-poiln3\">. A trav\u00e9s de <\/span><span class=\"r-18u37iz\"><a class=\"css-1jxf684 r-bcqeeo r-1ttztb7 r-qvutc0 r-poiln3 r-1loqt21\" dir=\"ltr\" role=\"link\" href=\"https:\/\/x.com\/Ipcc_Cartagena\">@Ipcc_Cartagena<\/a><\/span><span class=\"css-1jxf684 r-bcqeeo r-1ttztb7 r-qvutc0 r-poiln3\">, te invitamos a disfrutar el atardecer en el Baluarte Santo Domingo, el m\u00e1s bello de Colombia. Este corredor cultural y espacio de contemplaci\u00f3n p\u00fablico y gratuito tendr\u00e1 danza, teatro, m\u00fasica, artes pl\u00e1sticas y otras expresiones y activaciones art\u00edsticas, culturales y gastron\u00f3micas. Nos vemos esta tarde, \u00a1Est\u00e1n todos invitados!<\/span><\/p>\n<p>En d\u00edas pasados y acatando una sentencia del Consejo de Estado, la Alcald\u00eda de Cartagena recuper\u00f3 este espacio ubicado en las murallas de Cartagena, el cual hab\u00eda estado por varios a\u00f1os concesionado a bajo precio a un operador privado que ten\u00eda all\u00ed un exclusivo y car\u00edsimo restaurante bar.<\/p>\n<p>&nbsp;<\/p>\n<p>&nbsp;<\/p>\n","protected":false},"excerpt":{"rendered":"<p>Cartagena de Indias, 5 de septiembre de 2024.- El alcalde Dumek Turbay no perdi\u00f3 tiempo en controversias sino que \u00abtom\u00f3 el toro por los cachos\u00bb: tras el desalojo del restaurante bar privado \u00abCaf\u00e9 del Mar\u00bb lo que viene enseguida es \u00abel baluarte de la gente\u00bb. Se trata de un espacio que sume el IPCC para brindar una programaci\u00f3n cultural para la familia y visitantes, en un espacio abierto al p\u00fablico, gratuito. Con este mensaje en su cuenta de X (antes Twitter), el alcalde expres\u00f3: Este jueves nace #ElBaluarteDeLaGente. A trav\u00e9s&#8230; <\/p>\n","protected":false},"author":3,"featured_media":54510,"comment_status":"closed","ping_status":"closed","sticky":false,"template":"","format":"standard","meta":{"footnotes":"","_links_to":"","_links_to_target":""},"categories":[41,2172],"tags":[290,1012],"class_list":["post-54509","post","type-post","status-publish","format-standard","has-post-thumbnail","hentry","category-cultura","category-historia","tag-cultura","tag-historia"],"_links":{"self":[{"href":"https:\/\/revistazetta.com\/index.php?rest_route=\/wp\/v2\/posts\/54509","targetHints":{"allow":["GET"]}}],"collection":[{"href":"https:\/\/revistazetta.com\/index.php?rest_route=\/wp\/v2\/posts"}],"about":[{"href":"https:\/\/revistazetta.com\/index.php?rest_route=\/wp\/v2\/types\/post"}],"author":[{"embeddable":true,"href":"https:\/\/revistazetta.com\/index.php?rest_route=\/wp\/v2\/users\/3"}],"replies":[{"embeddable":true,"href":"https:\/\/revistazetta.com\/index.php?rest_route=%2Fwp%2Fv2%2Fcomments&post=54509"}],"version-history":[{"count":0,"href":"https:\/\/revistazetta.com\/index.php?rest_route=\/wp\/v2\/posts\/54509\/revisions"}],"wp:featuredmedia":[{"embeddable":true,"href":"https:\/\/revistazetta.com\/index.php?rest_route=\/wp\/v2\/media\/54510"}],"wp:attachment":[{"href":"https:\/\/revistazetta.com\/index.php?rest_route=%2Fwp%2Fv2%2Fmedia&parent=54509"}],"wp:term":[{"taxonomy":"category","embeddable":true,"href":"https:\/\/revistazetta.com\/index.php?rest_route=%2Fwp%2Fv2%2Fcategories&post=54509"},{"taxonomy":"post_tag","embeddable":true,"href":"https:\/\/revistazetta.com\/index.php?rest_route=%2Fwp%2Fv2%2Ftags&post=54509"}],"curies":[{"name":"wp","href":"https:\/\/api.w.org\/{rel}","templated":true}]}}