{"id":54532,"date":"2024-09-07T12:30:52","date_gmt":"2024-09-07T17:30:52","guid":{"rendered":"https:\/\/revistazetta.com\/?p=54532"},"modified":"2024-09-07T12:30:52","modified_gmt":"2024-09-07T17:30:52","slug":"hospital-naval-de-cartagena-celebro-el-dia-del-adulto-mayor-y-el-pensionado","status":"publish","type":"post","link":"https:\/\/revistazetta.com\/?p=54532","title":{"rendered":"Hospital Naval de Cartagena celebr\u00f3 el D\u00eda del Adulto Mayor y el Pensionado"},"content":{"rendered":"<p><strong>Cartagena de Indias, 7 de septiembre de 2024.-<\/strong>\u00a0Con el fin de garantizar los derechos de las personas de la tercera edad, y brindarles espacios de recreaci\u00f3n, y esparcimiento, en Colombia se conmemora el D\u00eda Nacional de las Personas de la Tercera Edad y del Pensionado.<\/p>\n<p>El Hospital Naval de Cartagena, se uni\u00f3 a esta conmemoraci\u00f3n, para homenajear a los hombres y mujeres de la Armada Nacional, junto a sus familiares.<\/p>\n<p>Con una celebraci\u00f3n de acci\u00f3n de gracias, por sus vidas, actividades de recreaci\u00f3n y sano esparcimiento, los m\u00e1s de 40 adultos mayores, pertenecientes al grupo de los a\u00f1os dorados del HONAC, pudieron disfrutar, bailar y celebrar al ritmo del folclor Caribe su d\u00eda.<\/p>\n<p>Para el CN Gabriel Vallejo, director del HONAC, conmemorar esta fecha es un motivo de uni\u00f3n, y hermandad, y un momento especial, que siempre debe darse para exaltar a quienes un d\u00eda, forjaron los caminos, por los que hoy podemos transitar en disciplina, respeto, orden y libertad.<\/p>\n<p>Son 24 a\u00f1os los que tiene el grupo de Adulto Mayor del Hospital Naval de Cartagena, a cada uno de sus miembros<br \/>\nun fin de semana al mes se les realizan diferentes terapias dirigidas, para que el adulto mayor se mantenga aut\u00f3nomo y funcional el mayor tiempo posible.<\/p>\n<p>Algunas de estas terapias son de estimulaci\u00f3n cognitiva (fonoaudiolog\u00eda, psicolog\u00eda, manualidades, aer\u00f3bicos, musicoterapia).<\/p>\n<p>De esta manera el Hospital Naval de Cartagena celebr\u00f3 con las personas de la tercera edad, sus a\u00f1os dorados, llenos de experiencia y sabidur\u00eda.<\/p>\n","protected":false},"excerpt":{"rendered":"<p>Cartagena de Indias, 7 de septiembre de 2024.-\u00a0Con el fin de garantizar los derechos de las personas de la tercera edad, y brindarles espacios de recreaci\u00f3n, y esparcimiento, en Colombia se conmemora el D\u00eda Nacional de las Personas de la Tercera Edad y del Pensionado. El Hospital Naval de Cartagena, se uni\u00f3 a esta conmemoraci\u00f3n, para homenajear a los hombres y mujeres de la Armada Nacional, junto a sus familiares. Con una celebraci\u00f3n de acci\u00f3n de gracias, por sus vidas, actividades de recreaci\u00f3n y sano esparcimiento, los m\u00e1s de 40&#8230; <\/p>\n","protected":false},"author":3,"featured_media":54533,"comment_status":"closed","ping_status":"closed","sticky":false,"template":"","format":"standard","meta":{"footnotes":"","_links_to":"","_links_to_target":""},"categories":[3,1383],"tags":[292,297],"class_list":["post-54532","post","type-post","status-publish","format-standard","has-post-thumbnail","hentry","category-ciudad","category-comunidad-ciudad","tag-ciudad","tag-comunidad"],"_links":{"self":[{"href":"https:\/\/revistazetta.com\/index.php?rest_route=\/wp\/v2\/posts\/54532","targetHints":{"allow":["GET"]}}],"collection":[{"href":"https:\/\/revistazetta.com\/index.php?rest_route=\/wp\/v2\/posts"}],"about":[{"href":"https:\/\/revistazetta.com\/index.php?rest_route=\/wp\/v2\/types\/post"}],"author":[{"embeddable":true,"href":"https:\/\/revistazetta.com\/index.php?rest_route=\/wp\/v2\/users\/3"}],"replies":[{"embeddable":true,"href":"https:\/\/revistazetta.com\/index.php?rest_route=%2Fwp%2Fv2%2Fcomments&post=54532"}],"version-history":[{"count":0,"href":"https:\/\/revistazetta.com\/index.php?rest_route=\/wp\/v2\/posts\/54532\/revisions"}],"wp:featuredmedia":[{"embeddable":true,"href":"https:\/\/revistazetta.com\/index.php?rest_route=\/wp\/v2\/media\/54533"}],"wp:attachment":[{"href":"https:\/\/revistazetta.com\/index.php?rest_route=%2Fwp%2Fv2%2Fmedia&parent=54532"}],"wp:term":[{"taxonomy":"category","embeddable":true,"href":"https:\/\/revistazetta.com\/index.php?rest_route=%2Fwp%2Fv2%2Fcategories&post=54532"},{"taxonomy":"post_tag","embeddable":true,"href":"https:\/\/revistazetta.com\/index.php?rest_route=%2Fwp%2Fv2%2Ftags&post=54532"}],"curies":[{"name":"wp","href":"https:\/\/api.w.org\/{rel}","templated":true}]}}