{"id":54534,"date":"2024-09-10T05:42:33","date_gmt":"2024-09-10T10:42:33","guid":{"rendered":"https:\/\/revistazetta.com\/?p=54534"},"modified":"2024-09-10T05:42:33","modified_gmt":"2024-09-10T10:42:33","slug":"cartagena-de-indias-cambia-el-chip-y-el-turismo-de-romance-crece","status":"publish","type":"post","link":"https:\/\/revistazetta.com\/?p=54534","title":{"rendered":"Cartagena de Indias cambia el chip y el turismo de romance crece"},"content":{"rendered":"<p style=\"padding-left: 40px;\"><span style=\"color: #0000ff;\"><em>Cartagena de Indias se ratifica como el principal destino tur\u00edstico de romance de Colombia, luego de la memorable pasarela realizada en el Camell\u00f3n de los M\u00e1rtires, a cargo de la dise\u00f1adora Lina Cantillo, denominada Tribu, enfocada en novios, y la cartagenera Beatriz Camacho, quien present\u00f3 su colecci\u00f3n inspirada en la singularidad de la experiencia de cada una de las novias y acompa\u00f1antes.<\/em><\/span><\/p>\n<p><strong>Cartagena de Indias, 10 de septiembre de 2024.-<\/strong> Con la Torre del Reloj de fondo, y entre la bah\u00eda de las \u00c1nimas y el parque del Centenario, la Heroica Cartagena se ratific\u00f3 como destino de bodas y de romance, considerando sus locaciones emblem\u00e1ticas, su patrimonio cultural hist\u00f3rico, su gastronom\u00eda y la capacidad log\u00edstica.<\/p>\n<p><img loading=\"lazy\" decoding=\"async\" class=\"alignnone size-medium wp-image-54540\" src=\"https:\/\/revistazetta.com\/wp-content\/uploads\/2024\/09\/WhatsApp-Image-2024-09-09-at-22.06.12-1-500x333.jpeg\" alt=\"\" width=\"500\" height=\"333\" srcset=\"https:\/\/revistazetta.com\/wp-content\/uploads\/2024\/09\/WhatsApp-Image-2024-09-09-at-22.06.12-1-500x333.jpeg 500w, https:\/\/revistazetta.com\/wp-content\/uploads\/2024\/09\/WhatsApp-Image-2024-09-09-at-22.06.12-1-1024x683.jpeg 1024w, https:\/\/revistazetta.com\/wp-content\/uploads\/2024\/09\/WhatsApp-Image-2024-09-09-at-22.06.12-1-243x162.jpeg 243w, https:\/\/revistazetta.com\/wp-content\/uploads\/2024\/09\/WhatsApp-Image-2024-09-09-at-22.06.12-1-1536x1024.jpeg 1536w, https:\/\/revistazetta.com\/wp-content\/uploads\/2024\/09\/WhatsApp-Image-2024-09-09-at-22.06.12-1-2048x1366.jpeg 2048w\" sizes=\"auto, (max-width: 500px) 100vw, 500px\" \/><\/p>\n<p>Al desfile asisti\u00f3 el alcalde mayor de Cartagena Dumek Turbay Paz, quien ratific\u00f3 el compromiso de su gobierno con la promoci\u00f3n de Cartagena de Indias como destino de romance. En esa misma l\u00ednea, la primera dama del distrito de Cartagena, Liliana Majana, enfoc\u00f3 su mensaje en el empoderamiento de la mujer como motor de desarrollo.<\/p>\n<p>\u201cEs un gran honor junto con mi esposa hacer parte de este importante momento. Recibir la segunda edici\u00f3n de este evento. Es muy importante y nos llena de orgullo, Cartagena sigue siendo predilecta en las personas y a esta exitosa industria porque es una ciudad que se puede sentir. Cartagena es mujer y debe ser una ciudad donde quepan todas, es un honor estar en un espacio donde se exalta la mujer la protagonista de toda boda\u201d, dijo el alcalde Turbay Paz.<\/p>\n<p><img loading=\"lazy\" decoding=\"async\" class=\"alignnone size-medium wp-image-54538\" src=\"https:\/\/revistazetta.com\/wp-content\/uploads\/2024\/09\/WhatsApp-Image-2024-09-09-at-22.06.06-1-498x333.jpeg\" alt=\"\" width=\"498\" height=\"333\" srcset=\"https:\/\/revistazetta.com\/wp-content\/uploads\/2024\/09\/WhatsApp-Image-2024-09-09-at-22.06.06-1-498x333.jpeg 498w, https:\/\/revistazetta.com\/wp-content\/uploads\/2024\/09\/WhatsApp-Image-2024-09-09-at-22.06.06-1-1024x685.jpeg 1024w, https:\/\/revistazetta.com\/wp-content\/uploads\/2024\/09\/WhatsApp-Image-2024-09-09-at-22.06.06-1-242x162.jpeg 242w, https:\/\/revistazetta.com\/wp-content\/uploads\/2024\/09\/WhatsApp-Image-2024-09-09-at-22.06.06-1-1536x1027.jpeg 1536w, https:\/\/revistazetta.com\/wp-content\/uploads\/2024\/09\/WhatsApp-Image-2024-09-09-at-22.06.06-1.jpeg 1600w\" sizes=\"auto, (max-width: 498px) 100vw, 498px\" \/><\/p>\n<p>La presidenta ejecutiva de la Corporaci\u00f3n Turismo Cartagena de Indias, Liliana Rodr\u00edguez, expres\u00f3 que \u201cson los espectaculares lugares que ofrece Cartagena de Indias, tanto a cielo abierto como en salones hist\u00f3ricos, los que hacen de Cartagena el lugar preferido en Colombia para la realizaci\u00f3n de bodas de destino, las cuales se reflejan en una importante derrama econ\u00f3mica que beneficia al encadenamiento productivo en distintas formas a la econom\u00eda formal y popular.<\/p>\n<p>La pasarela tuvo lugar en el marco del Cartagena Wedding Dreams + Wedding Forum, liderada por el comit\u00e9 organizador (Sofitel Legend Santa Clara, Carmen Sotero, Juan Pablo Estrada, Mary Cu\u00e9ter, Silvia Zubir\u00eda, Eddy Mart\u00ednez, Claudia Carrillo y Tatiana Tar\u00f3n), y cont\u00f3 con el apoyo institucional de la Alcald\u00eda Mayor de Cartagena de Indias, Corpoturismo, C\u00e1mara de Comercio de Cartagena, FENALCO, los gremios el sector tur\u00edstico y patrocinadores de distintos sectores que perdieron disfrutar de una noche m\u00edstica y llena de romance.<\/p>\n<p>ProColombia, en su \u00faltimo informe, mencion\u00f3 que el 40% de las bodas de destino se realiza en Cartagena y las tres etapas de esta: pre boda, boda y postboda, generan un importante movimiento econ\u00f3mico en la ciudad que incluye: artesanos, gastronom\u00eda, producci\u00f3n, m\u00fasica, transporte, locaciones, hospedajes, entre otros elementos que constituyen un importante impulso al desarrollo econ\u00f3mico de la ciudad.<\/p>\n<p>\u201cContamos con una ciudad m\u00e1gica que ha logrado mezclar la historia y el romanticismo, con escenarios maravillosos y \u00fanicos, adem\u00e1s de grandes profesionales de las bodas, talentosos, creativos e innovadores que nos ponen en el mismo status otros destinos internacionales de bodas\u201d, apunta Juan Pablo Estrada, director de Alimentos y Bebidas de Sofitel Legend Santa Clara, wedding Planner del hotel, uno de los organizadores y creadores de este evento en Cartagena.<\/p>\n<p>La pasarela fue engalanada por la m\u00fasica de la Orquesta Sinf\u00f3nica de Bol\u00edvar, quienes interpretaron piezas de Vivaldi y de Mozart, haciendo una una velada inolvidable en la rom\u00e1ntica Cartagena de Indias.<\/p>\n<p><img loading=\"lazy\" decoding=\"async\" class=\"alignnone size-medium wp-image-54539\" src=\"https:\/\/revistazetta.com\/wp-content\/uploads\/2024\/09\/WhatsApp-Image-2024-09-09-at-22.06.07-498x333.jpeg\" alt=\"\" width=\"498\" height=\"333\" srcset=\"https:\/\/revistazetta.com\/wp-content\/uploads\/2024\/09\/WhatsApp-Image-2024-09-09-at-22.06.07-498x333.jpeg 498w, https:\/\/revistazetta.com\/wp-content\/uploads\/2024\/09\/WhatsApp-Image-2024-09-09-at-22.06.07-1024x685.jpeg 1024w, https:\/\/revistazetta.com\/wp-content\/uploads\/2024\/09\/WhatsApp-Image-2024-09-09-at-22.06.07-242x162.jpeg 242w, https:\/\/revistazetta.com\/wp-content\/uploads\/2024\/09\/WhatsApp-Image-2024-09-09-at-22.06.07-1536x1027.jpeg 1536w, https:\/\/revistazetta.com\/wp-content\/uploads\/2024\/09\/WhatsApp-Image-2024-09-09-at-22.06.07.jpeg 1600w\" sizes=\"auto, (max-width: 498px) 100vw, 498px\" \/> \u00a0<img loading=\"lazy\" decoding=\"async\" class=\"alignnone size-medium wp-image-54541\" src=\"https:\/\/revistazetta.com\/wp-content\/uploads\/2024\/09\/WhatsApp-Image-2024-09-09-at-22.06.14-1-500x333.jpeg\" alt=\"\" width=\"500\" height=\"333\" srcset=\"https:\/\/revistazetta.com\/wp-content\/uploads\/2024\/09\/WhatsApp-Image-2024-09-09-at-22.06.14-1-500x333.jpeg 500w, https:\/\/revistazetta.com\/wp-content\/uploads\/2024\/09\/WhatsApp-Image-2024-09-09-at-22.06.14-1-1024x683.jpeg 1024w, https:\/\/revistazetta.com\/wp-content\/uploads\/2024\/09\/WhatsApp-Image-2024-09-09-at-22.06.14-1-243x162.jpeg 243w, https:\/\/revistazetta.com\/wp-content\/uploads\/2024\/09\/WhatsApp-Image-2024-09-09-at-22.06.14-1-1536x1024.jpeg 1536w, https:\/\/revistazetta.com\/wp-content\/uploads\/2024\/09\/WhatsApp-Image-2024-09-09-at-22.06.14-1-2048x1366.jpeg 2048w\" sizes=\"auto, (max-width: 500px) 100vw, 500px\" \/> <img loading=\"lazy\" decoding=\"async\" class=\"alignnone size-medium wp-image-54542\" src=\"https:\/\/revistazetta.com\/wp-content\/uploads\/2024\/09\/WhatsApp-Image-2024-09-09-at-22.06.46-1-498x333.jpeg\" alt=\"\" width=\"498\" height=\"333\" srcset=\"https:\/\/revistazetta.com\/wp-content\/uploads\/2024\/09\/WhatsApp-Image-2024-09-09-at-22.06.46-1-498x333.jpeg 498w, https:\/\/revistazetta.com\/wp-content\/uploads\/2024\/09\/WhatsApp-Image-2024-09-09-at-22.06.46-1-1024x685.jpeg 1024w, https:\/\/revistazetta.com\/wp-content\/uploads\/2024\/09\/WhatsApp-Image-2024-09-09-at-22.06.46-1-242x162.jpeg 242w, https:\/\/revistazetta.com\/wp-content\/uploads\/2024\/09\/WhatsApp-Image-2024-09-09-at-22.06.46-1-1536x1027.jpeg 1536w, https:\/\/revistazetta.com\/wp-content\/uploads\/2024\/09\/WhatsApp-Image-2024-09-09-at-22.06.46-1.jpeg 1600w\" sizes=\"auto, (max-width: 498px) 100vw, 498px\" \/> <img loading=\"lazy\" decoding=\"async\" class=\"alignnone size-medium wp-image-54543\" src=\"https:\/\/revistazetta.com\/wp-content\/uploads\/2024\/09\/WhatsApp-Image-2024-09-09-at-22.06.46-498x333.jpeg\" alt=\"\" width=\"498\" height=\"333\" srcset=\"https:\/\/revistazetta.com\/wp-content\/uploads\/2024\/09\/WhatsApp-Image-2024-09-09-at-22.06.46-498x333.jpeg 498w, https:\/\/revistazetta.com\/wp-content\/uploads\/2024\/09\/WhatsApp-Image-2024-09-09-at-22.06.46-1024x685.jpeg 1024w, https:\/\/revistazetta.com\/wp-content\/uploads\/2024\/09\/WhatsApp-Image-2024-09-09-at-22.06.46-242x162.jpeg 242w, https:\/\/revistazetta.com\/wp-content\/uploads\/2024\/09\/WhatsApp-Image-2024-09-09-at-22.06.46-1536x1027.jpeg 1536w, https:\/\/revistazetta.com\/wp-content\/uploads\/2024\/09\/WhatsApp-Image-2024-09-09-at-22.06.46.jpeg 1600w\" sizes=\"auto, (max-width: 498px) 100vw, 498px\" \/> <img loading=\"lazy\" decoding=\"async\" class=\"alignnone size-medium wp-image-54544\" src=\"https:\/\/revistazetta.com\/wp-content\/uploads\/2024\/09\/WhatsApp-Image-2024-09-09-at-22.06.47-1-500x333.jpeg\" alt=\"\" width=\"500\" height=\"333\" srcset=\"https:\/\/revistazetta.com\/wp-content\/uploads\/2024\/09\/WhatsApp-Image-2024-09-09-at-22.06.47-1-500x333.jpeg 500w, https:\/\/revistazetta.com\/wp-content\/uploads\/2024\/09\/WhatsApp-Image-2024-09-09-at-22.06.47-1-1024x682.jpeg 1024w, https:\/\/revistazetta.com\/wp-content\/uploads\/2024\/09\/WhatsApp-Image-2024-09-09-at-22.06.47-1-243x162.jpeg 243w, https:\/\/revistazetta.com\/wp-content\/uploads\/2024\/09\/WhatsApp-Image-2024-09-09-at-22.06.47-1-1536x1023.jpeg 1536w, https:\/\/revistazetta.com\/wp-content\/uploads\/2024\/09\/WhatsApp-Image-2024-09-09-at-22.06.47-1.jpeg 1600w\" sizes=\"auto, (max-width: 500px) 100vw, 500px\" \/><\/p>\n<p>&nbsp;<\/p>\n","protected":false},"excerpt":{"rendered":"<p>Cartagena de Indias se ratifica como el principal destino tur\u00edstico de romance de Colombia, luego de la memorable pasarela realizada en el Camell\u00f3n de los M\u00e1rtires, a cargo de la dise\u00f1adora Lina Cantillo, denominada Tribu, enfocada en novios, y la cartagenera Beatriz Camacho, quien present\u00f3 su colecci\u00f3n inspirada en la singularidad de la experiencia de cada una de las novias y acompa\u00f1antes. Cartagena de Indias, 10 de septiembre de 2024.- Con la Torre del Reloj de fondo, y entre la bah\u00eda de las \u00c1nimas y el parque del Centenario, la&#8230; <\/p>\n","protected":false},"author":3,"featured_media":54535,"comment_status":"closed","ping_status":"closed","sticky":false,"template":"","format":"standard","meta":{"footnotes":"","_links_to":"","_links_to_target":""},"categories":[1450,6],"tags":[191,2186,285,302],"class_list":["post-54534","post","type-post","status-publish","format-standard","has-post-thumbnail","hentry","category-parasladers","category-turismo","tag-cartagena-de-indias","tag-cartagena-wedding-dreams-wedding-forum","tag-destacada","tag-turismo"],"_links":{"self":[{"href":"https:\/\/revistazetta.com\/index.php?rest_route=\/wp\/v2\/posts\/54534","targetHints":{"allow":["GET"]}}],"collection":[{"href":"https:\/\/revistazetta.com\/index.php?rest_route=\/wp\/v2\/posts"}],"about":[{"href":"https:\/\/revistazetta.com\/index.php?rest_route=\/wp\/v2\/types\/post"}],"author":[{"embeddable":true,"href":"https:\/\/revistazetta.com\/index.php?rest_route=\/wp\/v2\/users\/3"}],"replies":[{"embeddable":true,"href":"https:\/\/revistazetta.com\/index.php?rest_route=%2Fwp%2Fv2%2Fcomments&post=54534"}],"version-history":[{"count":0,"href":"https:\/\/revistazetta.com\/index.php?rest_route=\/wp\/v2\/posts\/54534\/revisions"}],"wp:featuredmedia":[{"embeddable":true,"href":"https:\/\/revistazetta.com\/index.php?rest_route=\/wp\/v2\/media\/54535"}],"wp:attachment":[{"href":"https:\/\/revistazetta.com\/index.php?rest_route=%2Fwp%2Fv2%2Fmedia&parent=54534"}],"wp:term":[{"taxonomy":"category","embeddable":true,"href":"https:\/\/revistazetta.com\/index.php?rest_route=%2Fwp%2Fv2%2Fcategories&post=54534"},{"taxonomy":"post_tag","embeddable":true,"href":"https:\/\/revistazetta.com\/index.php?rest_route=%2Fwp%2Fv2%2Ftags&post=54534"}],"curies":[{"name":"wp","href":"https:\/\/api.w.org\/{rel}","templated":true}]}}