{"id":54603,"date":"2024-09-19T09:19:57","date_gmt":"2024-09-19T14:19:57","guid":{"rendered":"https:\/\/revistazetta.com\/?p=54603"},"modified":"2024-09-19T09:19:57","modified_gmt":"2024-09-19T14:19:57","slug":"feria-de-negocios-verdes-de-cardique-2024-innovacion-y-sostenibilidad-al-servicio-del-medioambiente","status":"publish","type":"post","link":"https:\/\/revistazetta.com\/?p=54603","title":{"rendered":"Feria de Negocios Verdes de Cardique 2024: innovaci\u00f3n y sostenibilidad al servicio del medioambiente"},"content":{"rendered":"<p><strong>Cartagena de Indias, 19 de septiembre de 2024.-<\/strong> La Feria de Negocios Verdes de Cardique, que desde 2016 viene apoyando las economias verdes de Bol\u00edvar, regresa este 2024 a Cartagena como una plataforma clave para promover la sostenibilidad. El evento se realizar\u00e1 los d\u00edas 20 y 21 de septiembre en el Centro Comercial Caribe Plaza, donde empresarios y\/o emprendedores del norte y centro de Bol\u00edvar exhibir\u00e1n sus productos y servicios sostenibles.<\/p>\n<p>Organizada por la Corporaci\u00f3n Aut\u00f3noma Regional del Canal del Dique (Cardique), esta feria tiene como objetivo visibilizar y fortalecer emprendimientos que no solo son econ\u00f3micamente viables, sino que tambi\u00e9n generan un impacto positivo en el medioambiente. Adem\u00e1s, la feria resalta las tradiciones culturales y la riqueza natural de la regi\u00f3n.<\/p>\n<p>\u201cCada a\u00f1o, buscamos que la Feria de Negocios Verdes sea un espacio de crecimiento para los empresarios y\/o emprendedores que creen en un modelo econ\u00f3mico respetuoso con la naturaleza. Este 2024 no ser\u00e1 la excepci\u00f3n; estamos comprometidos en impulsar la sostenibilidad como motor de innovaci\u00f3n en Bol\u00edvar\u201d, expres\u00f3 Angelo Bacci, director de Cardique.<\/p>\n<p>El evento contar\u00e1 con espacios interactivos \u00fanicos, donde tanto expositores como visitantes podr\u00e1n intercambiar experiencias en tiempo real. Uno de los atractivos m\u00e1s esperados ser\u00e1 el \u201cshowroom\u201d ubicado en la terraza del centro comercial, donde los asistentes podr\u00e1n presenciar demostraciones en vivo de la preparaci\u00f3n de platos t\u00edpicos con un enfoque innovador. Adem\u00e1s, reconocidos artesanos ense\u00f1ar\u00e1n t\u00e9cnicas ancestrales para la elaboraci\u00f3n de collares, mochilas y hamacas, permitiendo a los visitantes conectarse con las tradiciones de los distintos territorios.<\/p>\n<p>Con m\u00e1s de 70 negocios verdes participantes distribuidos por todo Caribe Plaza, los visitantes podr\u00e1n adquirir una gran variedad de productos, que van desde agricultura sostenible, moda ecol\u00f3gica y arte responsable, hasta servicios como rutas agroecotur\u00edsticas, alojamientos en destinos sostenibles, tecnolog\u00edas verdes, y restauraci\u00f3n ecol\u00f3gica.<\/p>\n<p>\u201cEstamos viendo un inter\u00e9s creciente por parte de los consumidores y empresas en productos y servicios sostenibles. Con esta feria, queremos que los negocios verdes de Bol\u00edvar tengan una plataforma s\u00f3lida para conectar con mercados m\u00e1s amplios\u201d, agreg\u00f3 Bacci.<br \/>\n\u201cInvitamos a la familia a que visite la feria. Aqu\u00ed podr\u00e1n adquirir productos y artesan\u00edas que pueden regalar en la fecha de Amor y Amistad para apoyar estos emprendimientos y que puedan mantenerse en el tiempo\u201d, dijo el Director.<\/p>\n<p>La feria tambi\u00e9n ofrecer\u00e1 una rueda de negocios, dise\u00f1ada para facilitar el contacto entre proveedores locales y grandes compradores, como supermercados, hoteles y contratistas del Estado. Esto representa una oportunidad invaluable para que los emprendimientos verdes fortalezcan sus redes comerciales y expandan su alcance.<\/p>\n<p>De igual forma, Sandra Nieto Parra, coordinadora de Negocios Verdes de Cardique, destac\u00f3 que durante la feria se realizar\u00e1n demostraciones de cocina en vivo, utilizando los productos ofrecidos en el evento. Adem\u00e1s, los artesanos crear\u00e1n sus piezas en tiempo real, permitiendo a los visitantes conocer de primera mano por qu\u00e9 estos emprendimientos son considerados negocios verdes.<\/p>\n<p>Con esta edici\u00f3n, la Feria de Negocios Verdes de Cardique reafirma su posici\u00f3n como un punto de encuentro donde la sostenibilidad y la innovaci\u00f3n convergen para impulsar un futuro m\u00e1s verde y pr\u00f3spero para Bol\u00edvar.<\/p>\n","protected":false},"excerpt":{"rendered":"<p>Cartagena de Indias, 19 de septiembre de 2024.- La Feria de Negocios Verdes de Cardique, que desde 2016 viene apoyando las economias verdes de Bol\u00edvar, regresa este 2024 a Cartagena como una plataforma clave para promover la sostenibilidad. El evento se realizar\u00e1 los d\u00edas 20 y 21 de septiembre en el Centro Comercial Caribe Plaza, donde empresarios y\/o emprendedores del norte y centro de Bol\u00edvar exhibir\u00e1n sus productos y servicios sostenibles. Organizada por la Corporaci\u00f3n Aut\u00f3noma Regional del Canal del Dique (Cardique), esta feria tiene como objetivo visibilizar y fortalecer&#8230; <\/p>\n","protected":false},"author":3,"featured_media":54604,"comment_status":"closed","ping_status":"closed","sticky":false,"template":"","format":"standard","meta":{"footnotes":"","_links_to":"","_links_to_target":""},"categories":[84,1450,80],"tags":[303,1895,207,285,2195,300],"class_list":["post-54603","post","type-post","status-publish","format-standard","has-post-thumbnail","hentry","category-ambiente","category-parasladers","category-region","tag-ambiente","tag-angelo-bacci","tag-cardique","tag-destacada","tag-feria-de-negocios-verdes","tag-region"],"_links":{"self":[{"href":"https:\/\/revistazetta.com\/index.php?rest_route=\/wp\/v2\/posts\/54603","targetHints":{"allow":["GET"]}}],"collection":[{"href":"https:\/\/revistazetta.com\/index.php?rest_route=\/wp\/v2\/posts"}],"about":[{"href":"https:\/\/revistazetta.com\/index.php?rest_route=\/wp\/v2\/types\/post"}],"author":[{"embeddable":true,"href":"https:\/\/revistazetta.com\/index.php?rest_route=\/wp\/v2\/users\/3"}],"replies":[{"embeddable":true,"href":"https:\/\/revistazetta.com\/index.php?rest_route=%2Fwp%2Fv2%2Fcomments&post=54603"}],"version-history":[{"count":0,"href":"https:\/\/revistazetta.com\/index.php?rest_route=\/wp\/v2\/posts\/54603\/revisions"}],"wp:featuredmedia":[{"embeddable":true,"href":"https:\/\/revistazetta.com\/index.php?rest_route=\/wp\/v2\/media\/54604"}],"wp:attachment":[{"href":"https:\/\/revistazetta.com\/index.php?rest_route=%2Fwp%2Fv2%2Fmedia&parent=54603"}],"wp:term":[{"taxonomy":"category","embeddable":true,"href":"https:\/\/revistazetta.com\/index.php?rest_route=%2Fwp%2Fv2%2Fcategories&post=54603"},{"taxonomy":"post_tag","embeddable":true,"href":"https:\/\/revistazetta.com\/index.php?rest_route=%2Fwp%2Fv2%2Ftags&post=54603"}],"curies":[{"name":"wp","href":"https:\/\/api.w.org\/{rel}","templated":true}]}}