{"id":54666,"date":"2024-09-24T07:19:01","date_gmt":"2024-09-24T12:19:01","guid":{"rendered":"https:\/\/revistazetta.com\/?p=54666"},"modified":"2024-09-24T09:16:34","modified_gmt":"2024-09-24T14:16:34","slug":"sede-del-sena-en-magangue-avanza-en-un-85","status":"publish","type":"post","link":"https:\/\/revistazetta.com\/?p=54666","title":{"rendered":"Sede del Sena en Magangu\u00e9 avanza en un 85%"},"content":{"rendered":"<p><strong>Magangu\u00e9, 24 de septiembre de 2024.-<\/strong> El gobernador de Bol\u00edvar, Yamil Arana Padau\u00ed, destac\u00f3 el avance del 85% de la construcci\u00f3n del Sena de Magangu\u00e9, importante obra que ser\u00e1 clave para que los j\u00f3venes del sur del departamento puedan cumplir sus sue\u00f1os educativos y aportar a la econom\u00eda del territorio.<\/p>\n<p>\u00abEs un esfuerzo enorme que dar\u00e1 muchos resultados positivos para nuestro departamento. Cada vez estamos m\u00e1s cerca de lograr este sue\u00f1o que le apuesta a una formaci\u00f3n de calidad para nuestros j\u00f3venes\u201d, se\u00f1al\u00f3 el mandatario bolivarense.<\/p>\n<p>Laura Vitola, secretaria de Infraestructura de Bol\u00edvar, se\u00f1al\u00f3 que la obra cumple con altos est\u00e1ndares que les permitir\u00e1 a los estudiantes ambientes favorables para su estudio.<\/p>\n<p>\u00abEn estos momentos nos encontramos en la etapa de pintura, instalaci\u00f3n del cielo raso, impermeabilizaciones, afinado de pisos, carpinter\u00eda met\u00e1lica y madera, as\u00ed como la terminaci\u00f3n de las cubiertas\u00bb, expres\u00f3.<\/p>\n<p>La funcionaria se\u00f1al\u00f3 que se trabaja a buen ritmo con el fin de poder entregar esta infraestructura en el menor tiempo posible, para que entre en funcionamiento y permita tener excelentes estudiantes y grandes hombres y mujeres que le entreguen sus conocimientos a los bolivarenses.<\/p>\n<p>Se est\u00e1 a la espera que se defina la fecha de entrega y dotaci\u00f3n de la sede para que el Gobernador ponga en funcionamiento este nuevo espacio para la educaci\u00f3n.<\/p>\n","protected":false},"excerpt":{"rendered":"<p>Magangu\u00e9, 24 de septiembre de 2024.- El gobernador de Bol\u00edvar, Yamil Arana Padau\u00ed, destac\u00f3 el avance del 85% de la construcci\u00f3n del Sena de Magangu\u00e9, importante obra que ser\u00e1 clave para que los j\u00f3venes del sur del departamento puedan cumplir sus sue\u00f1os educativos y aportar a la econom\u00eda del territorio. \u00abEs un esfuerzo enorme que dar\u00e1 muchos resultados positivos para nuestro departamento. Cada vez estamos m\u00e1s cerca de lograr este sue\u00f1o que le apuesta a una formaci\u00f3n de calidad para nuestros j\u00f3venes\u201d, se\u00f1al\u00f3 el mandatario bolivarense. Laura Vitola, secretaria de&#8230; <\/p>\n","protected":false},"author":3,"featured_media":54677,"comment_status":"closed","ping_status":"closed","sticky":false,"template":"","format":"standard","meta":{"footnotes":"","_links_to":"","_links_to_target":""},"categories":[33,1450,80],"tags":[73,285,635,300,1185],"class_list":["post-54666","post","type-post","status-publish","format-standard","has-post-thumbnail","hentry","category-actualidad-bolivar","category-parasladers","category-region","tag-bolivar","tag-destacada","tag-magangue","tag-region","tag-sena"],"_links":{"self":[{"href":"https:\/\/revistazetta.com\/index.php?rest_route=\/wp\/v2\/posts\/54666","targetHints":{"allow":["GET"]}}],"collection":[{"href":"https:\/\/revistazetta.com\/index.php?rest_route=\/wp\/v2\/posts"}],"about":[{"href":"https:\/\/revistazetta.com\/index.php?rest_route=\/wp\/v2\/types\/post"}],"author":[{"embeddable":true,"href":"https:\/\/revistazetta.com\/index.php?rest_route=\/wp\/v2\/users\/3"}],"replies":[{"embeddable":true,"href":"https:\/\/revistazetta.com\/index.php?rest_route=%2Fwp%2Fv2%2Fcomments&post=54666"}],"version-history":[{"count":0,"href":"https:\/\/revistazetta.com\/index.php?rest_route=\/wp\/v2\/posts\/54666\/revisions"}],"wp:featuredmedia":[{"embeddable":true,"href":"https:\/\/revistazetta.com\/index.php?rest_route=\/wp\/v2\/media\/54677"}],"wp:attachment":[{"href":"https:\/\/revistazetta.com\/index.php?rest_route=%2Fwp%2Fv2%2Fmedia&parent=54666"}],"wp:term":[{"taxonomy":"category","embeddable":true,"href":"https:\/\/revistazetta.com\/index.php?rest_route=%2Fwp%2Fv2%2Fcategories&post=54666"},{"taxonomy":"post_tag","embeddable":true,"href":"https:\/\/revistazetta.com\/index.php?rest_route=%2Fwp%2Fv2%2Ftags&post=54666"}],"curies":[{"name":"wp","href":"https:\/\/api.w.org\/{rel}","templated":true}]}}