{"id":54667,"date":"2024-09-24T07:24:57","date_gmt":"2024-09-24T12:24:57","guid":{"rendered":"https:\/\/revistazetta.com\/?p=54667"},"modified":"2024-09-24T07:24:57","modified_gmt":"2024-09-24T12:24:57","slug":"comienza-la-fiesta-del-jazz-y-la-musica-del-caribe-en-cartagena","status":"publish","type":"post","link":"https:\/\/revistazetta.com\/?p=54667","title":{"rendered":"Comienza la fiesta del jazz y la m\u00fasica del Caribe en Cartagena"},"content":{"rendered":"<p><span style=\"color: #0000ff;\"><em>Este martes 24 de septiembre se inaugura el Festival Voces del Jazz y del Caribe en el teatro Adolfo Mej\u00eda con la presentaci\u00f3n de la aclamada cantante francesa Camile Bertault.<\/em><\/span><\/p>\n<p><strong>Cartagena de Indias, 24 de septiembre de 2024.-\u00a0<\/strong>La espera por fin termin\u00f3. Desde esta noche Cartagena se vestir\u00e1 con un colorido vestido de diversas tonalidades, de m\u00fasica, de fiesta y de alegr\u00eda, para darle la bienvenida a la d\u00e9cimo primera edici\u00f3n del Festival Voces del Jazz y del Caribe, que este a\u00f1o rinde homenaje a la reina del bullerengue Petrona Mart\u00ednez.<\/p>\n<p>Con la participaci\u00f3n de 16 bandas y 130 talentosos artistas provenientes de lugares tan diversos como el Caribe, \u00c1frica, Estados Unidos y Colombia, hoy rompe fuegos el Festival de jazz m\u00e1s importante de Cartagena, evento que se celebrar\u00e1 hasta el pr\u00f3ximo s\u00e1bado 28 de septiembre. Esta fiesta caribe es una oportunidad \u00fanica para disfrutar de g\u00e9neros como el soukous, jazz, reggae y otros ritmos caribe\u00f1os.<\/p>\n<p>La jornada de apertura ser\u00e1 a partir de las 7 de la noche en el teatro Adolfo Mej\u00eda, y contar\u00e1 con la participaci\u00f3n de la cantante de jazz francesa Camile Bertault, junto a las orquestas Jazz and Jam, Son San Buenaventura y la orquesta femenina cartagenera Asonros\u00e9.<\/p>\n<p>Dirigido por Manuel Lozano Pineda, apasionado por el jazz y defensor de la herencia musical del Caribe, este festival no solo celebra el jazz, sino que tambi\u00e9n explora y enriquece la diversidad musical caribe\u00f1a y su conexi\u00f3n con \u00c1frica. Desde su primera edici\u00f3n, en el festival se han presentado m\u00fasicos y artistas de todo el mundo, convirti\u00e9ndose en una plataforma donde el arte se encuentra con una audiencia apasionada.<\/p>\n<p>\u201cEste a\u00f1o el festival se nos creci\u00f3 y es una manera de homenajear a nuestra ciudad Cartagena que se merece espect\u00e1culos de gran envergadura para capitalizar todo este atractivo tur\u00edstico que tenemos\u201d, expres\u00f3 Lozano Pineda.<\/p>\n<p>Adem\u00e1s de conciertos en vivo y un concurso de bandas, el festival ofrecer\u00e1 actividades acad\u00e9micas, como clases magistrales y talleres especializados. Tambi\u00e9n habr\u00e1 di\u00e1logos y conversatorios donde podr\u00e1s interactuar con m\u00fasicos y expertos.<\/p>\n<p>El concurso de bandas es uno de los puntos fuertes del festival, ofreciendo una oportunidad \u00fanica para que j\u00f3venes talentos se den a conocer y trabajen junto a m\u00fasicos de renombre.<\/p>\n<p>Las bandas que iniciar\u00e1n su participaci\u00f3n el 25 de septiembre, a las 5 de la tarde, son una representaci\u00f3n del pa\u00eds musical, ya que provienen de sitios diversos como Bogot\u00e1, Envigado, Medell\u00edn, Zipaquir\u00e1, Marinilla, Pasto, Rionegro, Bucaramanga, Cartagena y una que la conformar m\u00fasicos canadienses y cartageneros.<\/p>\n<p>Camile Bertault, la figura central de la noche de apertura, es una cantante nacida en Par\u00eds, Francia. Aprendi\u00f3 piano de la mano de su padre, ingeniero de sonido y estudi\u00f3 jazz en el conservatorio de Par\u00eds. Lanz\u00f3 su primer \u00e1lbum en abril de 2016 y el segundo en 2018. En 2020, su voz reson\u00f3 en el film de animaci\u00f3n \u201cVoyage vers la Lune\u201d, interpretando la canci\u00f3n \u201cM\u2019envoler\u201d para los cr\u00e9ditos finales y como promoci\u00f3n del film en Netflix. En 2023, recibi\u00f3 la \u201cVictoire du jazz vocal\u201d compartida con Hugh Coltman en las Victoires du Jazz, consolidando su estatus como una destacada vocalista de jazz.<\/p>\n<p>Tambi\u00e9n estar\u00e1 en el sublime escenario cartagenero las orquesta locales y de gran proyecci\u00f3n internacional: Jazz and Jam, dirigida por Liliana Atencia y conformada por j\u00f3venes talentosos de la Universidad de Bellas Artes y Ciencias de Bol\u00edvar, Unibac; la orquesta Son San Buenaventura, bajo la direcci\u00f3n del reconocido Alfonso G\u00f3mez, y la orquesta Asonros\u00e9, agrupaci\u00f3n cartagenera creada por el director del festival, Manuel Lozano, integrada por mujeres y que se destaca por su fusi\u00f3n de latin jazz y salsa dura.<\/p>\n","protected":false},"excerpt":{"rendered":"<p>Este martes 24 de septiembre se inaugura el Festival Voces del Jazz y del Caribe en el teatro Adolfo Mej\u00eda con la presentaci\u00f3n de la aclamada cantante francesa Camile Bertault. Cartagena de Indias, 24 de septiembre de 2024.-\u00a0La espera por fin termin\u00f3. Desde esta noche Cartagena se vestir\u00e1 con un colorido vestido de diversas tonalidades, de m\u00fasica, de fiesta y de alegr\u00eda, para darle la bienvenida a la d\u00e9cimo primera edici\u00f3n del Festival Voces del Jazz y del Caribe, que este a\u00f1o rinde homenaje a la reina del bullerengue Petrona&#8230; <\/p>\n","protected":false},"author":3,"featured_media":54668,"comment_status":"closed","ping_status":"closed","sticky":false,"template":"","format":"standard","meta":{"footnotes":"","_links_to":"","_links_to_target":""},"categories":[41,1450,43],"tags":[290,285,304,732],"class_list":["post-54667","post","type-post","status-publish","format-standard","has-post-thumbnail","hentry","category-cultura","category-parasladers","category-cultura-musica","tag-cultura","tag-destacada","tag-musica","tag-voces-del-jazz"],"_links":{"self":[{"href":"https:\/\/revistazetta.com\/index.php?rest_route=\/wp\/v2\/posts\/54667","targetHints":{"allow":["GET"]}}],"collection":[{"href":"https:\/\/revistazetta.com\/index.php?rest_route=\/wp\/v2\/posts"}],"about":[{"href":"https:\/\/revistazetta.com\/index.php?rest_route=\/wp\/v2\/types\/post"}],"author":[{"embeddable":true,"href":"https:\/\/revistazetta.com\/index.php?rest_route=\/wp\/v2\/users\/3"}],"replies":[{"embeddable":true,"href":"https:\/\/revistazetta.com\/index.php?rest_route=%2Fwp%2Fv2%2Fcomments&post=54667"}],"version-history":[{"count":0,"href":"https:\/\/revistazetta.com\/index.php?rest_route=\/wp\/v2\/posts\/54667\/revisions"}],"wp:featuredmedia":[{"embeddable":true,"href":"https:\/\/revistazetta.com\/index.php?rest_route=\/wp\/v2\/media\/54668"}],"wp:attachment":[{"href":"https:\/\/revistazetta.com\/index.php?rest_route=%2Fwp%2Fv2%2Fmedia&parent=54667"}],"wp:term":[{"taxonomy":"category","embeddable":true,"href":"https:\/\/revistazetta.com\/index.php?rest_route=%2Fwp%2Fv2%2Fcategories&post=54667"},{"taxonomy":"post_tag","embeddable":true,"href":"https:\/\/revistazetta.com\/index.php?rest_route=%2Fwp%2Fv2%2Ftags&post=54667"}],"curies":[{"name":"wp","href":"https:\/\/api.w.org\/{rel}","templated":true}]}}