{"id":54723,"date":"2024-09-29T08:21:18","date_gmt":"2024-09-29T13:21:18","guid":{"rendered":"https:\/\/revistazetta.com\/?p=54723"},"modified":"2024-09-29T08:21:18","modified_gmt":"2024-09-29T13:21:18","slug":"nuevos-propietarios-gobernador-yamil-arana-entrego-300-titulos-de-vivienda-en-marialabaja","status":"publish","type":"post","link":"https:\/\/revistazetta.com\/?p=54723","title":{"rendered":"\u00a1Nuevos propietarios! Gobernador Yamil Arana entreg\u00f3 300 t\u00edtulos de vivienda en Mar\u00edalabaja"},"content":{"rendered":"<p><strong>Mar\u00edalabaja, 29 septiembre de 2024.-<\/strong> Adelaida Romo P\u00e9rez, residente del barrio Villa Versalles en Mar\u00edalabaja desde hace 19 a\u00f1os, al igual que otras 299 personas, recibi\u00f3 el t\u00edtulo de propiedad de su vivienda de manos del gobernador de Bol\u00edvar, Yamil Arana. En un emotivo evento, marcado por risas y l\u00e1grimas, tambi\u00e9n se entregaron t\u00edtulos de propiedad a Dulcinda Mendoza, de 86 a\u00f1os, habitante del barrio El Para\u00edso; Nazario Ramos P\u00e1jaro, de Bellavista; In\u00edrida Susana Ru\u00edz, y Austreberta Antibar.<\/p>\n<p>El gobernador Yamil Arana hizo entrega de t\u00edtulos de propiedad a familias que han habitado sus casas durante m\u00e1s de 40 a\u00f1os en Mar\u00edalabaja. Durante el evento, Arana estuvo acompa\u00f1ado por el alcalde de Mar\u00edalabaja, Ramiro Gonz\u00e1lez; el coordinador de la Superintendencia de Notariado y Registro,Daniel Castro, y el director de Vivienda de Bol\u00edvar, William Garc\u00eda Tirado.<\/p>\n<p>\u201cEs un honor venir a Mar\u00edalabaja, un territorio de gente resiliente y valiente. Disfruto compartir con ustedes, porque, a pesar de las circunstancias dif\u00edciles, siempre hablan con orgullo de su departamento y de su tierra. Lo m\u00e1s significativo de este d\u00eda es que saldr\u00e1n de aqu\u00ed como due\u00f1os legales de sus hogares. Adem\u00e1s, nos comprometemos a acompa\u00f1ar esta transformaci\u00f3n integral con programas de mejoramiento de vivienda, y William Garc\u00eda ser\u00e1 el encargado de llevarlos a cabo\u201d, afirm\u00f3 Arana.<\/p>\n<p>El gobernador tambi\u00e9n destac\u00f3 los pr\u00f3ximos proyectos para mejorar la calidad de vida en el municipio: \u201cQuiero que sus casas tengan ba\u00f1os, cocinas, pisos dignos y que as\u00ed su calidad de vida mejore. Pero eso no es todo, a Mar\u00edalabaja le traeremos m\u00e1s buenas noticias: estamos trabajando en los acueductos de Mampuj\u00e1n y San Pablo, y construiremos el hospital regional de los Montes de Mar\u00eda. Aqu\u00ed tienen a un gobernador comprometido con ustedes\u201d.<\/p>\n<p>La entrega de los t\u00edtulos de propiedad fue posible gracias a una alianza entre la Gobernaci\u00f3n de Bol\u00edvar, el municipio de Mar\u00edalabaja\u00a0y la Superintendencia de Notariado y Registro. Las familias beneficiadas, muchas con m\u00e1s de 30 a\u00f1os de espera, ahora podr\u00e1n acreditar legalmente la propiedad de sus viviendas, lo que les permitir\u00e1 acceder a cr\u00e9ditos, subsidios, alquilar o incluso vender sus inmuebles.<\/p>\n<p>El alcalde de Mar\u00edalabaja, Ramiro Gonz\u00e1lez Mancilla, expres\u00f3 su gratitud hacia el gobernador: \u201cQuiero agradecer a un hombre que ha devuelto la esperanza a los bolivarenses. Hoy estamos beneficiando a muchas familias, y seguiremos trabajando para alcanzar a muchas m\u00e1s. Esta es una promesa cumplida\u201d.<\/p>\n<p><img loading=\"lazy\" decoding=\"async\" class=\"alignnone size-medium wp-image-54725\" src=\"https:\/\/revistazetta.com\/wp-content\/uploads\/2024\/09\/WhatsApp-Image-2024-09-28-at-12.00.43-1-500x333.jpeg\" alt=\"\" width=\"500\" height=\"333\" srcset=\"https:\/\/revistazetta.com\/wp-content\/uploads\/2024\/09\/WhatsApp-Image-2024-09-28-at-12.00.43-1-500x333.jpeg 500w, https:\/\/revistazetta.com\/wp-content\/uploads\/2024\/09\/WhatsApp-Image-2024-09-28-at-12.00.43-1-1024x683.jpeg 1024w, https:\/\/revistazetta.com\/wp-content\/uploads\/2024\/09\/WhatsApp-Image-2024-09-28-at-12.00.43-1-243x162.jpeg 243w, https:\/\/revistazetta.com\/wp-content\/uploads\/2024\/09\/WhatsApp-Image-2024-09-28-at-12.00.43-1-1536x1024.jpeg 1536w, https:\/\/revistazetta.com\/wp-content\/uploads\/2024\/09\/WhatsApp-Image-2024-09-28-at-12.00.43-1-2048x1365.jpeg 2048w\" sizes=\"auto, (max-width: 500px) 100vw, 500px\" \/> <img loading=\"lazy\" decoding=\"async\" class=\"alignnone size-medium wp-image-54726\" src=\"https:\/\/revistazetta.com\/wp-content\/uploads\/2024\/09\/WhatsApp-Image-2024-09-28-at-12.00.44-1-500x333.jpeg\" alt=\"\" width=\"500\" height=\"333\" srcset=\"https:\/\/revistazetta.com\/wp-content\/uploads\/2024\/09\/WhatsApp-Image-2024-09-28-at-12.00.44-1-500x333.jpeg 500w, https:\/\/revistazetta.com\/wp-content\/uploads\/2024\/09\/WhatsApp-Image-2024-09-28-at-12.00.44-1-1024x683.jpeg 1024w, https:\/\/revistazetta.com\/wp-content\/uploads\/2024\/09\/WhatsApp-Image-2024-09-28-at-12.00.44-1-243x162.jpeg 243w, https:\/\/revistazetta.com\/wp-content\/uploads\/2024\/09\/WhatsApp-Image-2024-09-28-at-12.00.44-1-1536x1024.jpeg 1536w, https:\/\/revistazetta.com\/wp-content\/uploads\/2024\/09\/WhatsApp-Image-2024-09-28-at-12.00.44-1-2048x1366.jpeg 2048w\" sizes=\"auto, (max-width: 500px) 100vw, 500px\" \/> <img loading=\"lazy\" decoding=\"async\" class=\"alignnone size-medium wp-image-54727\" src=\"https:\/\/revistazetta.com\/wp-content\/uploads\/2024\/09\/WhatsApp-Image-2024-09-28-at-12.00.44-2-500x333.jpeg\" alt=\"\" width=\"500\" height=\"333\" srcset=\"https:\/\/revistazetta.com\/wp-content\/uploads\/2024\/09\/WhatsApp-Image-2024-09-28-at-12.00.44-2-500x333.jpeg 500w, https:\/\/revistazetta.com\/wp-content\/uploads\/2024\/09\/WhatsApp-Image-2024-09-28-at-12.00.44-2-1024x683.jpeg 1024w, https:\/\/revistazetta.com\/wp-content\/uploads\/2024\/09\/WhatsApp-Image-2024-09-28-at-12.00.44-2-243x162.jpeg 243w, https:\/\/revistazetta.com\/wp-content\/uploads\/2024\/09\/WhatsApp-Image-2024-09-28-at-12.00.44-2-1536x1024.jpeg 1536w, https:\/\/revistazetta.com\/wp-content\/uploads\/2024\/09\/WhatsApp-Image-2024-09-28-at-12.00.44-2-2048x1365.jpeg 2048w\" sizes=\"auto, (max-width: 500px) 100vw, 500px\" \/> <img loading=\"lazy\" decoding=\"async\" class=\"alignnone size-medium wp-image-54728\" src=\"https:\/\/revistazetta.com\/wp-content\/uploads\/2024\/09\/WhatsApp-Image-2024-09-28-at-12.00.44-500x333.jpeg\" alt=\"\" width=\"500\" height=\"333\" srcset=\"https:\/\/revistazetta.com\/wp-content\/uploads\/2024\/09\/WhatsApp-Image-2024-09-28-at-12.00.44-500x333.jpeg 500w, https:\/\/revistazetta.com\/wp-content\/uploads\/2024\/09\/WhatsApp-Image-2024-09-28-at-12.00.44-1024x683.jpeg 1024w, https:\/\/revistazetta.com\/wp-content\/uploads\/2024\/09\/WhatsApp-Image-2024-09-28-at-12.00.44-243x162.jpeg 243w, https:\/\/revistazetta.com\/wp-content\/uploads\/2024\/09\/WhatsApp-Image-2024-09-28-at-12.00.44-1536x1024.jpeg 1536w, https:\/\/revistazetta.com\/wp-content\/uploads\/2024\/09\/WhatsApp-Image-2024-09-28-at-12.00.44-2048x1365.jpeg 2048w\" sizes=\"auto, (max-width: 500px) 100vw, 500px\" \/><\/p>\n","protected":false},"excerpt":{"rendered":"<p>Mar\u00edalabaja, 29 septiembre de 2024.- Adelaida Romo P\u00e9rez, residente del barrio Villa Versalles en Mar\u00edalabaja desde hace 19 a\u00f1os, al igual que otras 299 personas, recibi\u00f3 el t\u00edtulo de propiedad de su vivienda de manos del gobernador de Bol\u00edvar, Yamil Arana. En un emotivo evento, marcado por risas y l\u00e1grimas, tambi\u00e9n se entregaron t\u00edtulos de propiedad a Dulcinda Mendoza, de 86 a\u00f1os, habitante del barrio El Para\u00edso; Nazario Ramos P\u00e1jaro, de Bellavista; In\u00edrida Susana Ru\u00edz, y Austreberta Antibar. El gobernador Yamil Arana hizo entrega de t\u00edtulos de propiedad a familias&#8230; <\/p>\n","protected":false},"author":3,"featured_media":54724,"comment_status":"closed","ping_status":"closed","sticky":false,"template":"","format":"standard","meta":{"footnotes":"","_links_to":"","_links_to_target":""},"categories":[1450],"tags":[],"class_list":["post-54723","post","type-post","status-publish","format-standard","has-post-thumbnail","hentry","category-parasladers"],"_links":{"self":[{"href":"https:\/\/revistazetta.com\/index.php?rest_route=\/wp\/v2\/posts\/54723","targetHints":{"allow":["GET"]}}],"collection":[{"href":"https:\/\/revistazetta.com\/index.php?rest_route=\/wp\/v2\/posts"}],"about":[{"href":"https:\/\/revistazetta.com\/index.php?rest_route=\/wp\/v2\/types\/post"}],"author":[{"embeddable":true,"href":"https:\/\/revistazetta.com\/index.php?rest_route=\/wp\/v2\/users\/3"}],"replies":[{"embeddable":true,"href":"https:\/\/revistazetta.com\/index.php?rest_route=%2Fwp%2Fv2%2Fcomments&post=54723"}],"version-history":[{"count":0,"href":"https:\/\/revistazetta.com\/index.php?rest_route=\/wp\/v2\/posts\/54723\/revisions"}],"wp:featuredmedia":[{"embeddable":true,"href":"https:\/\/revistazetta.com\/index.php?rest_route=\/wp\/v2\/media\/54724"}],"wp:attachment":[{"href":"https:\/\/revistazetta.com\/index.php?rest_route=%2Fwp%2Fv2%2Fmedia&parent=54723"}],"wp:term":[{"taxonomy":"category","embeddable":true,"href":"https:\/\/revistazetta.com\/index.php?rest_route=%2Fwp%2Fv2%2Fcategories&post=54723"},{"taxonomy":"post_tag","embeddable":true,"href":"https:\/\/revistazetta.com\/index.php?rest_route=%2Fwp%2Fv2%2Ftags&post=54723"}],"curies":[{"name":"wp","href":"https:\/\/api.w.org\/{rel}","templated":true}]}}