{"id":54798,"date":"2024-10-05T10:22:48","date_gmt":"2024-10-05T15:22:48","guid":{"rendered":"https:\/\/revistazetta.com\/?p=54798"},"modified":"2024-10-05T10:22:48","modified_gmt":"2024-10-05T15:22:48","slug":"jovenes-emprendedores-de-bolivar-a-capacitarse-en-transformacion-digital","status":"publish","type":"post","link":"https:\/\/revistazetta.com\/?p=54798","title":{"rendered":"J\u00f3venes emprendedores de Bol\u00edvar: \u00a1a capacitarse en transformaci\u00f3n digital!"},"content":{"rendered":"<p><strong>Turbaco, 5 de octubre de 2024.-<\/strong> Con el fin de capacitar a j\u00f3venes emprendedores en transformaci\u00f3n digital, la Gobernaci\u00f3n de Bol\u00edvar, hace extensiva la invitaci\u00f3n a la poblaci\u00f3n juvenil del territorio entre los 18 y los 22 a\u00f1os de edad para que apliquen a esta convocatoria, la cual es respaldada por el Gobierno Departamental a trav\u00e9s de la Secretar\u00eda de Desarrollo Econ\u00f3mico.<\/p>\n<p>\u2018Transformaci\u00f3n digital para emprendedores\u2019 cuenta con la subvenci\u00f3n Icetex 2024, gracias a la alianza de la Gobernaci\u00f3n de Bol\u00edvar con la Corporaci\u00f3n Universitaria Iberoamericana (IBERO), la Universidad San Buenaventura Cartagena (USBCTG) y EAE Business School de Barcelona.<\/p>\n<p><img loading=\"lazy\" decoding=\"async\" class=\"alignnone wp-image-54800 size-large\" src=\"https:\/\/revistazetta.com\/wp-content\/uploads\/2024\/10\/WhatsApp-Image-2024-10-05-at-09.59.02-819x1024.jpeg\" alt=\"\" width=\"819\" height=\"1024\" srcset=\"https:\/\/revistazetta.com\/wp-content\/uploads\/2024\/10\/WhatsApp-Image-2024-10-05-at-09.59.02-819x1024.jpeg 819w, https:\/\/revistazetta.com\/wp-content\/uploads\/2024\/10\/WhatsApp-Image-2024-10-05-at-09.59.02-266x333.jpeg 266w, https:\/\/revistazetta.com\/wp-content\/uploads\/2024\/10\/WhatsApp-Image-2024-10-05-at-09.59.02-130x162.jpeg 130w, https:\/\/revistazetta.com\/wp-content\/uploads\/2024\/10\/WhatsApp-Image-2024-10-05-at-09.59.02.jpeg 1080w\" sizes=\"auto, (max-width: 819px) 100vw, 819px\" \/><\/p>\n<p>Este programa tiene en su prop\u00f3sito general capacitar a 100 j\u00f3venes bolivarenses entre los 18 y 22 a\u00f1os de los municipios de: Arjona, Clemencia, Turbaco, Santa Rosa de Lima, Santa Catalina y Villanueva. El objetivo es desarrollar habilidades necesarias para que los j\u00f3venes beneficiados puedan crecer e impactar a nivel global, incorporando la experiencia digital en sus emprendimientos y capacidad para tejer redes de negocios.<\/p>\n<p>Por esta iniciativa formativa el gobernador de Bol\u00edvar, Yamil Arana Padau\u00ed, manifiesta su complacencia, toda vez que la convocatoria \u201ces sin\u00f3nimo de una gran oportunidad que tienen los j\u00f3venes emprendedores del departamento para contar con mayores conocimientos, conceptos y practicidad en lo que concierne a transformaci\u00f3n digital\u201d.<\/p>\n<p>\u201cLas inscripciones estar\u00e1n abiertas hasta el 30 de octubre de 2024. El mensaje es para que se capaciten ustedes j\u00f3venes bolivarenses. No pierdan la oportunidad de contar con crecimiento profesional\u201d, agreg\u00f3 Arana Padau\u00ed.<\/p>\n<p>Cabe destacar la gesti\u00f3n por parte de la Secretar\u00eda Departamental de Desarrollo Regional, en cabeza de Ang\u00e9lica Villalba, para generar esta clase de alianzas internacionales y acad\u00e9micas que buscan reducir la brecha digital y mejorar la competitividad de las peque\u00f1as empresas juveniles en Bol\u00edvar.<\/p>\n<p>Durante el programa, los participantes recibir\u00e1n formaci\u00f3n internacional en \u00e1reas como econom\u00eda y anal\u00edtica digital, big data, inteligencia artificial y transformaci\u00f3n cultural. Estos conocimientos les permitir\u00e1n optimizar sus modelos de negocio y adaptarse al cambiante panorama de la empleabilidad y la generaci\u00f3n de ingresos de base tecnol\u00f3gica que enfrentamos en la actualidad.<\/p>\n<p>El programa tiene una duraci\u00f3n de 100 horas, repartidas en 6 meses de formaci\u00f3n, distribuidas en parte online y mentor\u00edas para la implementaci\u00f3n del Plan de Transformaci\u00f3n Digital.<\/p>\n<p>El inicio de este programa formativo es a partir de enero de 2025, y se puede inscribir en:\u00a0<a href=\"http:\/\/surl.li\/wepusi\" target=\"_blank\" rel=\"noopener\">http:\/\/surl.li\/wepusi<\/a><\/p>\n<p>&nbsp;<\/p>\n","protected":false},"excerpt":{"rendered":"<p>Turbaco, 5 de octubre de 2024.- Con el fin de capacitar a j\u00f3venes emprendedores en transformaci\u00f3n digital, la Gobernaci\u00f3n de Bol\u00edvar, hace extensiva la invitaci\u00f3n a la poblaci\u00f3n juvenil del territorio entre los 18 y los 22 a\u00f1os de edad para que apliquen a esta convocatoria, la cual es respaldada por el Gobierno Departamental a trav\u00e9s de la Secretar\u00eda de Desarrollo Econ\u00f3mico. \u2018Transformaci\u00f3n digital para emprendedores\u2019 cuenta con la subvenci\u00f3n Icetex 2024, gracias a la alianza de la Gobernaci\u00f3n de Bol\u00edvar con la Corporaci\u00f3n Universitaria Iberoamericana (IBERO), la Universidad San&#8230; <\/p>\n","protected":false},"author":3,"featured_media":54799,"comment_status":"closed","ping_status":"closed","sticky":false,"template":"","format":"standard","meta":{"footnotes":"","_links_to":"","_links_to_target":""},"categories":[33,1450,80],"tags":[73,285,300,583],"class_list":["post-54798","post","type-post","status-publish","format-standard","has-post-thumbnail","hentry","category-actualidad-bolivar","category-parasladers","category-region","tag-bolivar","tag-destacada","tag-region","tag-yamil-arana"],"_links":{"self":[{"href":"https:\/\/revistazetta.com\/index.php?rest_route=\/wp\/v2\/posts\/54798","targetHints":{"allow":["GET"]}}],"collection":[{"href":"https:\/\/revistazetta.com\/index.php?rest_route=\/wp\/v2\/posts"}],"about":[{"href":"https:\/\/revistazetta.com\/index.php?rest_route=\/wp\/v2\/types\/post"}],"author":[{"embeddable":true,"href":"https:\/\/revistazetta.com\/index.php?rest_route=\/wp\/v2\/users\/3"}],"replies":[{"embeddable":true,"href":"https:\/\/revistazetta.com\/index.php?rest_route=%2Fwp%2Fv2%2Fcomments&post=54798"}],"version-history":[{"count":0,"href":"https:\/\/revistazetta.com\/index.php?rest_route=\/wp\/v2\/posts\/54798\/revisions"}],"wp:featuredmedia":[{"embeddable":true,"href":"https:\/\/revistazetta.com\/index.php?rest_route=\/wp\/v2\/media\/54799"}],"wp:attachment":[{"href":"https:\/\/revistazetta.com\/index.php?rest_route=%2Fwp%2Fv2%2Fmedia&parent=54798"}],"wp:term":[{"taxonomy":"category","embeddable":true,"href":"https:\/\/revistazetta.com\/index.php?rest_route=%2Fwp%2Fv2%2Fcategories&post=54798"},{"taxonomy":"post_tag","embeddable":true,"href":"https:\/\/revistazetta.com\/index.php?rest_route=%2Fwp%2Fv2%2Ftags&post=54798"}],"curies":[{"name":"wp","href":"https:\/\/api.w.org\/{rel}","templated":true}]}}