{"id":54801,"date":"2024-10-05T10:35:18","date_gmt":"2024-10-05T15:35:18","guid":{"rendered":"https:\/\/revistazetta.com\/?p=54801"},"modified":"2024-10-05T10:35:18","modified_gmt":"2024-10-05T15:35:18","slug":"estefany-menaca-de-bocachica-llega-a-la-feria-gastronomica-festival-del-patacon-para-conquistar-cartagena","status":"publish","type":"post","link":"https:\/\/revistazetta.com\/?p=54801","title":{"rendered":"Estefany Me\u00f1aca, de Bocachica, llega a la Feria Gastron\u00f3mica Festival del PataC\u00f3n para conquistar Cartagena"},"content":{"rendered":"<p><strong>Bocachica, 5 de octubre de 2024.-<\/strong> Estefany Me\u00f1aca Polo, una fritanguera de coraz\u00f3n y madre cabeza de familia, ha dedicado los \u00faltimos 13 a\u00f1os de su vida a preparar deliciosos patacones en Bocachica, no solo para ganarse la vida, sino para asegurar un futuro mejor para su hija Abril. Ahora, su esfuerzo y dedicaci\u00f3n la han llevado a ser una de las invitadas de honor en la Feria Gastron\u00f3mica Festival del PataC\u00f3n, que se celebrar\u00e1 del 11 al 13 de octubre en el Camell\u00f3n de Los M\u00e1rtires.<\/p>\n<p>Este evento, liderado por el chef e influencer Edd Cabarcas, con el apoyo de la administraci\u00f3n del alcalde Dumek Turbay, promete convertirse en un hito de la gastronom\u00eda cartagenera.<\/p>\n<p>El camino de Estefany hacia el festival es tan aut\u00e9ntico como sus patacones. \u201cEl pasado 20 de septiembre, el alcalde, Dumek Turbay, visit\u00f3 Bocachica y, por casualidad, pas\u00f3 por la Calle del Puerto, donde tengo mi negocio. Mientras algunas amigas hablaban con \u00e9l sobre los problemas del agua en la isla, yo estaba fritando patacones. El aroma lo atrajo, y no pudo resistirse. Le ofrec\u00ed uno reci\u00e9n hecho, lo prob\u00f3, le gust\u00f3 y, para mi sorpresa, me invit\u00f3 personalmente a la feria. \u00a1No lo pod\u00eda creer hasta que el chef Edd Cabarcas vino a confirmarlo unos d\u00edas despu\u00e9s!\u201d, relata Estefany, a\u00fan sorprendida por la invitaci\u00f3n.<\/p>\n<p>Para ella, participar en este importante evento gastron\u00f3mico es un gran honor y un logro personal que le permite compartir su saz\u00f3n con un p\u00fablico mucho m\u00e1s amplio. \u201cEs una oportunidad incre\u00edble, no solo por el reconocimiento, sino porque puedo mostrarle a mi familia que todo es posible con esfuerzo y dedicaci\u00f3n. Invito a todos los cartageneros y visitantes a venir y probar el patac\u00f3n bocachiquero, \u00a1les prometo sorpresas!\u201d, expres\u00f3 emocionada.<\/p>\n<p>La Feria Gastron\u00f3mica Festival del PataC\u00f3n ser\u00e1 una plataforma no solo para degustar la mejor gastronom\u00eda local, sino tambi\u00e9n para reconocer el esfuerzo de mujeres como Estefany, que d\u00eda a d\u00eda luchan por sacar adelante a sus familias, consolidando este evento como un verdadero homenaje a la tradici\u00f3n, el trabajo duro y el sabor aut\u00e9ntico de Cartagena.<\/p>\n","protected":false},"excerpt":{"rendered":"<p>Bocachica, 5 de octubre de 2024.- Estefany Me\u00f1aca Polo, una fritanguera de coraz\u00f3n y madre cabeza de familia, ha dedicado los \u00faltimos 13 a\u00f1os de su vida a preparar deliciosos patacones en Bocachica, no solo para ganarse la vida, sino para asegurar un futuro mejor para su hija Abril. Ahora, su esfuerzo y dedicaci\u00f3n la han llevado a ser una de las invitadas de honor en la Feria Gastron\u00f3mica Festival del PataC\u00f3n, que se celebrar\u00e1 del 11 al 13 de octubre en el Camell\u00f3n de Los M\u00e1rtires. Este evento, liderado&#8230; <\/p>\n","protected":false},"author":3,"featured_media":54802,"comment_status":"closed","ping_status":"closed","sticky":false,"template":"","format":"standard","meta":{"footnotes":"","_links_to":"","_links_to_target":""},"categories":[58,41,1450],"tags":[328,290,285,2203],"class_list":["post-54801","post","type-post","status-publish","format-standard","has-post-thumbnail","hentry","category-cocina","category-cultura","category-parasladers","tag-cocina","tag-cultura","tag-destacada","tag-festival-del-patacon"],"_links":{"self":[{"href":"https:\/\/revistazetta.com\/index.php?rest_route=\/wp\/v2\/posts\/54801","targetHints":{"allow":["GET"]}}],"collection":[{"href":"https:\/\/revistazetta.com\/index.php?rest_route=\/wp\/v2\/posts"}],"about":[{"href":"https:\/\/revistazetta.com\/index.php?rest_route=\/wp\/v2\/types\/post"}],"author":[{"embeddable":true,"href":"https:\/\/revistazetta.com\/index.php?rest_route=\/wp\/v2\/users\/3"}],"replies":[{"embeddable":true,"href":"https:\/\/revistazetta.com\/index.php?rest_route=%2Fwp%2Fv2%2Fcomments&post=54801"}],"version-history":[{"count":0,"href":"https:\/\/revistazetta.com\/index.php?rest_route=\/wp\/v2\/posts\/54801\/revisions"}],"wp:featuredmedia":[{"embeddable":true,"href":"https:\/\/revistazetta.com\/index.php?rest_route=\/wp\/v2\/media\/54802"}],"wp:attachment":[{"href":"https:\/\/revistazetta.com\/index.php?rest_route=%2Fwp%2Fv2%2Fmedia&parent=54801"}],"wp:term":[{"taxonomy":"category","embeddable":true,"href":"https:\/\/revistazetta.com\/index.php?rest_route=%2Fwp%2Fv2%2Fcategories&post=54801"},{"taxonomy":"post_tag","embeddable":true,"href":"https:\/\/revistazetta.com\/index.php?rest_route=%2Fwp%2Fv2%2Ftags&post=54801"}],"curies":[{"name":"wp","href":"https:\/\/api.w.org\/{rel}","templated":true}]}}