{"id":54803,"date":"2024-10-07T17:21:48","date_gmt":"2024-10-07T22:21:48","guid":{"rendered":"https:\/\/revistazetta.com\/?p=54803"},"modified":"2024-10-07T17:21:48","modified_gmt":"2024-10-07T22:21:48","slug":"novillero-arturo-cartagena-en-los-carteles-de-la-feria-de-cali","status":"publish","type":"post","link":"https:\/\/revistazetta.com\/?p=54803","title":{"rendered":"Novillero Arturo Cartagena, en los carteles de la Feria de Cali"},"content":{"rendered":"<p><strong>Cali, 7 de octubre de 2024.-<\/strong> El novillero cartagenero \u00abArturo Cartagena\u00bb, de interesante temporada en Espa\u00f1a, fue anunciado en la n\u00f3mina de matadores que estar\u00e1 en la Feria de Cali, a celebrarse entre el 26 y el 30 de diciembre de 2024.<\/p>\n<p>Los carteles oficiales son los siguientes:<\/p>\n<p>\u2013 J 26\/12: <strong>Antonio Ferrera, Luis Bol\u00edvar <\/strong>y<strong> Fernando Adri\u00e1n<\/strong> (Ernesto Guti\u00e9rrez)<\/p>\n<p>\u2013 V 27\/12: <strong>Luis Miguel Ram\u00edrez, Bruno Aloi, Arturo Cartagena<\/strong> y <strong>Cristian Restrepo<\/strong> (Paispamba)<\/p>\n<p>\u2013 S 28\/12: <strong>Sebasti\u00e1n Castella, Jos\u00e9 Mar\u00eda Manzanares, Luis Bol\u00edvar y Alejandro Talavante<\/strong> (Las Ventas del Esp\u00edritu Santo)<\/p>\n<p>\u2013 D 29\/12: Festival taurino. <strong>Antonio Ferrera, Sebasti\u00e1n Castella, Alejandro Talavante, Octavio Garc\u00eda \u2018El Payo\u2019, Luis Castrill\u00f3n, Guillermo Valencia <\/strong>y <strong>Juan Hern\u00e1ndez<\/strong> (Diferentes ganader\u00edas)<\/p>\n<p>\u2013 L 30\/12: <strong>Manuel Escribano, Rom\u00e1n y Jes\u00fas Enrique Colombo<\/strong> (Campo Real)<\/p>\n<p>La empresa <strong>Toro Vive<\/strong> ha hecho oficiales las combinaciones de la <strong>Feria Taurina de Cali 2024<\/strong> con un gran n\u00famero de alicientes en sus carteles. El serial taurino tendr\u00e1 lugar del <strong>26 al 30 de diciembre<\/strong> en el coso de <strong>Ca\u00f1averalejo<\/strong> y que contar\u00e1 con las principales figuras del toreo y algunos de los j\u00f3venes m\u00e1s emergentes de esta temporada europea.<\/p>\n<p>&nbsp;<\/p>\n","protected":false},"excerpt":{"rendered":"<p>Cali, 7 de octubre de 2024.- El novillero cartagenero \u00abArturo Cartagena\u00bb, de interesante temporada en Espa\u00f1a, fue anunciado en la n\u00f3mina de matadores que estar\u00e1 en la Feria de Cali, a celebrarse entre el 26 y el 30 de diciembre de 2024. Los carteles oficiales son los siguientes: \u2013 J 26\/12: Antonio Ferrera, Luis Bol\u00edvar y Fernando Adri\u00e1n (Ernesto Guti\u00e9rrez) \u2013 V 27\/12: Luis Miguel Ram\u00edrez, Bruno Aloi, Arturo Cartagena y Cristian Restrepo (Paispamba) \u2013 S 28\/12: Sebasti\u00e1n Castella, Jos\u00e9 Mar\u00eda Manzanares, Luis Bol\u00edvar y Alejandro Talavante (Las Ventas del&#8230; <\/p>\n","protected":false},"author":3,"featured_media":54804,"comment_status":"closed","ping_status":"closed","sticky":false,"template":"","format":"standard","meta":{"footnotes":"","_links_to":"","_links_to_target":""},"categories":[41,1450,42],"tags":[1552,191,290,285,2228,211],"class_list":["post-54803","post","type-post","status-publish","format-standard","has-post-thumbnail","hentry","category-cultura","category-parasladers","category-cultura-toros","tag-arturo-cartagena","tag-cartagena-de-indias","tag-cultura","tag-destacada","tag-feria-de-cali","tag-toros"],"_links":{"self":[{"href":"https:\/\/revistazetta.com\/index.php?rest_route=\/wp\/v2\/posts\/54803","targetHints":{"allow":["GET"]}}],"collection":[{"href":"https:\/\/revistazetta.com\/index.php?rest_route=\/wp\/v2\/posts"}],"about":[{"href":"https:\/\/revistazetta.com\/index.php?rest_route=\/wp\/v2\/types\/post"}],"author":[{"embeddable":true,"href":"https:\/\/revistazetta.com\/index.php?rest_route=\/wp\/v2\/users\/3"}],"replies":[{"embeddable":true,"href":"https:\/\/revistazetta.com\/index.php?rest_route=%2Fwp%2Fv2%2Fcomments&post=54803"}],"version-history":[{"count":0,"href":"https:\/\/revistazetta.com\/index.php?rest_route=\/wp\/v2\/posts\/54803\/revisions"}],"wp:featuredmedia":[{"embeddable":true,"href":"https:\/\/revistazetta.com\/index.php?rest_route=\/wp\/v2\/media\/54804"}],"wp:attachment":[{"href":"https:\/\/revistazetta.com\/index.php?rest_route=%2Fwp%2Fv2%2Fmedia&parent=54803"}],"wp:term":[{"taxonomy":"category","embeddable":true,"href":"https:\/\/revistazetta.com\/index.php?rest_route=%2Fwp%2Fv2%2Fcategories&post=54803"},{"taxonomy":"post_tag","embeddable":true,"href":"https:\/\/revistazetta.com\/index.php?rest_route=%2Fwp%2Fv2%2Ftags&post=54803"}],"curies":[{"name":"wp","href":"https:\/\/api.w.org\/{rel}","templated":true}]}}