{"id":54824,"date":"2024-10-09T15:14:21","date_gmt":"2024-10-09T20:14:21","guid":{"rendered":"https:\/\/revistazetta.com\/?p=54824"},"modified":"2024-10-09T15:42:33","modified_gmt":"2024-10-09T20:42:33","slug":"cartagena-se-rinde-al-sabor-este-viernes-inicia-el-festival-del-patacon-en-el-camellon-de-los-martires","status":"publish","type":"post","link":"https:\/\/revistazetta.com\/?p=54824","title":{"rendered":"Cartagena se rinde al sabor: este viernes inicia el Festival del Patac\u00f3n en el Camell\u00f3n de los M\u00e1rtires"},"content":{"rendered":"<p><strong>Cartagena de Indias, 9 de octubre de 2024.-<\/strong> El alcalde Dumek Turbay y elinfluencer gastron\u00f3mico Edd Cabarcas, junto a decenas de cartageneros de a pie, efectuaron el lanzamiento oficial de la feria gastron\u00f3mica Festival del PataC\u00f3n sin tanta parla y sin tanto cuento. Este evento, que arranca el pr\u00f3ximo viernes 11 de octubre y se extender\u00e1 hasta el domingo 13, tendr\u00e1 lugar en el Camell\u00f3n de los M\u00e1rtires.<\/p>\n<p>Con el entusiasmo de un verdadero amante del patac\u00f3n, el alcalde Dumek Turbay no dud\u00f3 en confesar su debilidad por esta delicia callejera: \u201cYo soy de los que voy pasando y me llama la atenci\u00f3n un patac\u00f3n, paro y me lo como. Siempre con queso, porque ese es el matrimonio perfecto\u201d, dijo entre risas, resaltando su apego por lo aut\u00e9ntico y popular. As\u00ef mismo, extendi\u00f3 una invitaci\u00f3n a propios y extra\u00f1os a este importante evento gastron\u00f3mico.<\/p>\n<p>Por su parte, el organizador del evento, Edd Cabarcas, tambi\u00e9n comparti\u00f3 su pasi\u00f3n por el patac\u00f3n, asegurando que \u201ces perfecto solo, pero si est\u00e1 ba\u00f1ado en agua de ajo, no hay nada mejor\u201d. Este festival promete no solo ser una experiencia gastron\u00f3mica, sino tambi\u00e9n un homenaje a uno de los sabores m\u00e1s tradicionales de Cartagena.<\/p>\n<p>La presentaci\u00f3n no estuvo completa sin la compa\u00f1\u00eda de Jader El Tremendo, popular DJ de champeta, quien tambi\u00e9n se uni\u00f3 a la degustaci\u00f3n de patacones en el Camell\u00f3n de los M\u00e1rtires. Juntos, compartieron con los asistentes el sabor inigualable de este plato que es parte del ADN de la ciudad. Los visitantes a la feria gastron\u00f3mica Festival del PataC\u00f3n podr\u00e1n disfrutar de las preparaciones de 7 pataconeros y 3 matronas. Adem\u00e1s, se preparar\u00e1 el patac\u00f3n relleno m\u00e1s grande de Colombia.<\/p>\n<p>As\u00ed que, prep\u00e1rate, porque Cartagena sabe a Patac\u00f3n y esta feria promete ser el punto de encuentro para disfrutar, compartir y celebrar nuestra identidad gastron\u00f3mica.<\/p>\n","protected":false},"excerpt":{"rendered":"<p>Cartagena de Indias, 9 de octubre de 2024.- El alcalde Dumek Turbay y elinfluencer gastron\u00f3mico Edd Cabarcas, junto a decenas de cartageneros de a pie, efectuaron el lanzamiento oficial de la feria gastron\u00f3mica Festival del PataC\u00f3n sin tanta parla y sin tanto cuento. Este evento, que arranca el pr\u00f3ximo viernes 11 de octubre y se extender\u00e1 hasta el domingo 13, tendr\u00e1 lugar en el Camell\u00f3n de los M\u00e1rtires. Con el entusiasmo de un verdadero amante del patac\u00f3n, el alcalde Dumek Turbay no dud\u00f3 en confesar su debilidad por esta delicia&#8230; <\/p>\n","protected":false},"author":3,"featured_media":54833,"comment_status":"closed","ping_status":"closed","sticky":false,"template":"","format":"standard","meta":{"footnotes":"","_links_to":"","_links_to_target":""},"categories":[58,41,1450],"tags":[328,290,285,2203],"class_list":["post-54824","post","type-post","status-publish","format-standard","has-post-thumbnail","hentry","category-cocina","category-cultura","category-parasladers","tag-cocina","tag-cultura","tag-destacada","tag-festival-del-patacon"],"_links":{"self":[{"href":"https:\/\/revistazetta.com\/index.php?rest_route=\/wp\/v2\/posts\/54824","targetHints":{"allow":["GET"]}}],"collection":[{"href":"https:\/\/revistazetta.com\/index.php?rest_route=\/wp\/v2\/posts"}],"about":[{"href":"https:\/\/revistazetta.com\/index.php?rest_route=\/wp\/v2\/types\/post"}],"author":[{"embeddable":true,"href":"https:\/\/revistazetta.com\/index.php?rest_route=\/wp\/v2\/users\/3"}],"replies":[{"embeddable":true,"href":"https:\/\/revistazetta.com\/index.php?rest_route=%2Fwp%2Fv2%2Fcomments&post=54824"}],"version-history":[{"count":0,"href":"https:\/\/revistazetta.com\/index.php?rest_route=\/wp\/v2\/posts\/54824\/revisions"}],"wp:featuredmedia":[{"embeddable":true,"href":"https:\/\/revistazetta.com\/index.php?rest_route=\/wp\/v2\/media\/54833"}],"wp:attachment":[{"href":"https:\/\/revistazetta.com\/index.php?rest_route=%2Fwp%2Fv2%2Fmedia&parent=54824"}],"wp:term":[{"taxonomy":"category","embeddable":true,"href":"https:\/\/revistazetta.com\/index.php?rest_route=%2Fwp%2Fv2%2Fcategories&post=54824"},{"taxonomy":"post_tag","embeddable":true,"href":"https:\/\/revistazetta.com\/index.php?rest_route=%2Fwp%2Fv2%2Ftags&post=54824"}],"curies":[{"name":"wp","href":"https:\/\/api.w.org\/{rel}","templated":true}]}}