{"id":5491,"date":"2015-04-08T21:39:14","date_gmt":"2015-04-09T02:39:14","guid":{"rendered":"http:\/\/www.revistazetta.com\/?p=5491"},"modified":"2015-04-08T21:39:14","modified_gmt":"2015-04-09T02:39:14","slug":"jornada-gratuita-de-conciliacion-en-la-camara-de-comercio","status":"publish","type":"post","link":"https:\/\/revistazetta.com\/?p=5491","title":{"rendered":"Jornada gratuita de conciliaci\u00f3n en la C\u00e1mara de Comercio"},"content":{"rendered":"<p>Con el objetivo de que la comunidad cartagenera de los estratos 1, 2, y 3 solucionen sus conflictos civiles, comerciales y de familia, la C\u00e1mara de Comercio de Cartagena a trav\u00e9s de su Centro de Arbitraje y Conciliaci\u00f3n, ofrecer\u00e1 los d\u00edas 27 y 28 de mayo jornadas gratuitas de conciliaci\u00f3n en su sede del Centro y Ronda Real.<\/p>\n<p>Desde hoy est\u00e1n abiertas las inscripciones para acceder a la jornada gratuita de conciliaci\u00f3n del Centro de Arbitraje y Conciliaci\u00f3n de la C\u00e1mara de Comercio de Cartagena del pr\u00f3ximo mes de mayo.<\/p>\n<p>La ciudadan\u00eda podr\u00e1 obtener los formularios gratuitos en las sedes de la C\u00e1mara de Comercio, que deben ser diligenciados y entregados a partir de la fecha y hasta el d\u00eda lunes 4 de mayo o hasta agotar el cupo l\u00edmite de hasta 100 solicitudes; lo que suceda primero.<\/p>\n<p>La conciliaci\u00f3n es un acuerdo voluntario entre las partes en conflicto, orientado y dirigido por un conciliador experto y especializado en el tema, adscrito al Centro de Arbitraje y Conciliaci\u00f3n de la C\u00e1mara de Comercio, quien para la jornada gratuita donar\u00e1 sus servicios profesionales a aquellos conflictos que no superen una cuant\u00eda de 40 millones de pesos, entre personas de los estratos antes mencionados.<\/p>\n<p>Para la jornada se contar\u00e1 con la participaci\u00f3n de conciliadores especialistas en derecho civil, comercial y de familia, calificados en resoluci\u00f3n de conflictos y se dispondr\u00e1 de 4 salas para atender las audiencias.<\/p>\n<p>Las audiencias de la jornada gratuita de conciliaci\u00f3n se llevar\u00e1n a cabo en el horario de 8 a 12 y de 2 a 5 de la tarde.<\/p>\n<p>La ciudadan\u00eda tiene a su disposici\u00f3n formularios gratuitos en las sedes de la C\u00e1mara de Comercio, los cuales deben ser diligenciados y entregados <strong>a partir de la fecha y hasta el d\u00eda lunes 4 de mayo <\/strong>o hasta agotar el cupo limite de hasta 100 solicitudes; lo que suceda primero.<\/p>\n","protected":false},"excerpt":{"rendered":"<p>Con el objetivo de que la comunidad cartagenera de los estratos 1, 2, y 3 solucionen sus conflictos civiles, comerciales y de familia, la C\u00e1mara de Comercio de Cartagena a trav\u00e9s de su Centro de Arbitraje y Conciliaci\u00f3n, ofrecer\u00e1 los d\u00edas 27 y 28 de mayo jornadas gratuitas de conciliaci\u00f3n en su sede del Centro y Ronda Real. Desde hoy est\u00e1n abiertas las inscripciones para acceder a la jornada gratuita de conciliaci\u00f3n del Centro de Arbitraje y Conciliaci\u00f3n de la C\u00e1mara de Comercio de Cartagena del pr\u00f3ximo mes de mayo&#8230;. <\/p>\n","protected":false},"author":3,"featured_media":5492,"comment_status":"open","ping_status":"closed","sticky":false,"template":"","format":"standard","meta":{"footnotes":"","_links_to":"","_links_to_target":""},"categories":[1],"tags":[],"class_list":["post-5491","post","type-post","status-publish","format-standard","has-post-thumbnail","hentry","category-uncategorized"],"_links":{"self":[{"href":"https:\/\/revistazetta.com\/index.php?rest_route=\/wp\/v2\/posts\/5491","targetHints":{"allow":["GET"]}}],"collection":[{"href":"https:\/\/revistazetta.com\/index.php?rest_route=\/wp\/v2\/posts"}],"about":[{"href":"https:\/\/revistazetta.com\/index.php?rest_route=\/wp\/v2\/types\/post"}],"author":[{"embeddable":true,"href":"https:\/\/revistazetta.com\/index.php?rest_route=\/wp\/v2\/users\/3"}],"replies":[{"embeddable":true,"href":"https:\/\/revistazetta.com\/index.php?rest_route=%2Fwp%2Fv2%2Fcomments&post=5491"}],"version-history":[{"count":0,"href":"https:\/\/revistazetta.com\/index.php?rest_route=\/wp\/v2\/posts\/5491\/revisions"}],"wp:featuredmedia":[{"embeddable":true,"href":"https:\/\/revistazetta.com\/index.php?rest_route=\/wp\/v2\/media\/5492"}],"wp:attachment":[{"href":"https:\/\/revistazetta.com\/index.php?rest_route=%2Fwp%2Fv2%2Fmedia&parent=5491"}],"wp:term":[{"taxonomy":"category","embeddable":true,"href":"https:\/\/revistazetta.com\/index.php?rest_route=%2Fwp%2Fv2%2Fcategories&post=5491"},{"taxonomy":"post_tag","embeddable":true,"href":"https:\/\/revistazetta.com\/index.php?rest_route=%2Fwp%2Fv2%2Ftags&post=5491"}],"curies":[{"name":"wp","href":"https:\/\/api.w.org\/{rel}","templated":true}]}}