{"id":5493,"date":"2015-04-08T21:56:34","date_gmt":"2015-04-09T02:56:34","guid":{"rendered":"http:\/\/www.revistazetta.com\/?p=5493"},"modified":"2015-04-08T21:56:34","modified_gmt":"2015-04-09T02:56:34","slug":"manolo-duque-inscribe-comite-de-firmas-y-lanza-campana-a-la-alcaldia","status":"publish","type":"post","link":"https:\/\/revistazetta.com\/?p=5493","title":{"rendered":"Manolo Duque inscribe comit\u00e9 de firmas y lanza campa\u00f1a a la Alcald\u00eda"},"content":{"rendered":"<p>El periodista Manolo Duque inscribe este jueves en la tarde el movimiento \u201cPrimero la Gente\u201d que recolectar\u00e1 firmas en su aspiraci\u00f3n a la Alcald\u00eda de Cartagena.<\/p>\n<p>Luego del formalismo ante la Registradur\u00eda Nacional del Estado Civil en Manga, el candidato y sus seguidores se concentrar\u00e1n en el Centro Recreacional \u201cNapole\u00f3n Perea\u201d en el acto de lanzamiento de su candidatura.<\/p>\n<p>Los inscriptoras del movimiento ser\u00e1n en empresario Pablo \u201cCapi\u201d Galindo, la abogada Elsy Severiche y el m\u00e9dico Juan Mendoza G\u00f3ez.<\/p>\n<p>Este movimiento considera que Manolo Duque es un cartagenero din\u00e1mico y emprendedor, que como periodista y gestor social conoce los problemas que aquejan a los cartageneros. Durante su ejercicio como periodista ha escuchado las opiniones de la gente de los distintos sectores econ\u00f3micos, sociales y pol\u00edticos de la ciudad, lo que le permite tener las herramientas suficientes para construir una visi\u00f3n de ciudad y tener un panorama completo de las necesidades reales de Cartagena. adem\u00e1s ha impulsado la carretea de deportistas cartageneros que hoy gozan de reconocimiento y pertenecen a equipos de talla internacional.<\/p>\n<p>Manolo naci\u00f3 el 14 de noviembre de 1967, creci\u00f3 en el barrio Blas de Lezo, donde siempre ha residido, y es periodista egresado de la Universidad Externado de Colombia.<\/p>\n","protected":false},"excerpt":{"rendered":"<p>El periodista Manolo Duque inscribe este jueves en la tarde el movimiento \u201cPrimero la Gente\u201d que recolectar\u00e1 firmas en su aspiraci\u00f3n a la Alcald\u00eda de Cartagena. Luego del formalismo ante la Registradur\u00eda Nacional del Estado Civil en Manga, el candidato y sus seguidores se concentrar\u00e1n en el Centro Recreacional \u201cNapole\u00f3n Perea\u201d en el acto de lanzamiento de su candidatura. Los inscriptoras del movimiento ser\u00e1n en empresario Pablo \u201cCapi\u201d Galindo, la abogada Elsy Severiche y el m\u00e9dico Juan Mendoza G\u00f3ez. Este movimiento considera que Manolo Duque es un cartagenero din\u00e1mico y&#8230; <\/p>\n","protected":false},"author":3,"featured_media":5494,"comment_status":"open","ping_status":"closed","sticky":false,"template":"","format":"standard","meta":{"footnotes":"","_links_to":"","_links_to_target":""},"categories":[26,4],"tags":[],"class_list":["post-5493","post","type-post","status-publish","format-standard","has-post-thumbnail","hentry","category-politica-noticias","category-politica"],"_links":{"self":[{"href":"https:\/\/revistazetta.com\/index.php?rest_route=\/wp\/v2\/posts\/5493","targetHints":{"allow":["GET"]}}],"collection":[{"href":"https:\/\/revistazetta.com\/index.php?rest_route=\/wp\/v2\/posts"}],"about":[{"href":"https:\/\/revistazetta.com\/index.php?rest_route=\/wp\/v2\/types\/post"}],"author":[{"embeddable":true,"href":"https:\/\/revistazetta.com\/index.php?rest_route=\/wp\/v2\/users\/3"}],"replies":[{"embeddable":true,"href":"https:\/\/revistazetta.com\/index.php?rest_route=%2Fwp%2Fv2%2Fcomments&post=5493"}],"version-history":[{"count":0,"href":"https:\/\/revistazetta.com\/index.php?rest_route=\/wp\/v2\/posts\/5493\/revisions"}],"wp:featuredmedia":[{"embeddable":true,"href":"https:\/\/revistazetta.com\/index.php?rest_route=\/wp\/v2\/media\/5494"}],"wp:attachment":[{"href":"https:\/\/revistazetta.com\/index.php?rest_route=%2Fwp%2Fv2%2Fmedia&parent=5493"}],"wp:term":[{"taxonomy":"category","embeddable":true,"href":"https:\/\/revistazetta.com\/index.php?rest_route=%2Fwp%2Fv2%2Fcategories&post=5493"},{"taxonomy":"post_tag","embeddable":true,"href":"https:\/\/revistazetta.com\/index.php?rest_route=%2Fwp%2Fv2%2Ftags&post=5493"}],"curies":[{"name":"wp","href":"https:\/\/api.w.org\/{rel}","templated":true}]}}