{"id":54991,"date":"2024-10-25T08:54:37","date_gmt":"2024-10-25T13:54:37","guid":{"rendered":"https:\/\/revistazetta.com\/?p=54991"},"modified":"2024-10-25T08:54:37","modified_gmt":"2024-10-25T13:54:37","slug":"concejo-de-cartagena-estudia-proyecto-para-garantizar-26-220-millones-de-la-via-transversal-de-baru","status":"publish","type":"post","link":"https:\/\/revistazetta.com\/?p=54991","title":{"rendered":"Concejo de Cartagena estudia proyecto para garantizar $26.220 millones de la v\u00eda transversal de Bar\u00fa"},"content":{"rendered":"<p><strong>Cartagena de Indias, 25 de octubre de 2024.-<\/strong> El Departamento Administrativo de Valorizaci\u00f3n Distrital (DAVD) present\u00f3 ante el Concejo Distrital el proyecto de acuerdo No. 043-2024, con el cual busca obtener facultades extraordinarias para el alcalde mayor de Cartagena, Dumek Turbay Paz, que le permitan adicionar $26.220 millones al proyecto para el mantenimiento y reparaci\u00f3n de la v\u00eda transversal de Bar\u00fa e impulsar obras vitales para los habitantes de Pasacaballos, Santa Ana, Ararca y Bar\u00fa, mejorando su conectividad y condiciones de vida.<\/p>\n<p>La propuesta tiene como objetivo central la adici\u00f3n de recursos al contrato Val 02-06, sin alterar el objeto de la contrataci\u00f3n original. Esto permitir\u00e1 garantizar el cumplimiento de los objetivos establecidos en el Contrato de Concesi\u00f3n VAL 02-06, asegurando la correcta ejecuci\u00f3n de las obras en los plazos estipulados.<\/p>\n<p>Rafael Morales, director de Valorizaci\u00f3n Distrital, present\u00f3 ante los cabildantes la viabilidad t\u00e9cnica, financiera y jur\u00eddica del proyecto, subrayando la importancia de la obra para el desarrollo regional. Durante su intervenci\u00f3n, Morales detall\u00f3 los principales componentes del proyecto, que incluyen:<\/p>\n<p>1.\u00a0\u00a0\u00a0\u00a0\u00a0\u00a0 Se van a intervenir 4.85 km de los que se propone el retiro total de la carpeta asf\u00e1ltica deteriorada y su remplazo con una\u00a0 nueva capa de pavimento de 15 cm de espesor, que incluye terraplen.<\/p>\n<p>2.\u00a0\u00a0\u00a0\u00a0\u00a0 Se realizar\u00e1 un microfresado, parcheo t\u00e9cnico y pavimento y\/o carpeta asf\u00e1ltica de 10 cm y 9.0 metros.<\/p>\n<p>3.\u00a0\u00a0\u00a0\u00a0\u00a0 Tambi\u00e9n se har\u00e1 el remplazo de las juntas de dilataci\u00f3n del puente Campo Elias Theran.<\/p>\n<p>4.\u00a0\u00a0\u00a0\u00a0\u00a0 Adem\u00e1s, se prev\u00e9 la rocer\u00eda a lo largo de los 4.85 km, al igual que la se\u00f1alizaci\u00f3n vertical y horizontal.<\/p>\n<p>Morales enfatiz\u00f3 que el objetivo principal de esta obra es mejorar la calidad de vida de las comunidades aleda\u00f1as y ofrecer un tr\u00e1nsito m\u00e1s seguro y eficiente a los usuarios de esta importante v\u00eda de comunicaci\u00f3n. Adem\u00e1s, destac\u00f3 que estas obras son fundamentales para dinamizar el turismo y la econom\u00eda local, fomentando el desarrollo de la regi\u00f3n.<\/p>\n<p><strong>Impacto social y desarrollo regional<\/strong><\/p>\n<p>La v\u00eda transversal de Bar\u00fa es una infraestructura clave para la movilidad y el acceso a los recursos y servicios de las poblaciones circundantes. Su rehabilitaci\u00f3n y mejoramiento permitir\u00e1n un tr\u00e1nsito m\u00e1s fluido, fortaleciendo las conexiones entre comunidades y mejorando la seguridad en la zona. Adem\u00e1s, se espera que esta obra incremente la actividad tur\u00edstica en Bar\u00fa y sus alrededores, lo que se traducir\u00e1 en beneficios econ\u00f3micos para la regi\u00f3n.<\/p>\n<p><strong>Cumplimiento de los objetivos del contrato de concesi\u00f3n<\/strong><\/p>\n<p>El director de Valorizaci\u00f3n Distrital tambi\u00e9n aclar\u00f3 que la adici\u00f3n recursos propuesta no modifica los objetivos del contrato de concesi\u00f3n VAL 02-06. Al contrario, esta inyecci\u00f3n de recursos busca garantizar que los compromisos adquiridos en el marco del contrato se cumplan en su totalidad, de acuerdo con los tiempos y especificaciones previamente establecidos.<\/p>\n<p>Con la presentaci\u00f3n de este proyecto, el DAVD reafirma su compromiso de impulsar la conectividad y mejorar la infraestructura vial de Cartagena, en coordinaci\u00f3n con el Concejo Distrital y las autoridades locales.<\/p>\n<p>&nbsp;<\/p>\n","protected":false},"excerpt":{"rendered":"<p>Cartagena de Indias, 25 de octubre de 2024.- El Departamento Administrativo de Valorizaci\u00f3n Distrital (DAVD) present\u00f3 ante el Concejo Distrital el proyecto de acuerdo No. 043-2024, con el cual busca obtener facultades extraordinarias para el alcalde mayor de Cartagena, Dumek Turbay Paz, que le permitan adicionar $26.220 millones al proyecto para el mantenimiento y reparaci\u00f3n de la v\u00eda transversal de Bar\u00fa e impulsar obras vitales para los habitantes de Pasacaballos, Santa Ana, Ararca y Bar\u00fa, mejorando su conectividad y condiciones de vida. La propuesta tiene como objetivo central la adici\u00f3n&#8230; <\/p>\n","protected":false},"author":3,"featured_media":54992,"comment_status":"closed","ping_status":"closed","sticky":false,"template":"","format":"standard","meta":{"footnotes":"","_links_to":"","_links_to_target":""},"categories":[85,1450,32],"tags":[232,111,285,296],"class_list":["post-54991","post","type-post","status-publish","format-standard","has-post-thumbnail","hentry","category-cartagena","category-parasladers","category-actualidad-distrito","tag-baru","tag-cartagena","tag-destacada","tag-distrito"],"_links":{"self":[{"href":"https:\/\/revistazetta.com\/index.php?rest_route=\/wp\/v2\/posts\/54991","targetHints":{"allow":["GET"]}}],"collection":[{"href":"https:\/\/revistazetta.com\/index.php?rest_route=\/wp\/v2\/posts"}],"about":[{"href":"https:\/\/revistazetta.com\/index.php?rest_route=\/wp\/v2\/types\/post"}],"author":[{"embeddable":true,"href":"https:\/\/revistazetta.com\/index.php?rest_route=\/wp\/v2\/users\/3"}],"replies":[{"embeddable":true,"href":"https:\/\/revistazetta.com\/index.php?rest_route=%2Fwp%2Fv2%2Fcomments&post=54991"}],"version-history":[{"count":0,"href":"https:\/\/revistazetta.com\/index.php?rest_route=\/wp\/v2\/posts\/54991\/revisions"}],"wp:featuredmedia":[{"embeddable":true,"href":"https:\/\/revistazetta.com\/index.php?rest_route=\/wp\/v2\/media\/54992"}],"wp:attachment":[{"href":"https:\/\/revistazetta.com\/index.php?rest_route=%2Fwp%2Fv2%2Fmedia&parent=54991"}],"wp:term":[{"taxonomy":"category","embeddable":true,"href":"https:\/\/revistazetta.com\/index.php?rest_route=%2Fwp%2Fv2%2Fcategories&post=54991"},{"taxonomy":"post_tag","embeddable":true,"href":"https:\/\/revistazetta.com\/index.php?rest_route=%2Fwp%2Fv2%2Ftags&post=54991"}],"curies":[{"name":"wp","href":"https:\/\/api.w.org\/{rel}","templated":true}]}}