{"id":55022,"date":"2024-10-29T11:04:12","date_gmt":"2024-10-29T16:04:12","guid":{"rendered":"https:\/\/revistazetta.com\/?p=55022"},"modified":"2024-10-29T11:04:12","modified_gmt":"2024-10-29T16:04:12","slug":"camara-de-comercio-de-cartagena-celebra-109-anos-impulsando-el-desarrollo-de-la-region","status":"publish","type":"post","link":"https:\/\/revistazetta.com\/?p=55022","title":{"rendered":"C\u00e1mara de Comercio de Cartagena celebra 109 a\u00f1os impulsando el desarrollo de la regi\u00f3n"},"content":{"rendered":"<p><strong>Cartagena de Indias, 29 de octubre de 2024.-<\/strong> La C\u00e1mara de Comercio de Cartagena celebra 109 a\u00f1os de trabajo continuo al servicio de los empresarios, emprendedores y la comunidad de Bol\u00edvar.<\/p>\n<p>Desde su fundaci\u00f3n en 1915, la entidad ha sido un pilar clave en el impulso del crecimiento econ\u00f3mico, la promoci\u00f3n del emprendimiento y la construcci\u00f3n de alianzas estrat\u00e9gicas que posicionan a la regi\u00f3n como un referente de desarrollo en el Caribe colombiano.<\/p>\n<p>Durante m\u00e1s de un siglo, la C\u00e1mara ha trabajado de la mano con el sector p\u00fablico y privado para generar oportunidades de negocio, fortalecer la competitividad y promover la formalizaci\u00f3n empresarial. Adem\u00e1s, ha contribuido al bienestar de la comunidad a trav\u00e9s de iniciativas que fomentan la innovaci\u00f3n y la sostenibilidad.<\/p>\n<p>\u201cEste aniversario es una oportunidad para reafirmar nuestro compromiso con Cartagena y Bol\u00edvar, renovando nuestros esfuerzos para seguir acompa\u00f1ando a *los sue\u00f1os empresariales de nuestros empresarios*. Queremos ser una C\u00e1mara cada vez m\u00e1s cercana, relevante y din\u00e1mica,\u201d se\u00f1al\u00f3 Andrea Pi\u00f1a G\u00f3mez, presidenta de la C\u00e1mara de Comercio de Cartagena.<\/p>\n<p><strong>Un legado de impacto regional y transformaci\u00f3n<\/strong><\/p>\n<p>En estos 109 a\u00f1os, la C\u00e1mara de Comercio de Cartagena ha liderado programas orientados a:<\/p>\n<p>Acompa\u00f1amiento empresarial: Servicios de asesor\u00eda y capacitaci\u00f3n para peque\u00f1as, medianas y grandes empresas.<\/p>\n<p>Fortalecimiento del emprendimiento: Impulso a nuevas ideas de negocio y conexi\u00f3n con fuentes de financiaci\u00f3n.<\/p>\n<p>Desarrollo social y econ\u00f3mico: Promoci\u00f3n de alianzas entre la academia, el sector privado y las autoridades, generando crecimiento y empleo en la regi\u00f3n.<\/p>\n<p>Competitividad e internacionalizaci\u00f3n: Programas que preparan a los empresarios para enfrentar los desaf\u00edos de los mercados globales.<\/p>\n<p>Este aniversario marca el inicio de nuevas iniciativas estrat\u00e9gicas que buscar\u00e1n consolidar a Cartagena como un centro de innovaci\u00f3n y desarrollo sostenible, fortaleciendo el ecosistema empresarial de la regi\u00f3n.<\/p>\n<p>La C\u00e1mara de Comercio de Cartagena agradece a sus afiliados, empresarios y aliados por su confianza y respaldo a lo largo de estos 109 a\u00f1os. Juntos, seguimos trabajando por una Cartagena m\u00e1s pr\u00f3spera, innovadora y conectada con el futuro.<\/p>\n","protected":false},"excerpt":{"rendered":"<p>Cartagena de Indias, 29 de octubre de 2024.- La C\u00e1mara de Comercio de Cartagena celebra 109 a\u00f1os de trabajo continuo al servicio de los empresarios, emprendedores y la comunidad de Bol\u00edvar. Desde su fundaci\u00f3n en 1915, la entidad ha sido un pilar clave en el impulso del crecimiento econ\u00f3mico, la promoci\u00f3n del emprendimiento y la construcci\u00f3n de alianzas estrat\u00e9gicas que posicionan a la regi\u00f3n como un referente de desarrollo en el Caribe colombiano. Durante m\u00e1s de un siglo, la C\u00e1mara ha trabajado de la mano con el sector p\u00fablico y&#8230; <\/p>\n","protected":false},"author":3,"featured_media":55023,"comment_status":"closed","ping_status":"closed","sticky":false,"template":"","format":"standard","meta":{"footnotes":"","_links_to":"","_links_to_target":""},"categories":[3,1450,50],"tags":[244,292,285,306],"class_list":["post-55022","post","type-post","status-publish","format-standard","has-post-thumbnail","hentry","category-ciudad","category-parasladers","category-empresa","tag-camara-de-comercio-de-cartagena","tag-ciudad","tag-destacada","tag-empresa"],"_links":{"self":[{"href":"https:\/\/revistazetta.com\/index.php?rest_route=\/wp\/v2\/posts\/55022","targetHints":{"allow":["GET"]}}],"collection":[{"href":"https:\/\/revistazetta.com\/index.php?rest_route=\/wp\/v2\/posts"}],"about":[{"href":"https:\/\/revistazetta.com\/index.php?rest_route=\/wp\/v2\/types\/post"}],"author":[{"embeddable":true,"href":"https:\/\/revistazetta.com\/index.php?rest_route=\/wp\/v2\/users\/3"}],"replies":[{"embeddable":true,"href":"https:\/\/revistazetta.com\/index.php?rest_route=%2Fwp%2Fv2%2Fcomments&post=55022"}],"version-history":[{"count":0,"href":"https:\/\/revistazetta.com\/index.php?rest_route=\/wp\/v2\/posts\/55022\/revisions"}],"wp:featuredmedia":[{"embeddable":true,"href":"https:\/\/revistazetta.com\/index.php?rest_route=\/wp\/v2\/media\/55023"}],"wp:attachment":[{"href":"https:\/\/revistazetta.com\/index.php?rest_route=%2Fwp%2Fv2%2Fmedia&parent=55022"}],"wp:term":[{"taxonomy":"category","embeddable":true,"href":"https:\/\/revistazetta.com\/index.php?rest_route=%2Fwp%2Fv2%2Fcategories&post=55022"},{"taxonomy":"post_tag","embeddable":true,"href":"https:\/\/revistazetta.com\/index.php?rest_route=%2Fwp%2Fv2%2Ftags&post=55022"}],"curies":[{"name":"wp","href":"https:\/\/api.w.org\/{rel}","templated":true}]}}