{"id":55026,"date":"2024-10-29T15:43:14","date_gmt":"2024-10-29T20:43:14","guid":{"rendered":"https:\/\/revistazetta.com\/?p=55026"},"modified":"2024-11-12T12:56:30","modified_gmt":"2024-11-12T17:56:30","slug":"ecosistema-musical-en-cartagena-concierto-de-ideas-y-experiencias-en-el-dia-del-musico","status":"publish","type":"post","link":"https:\/\/revistazetta.com\/?p=55026","title":{"rendered":"Ecosistema Musical en Cartagena: Concierto de ideas y experiencias en el D\u00eda del M\u00fasico"},"content":{"rendered":"<p><strong>Cartagena de Indias, 29 de octubre de 2024.-<\/strong> <b><\/b>Cada 22 de noviembre se celebra en el mundo el D\u00eda Internacional de la M\u00fasica, en homenaje a Santa Cecilia, la patrona de los m\u00fasicos desde 1584. Cartagena de Indias ha sido un faro de la m\u00fasica para Colombia y el mundo, todo un universo multisonoro construido con talento desbordado, con hijos tan ilustres como Joe Arroyo.<\/p>\n<p><img loading=\"lazy\" decoding=\"async\" class=\"alignnone size-medium wp-image-55028\" src=\"https:\/\/revistazetta.com\/wp-content\/uploads\/2024\/10\/Ecosistema-musical-1-333x333.png\" alt=\"\" width=\"333\" height=\"333\" srcset=\"https:\/\/revistazetta.com\/wp-content\/uploads\/2024\/10\/Ecosistema-musical-1-333x333.png 333w, https:\/\/revistazetta.com\/wp-content\/uploads\/2024\/10\/Ecosistema-musical-1-1024x1024.png 1024w, https:\/\/revistazetta.com\/wp-content\/uploads\/2024\/10\/Ecosistema-musical-1-162x162.png 162w, https:\/\/revistazetta.com\/wp-content\/uploads\/2024\/10\/Ecosistema-musical-1.png 1080w\" sizes=\"auto, (max-width: 333px) 100vw, 333px\" \/><\/p>\n<p>Para celebrar la m\u00fasica en nuestra ciudad y, a la vez, en nuestra agenda de 25 a\u00f1os de fundaci\u00f3n, Revista Zetta ha organizado el primer gran conversatorio sobre el Ecosistema Musical en Cartagena, con una tem\u00e1tica medular y notables expertos.<\/p>\n<p><img loading=\"lazy\" decoding=\"async\" class=\"alignnone size-medium wp-image-55029\" src=\"https:\/\/revistazetta.com\/wp-content\/uploads\/2024\/10\/Ecosistema-musical-2-333x333.png\" alt=\"\" width=\"333\" height=\"333\" srcset=\"https:\/\/revistazetta.com\/wp-content\/uploads\/2024\/10\/Ecosistema-musical-2-333x333.png 333w, https:\/\/revistazetta.com\/wp-content\/uploads\/2024\/10\/Ecosistema-musical-2-1024x1024.png 1024w, https:\/\/revistazetta.com\/wp-content\/uploads\/2024\/10\/Ecosistema-musical-2-162x162.png 162w, https:\/\/revistazetta.com\/wp-content\/uploads\/2024\/10\/Ecosistema-musical-2.png 1080w\" sizes=\"auto, (max-width: 333px) 100vw, 333px\" \/><\/p>\n<p>El evento se cumplir\u00e1 el viernes 22 de noviembre, a las 9 de la ma\u00f1ana, en el Palacio de la Proclamaci\u00f3n, en el Centro Hist\u00f3rico de Cartagena de Indias, con la siguiente programaci\u00f3n:<\/p>\n<p><img loading=\"lazy\" decoding=\"async\" class=\"alignnone size-medium wp-image-55146\" src=\"https:\/\/revistazetta.com\/wp-content\/uploads\/2024\/10\/Ecosistema-musical-4-1-333x333.png\" alt=\"\" width=\"333\" height=\"333\" srcset=\"https:\/\/revistazetta.com\/wp-content\/uploads\/2024\/10\/Ecosistema-musical-4-1-333x333.png 333w, https:\/\/revistazetta.com\/wp-content\/uploads\/2024\/10\/Ecosistema-musical-4-1-1024x1024.png 1024w, https:\/\/revistazetta.com\/wp-content\/uploads\/2024\/10\/Ecosistema-musical-4-1-162x162.png 162w, https:\/\/revistazetta.com\/wp-content\/uploads\/2024\/10\/Ecosistema-musical-4-1.png 1080w\" sizes=\"auto, (max-width: 333px) 100vw, 333px\" \/><\/p>\n<p><b>1- La m\u00fasica en la industria de las bodas<\/b><\/p>\n<p>Mary Cu\u00e9ter y Nelson G\u00f3mez<\/p>\n<p><b>2- Perspectivas para la m\u00fasica de las orquestas<\/b><\/p>\n<p>Dayana Torres y Poli Barrag\u00e1n<\/p>\n<p><b>3- M\u00fasica de exportaci\u00f3n<\/b><\/p>\n<p>Manuel Lozano, Boris Garc\u00eda y Byordi<\/p>\n<p><b>4- Oferta musical institucional<\/b><\/p>\n<p>Lucy Espinosa y Lina Rodr\u00edguez<\/p>\n<p><b>5- Reconocimientos<\/b><\/p>\n<p>Toda una vida<\/p>\n<p>Emprendimiento<\/p>\n<p>Trayectoria ejemplar<\/p>\n<p><b>6- Presentaci\u00f3n musical<\/b><\/p>\n<p><img loading=\"lazy\" decoding=\"async\" class=\"alignnone size-medium wp-image-55030\" src=\"https:\/\/revistazetta.com\/wp-content\/uploads\/2024\/10\/Ecosistema-musical-3-333x333.png\" alt=\"\" width=\"333\" height=\"333\" srcset=\"https:\/\/revistazetta.com\/wp-content\/uploads\/2024\/10\/Ecosistema-musical-3-333x333.png 333w, https:\/\/revistazetta.com\/wp-content\/uploads\/2024\/10\/Ecosistema-musical-3-1024x1024.png 1024w, https:\/\/revistazetta.com\/wp-content\/uploads\/2024\/10\/Ecosistema-musical-3-162x162.png 162w, https:\/\/revistazetta.com\/wp-content\/uploads\/2024\/10\/Ecosistema-musical-3.png 1080w\" sizes=\"auto, (max-width: 333px) 100vw, 333px\" \/><\/p>\n<p>&nbsp;<\/p>\n","protected":false},"excerpt":{"rendered":"<p>Cartagena de Indias, 29 de octubre de 2024.- Cada 22 de noviembre se celebra en el mundo el D\u00eda Internacional de la M\u00fasica, en homenaje a Santa Cecilia, la patrona de los m\u00fasicos desde 1584. Cartagena de Indias ha sido un faro de la m\u00fasica para Colombia y el mundo, todo un universo multisonoro construido con talento desbordado, con hijos tan ilustres como Joe Arroyo. Para celebrar la m\u00fasica en nuestra ciudad y, a la vez, en nuestra agenda de 25 a\u00f1os de fundaci\u00f3n, Revista Zetta ha organizado el primer&#8230; <\/p>\n","protected":false},"author":3,"featured_media":55027,"comment_status":"closed","ping_status":"closed","sticky":false,"template":"","format":"standard","meta":{"footnotes":"","_links_to":"","_links_to_target":""},"categories":[41,1450,43],"tags":[290,285,304],"class_list":["post-55026","post","type-post","status-publish","format-standard","has-post-thumbnail","hentry","category-cultura","category-parasladers","category-cultura-musica","tag-cultura","tag-destacada","tag-musica"],"_links":{"self":[{"href":"https:\/\/revistazetta.com\/index.php?rest_route=\/wp\/v2\/posts\/55026","targetHints":{"allow":["GET"]}}],"collection":[{"href":"https:\/\/revistazetta.com\/index.php?rest_route=\/wp\/v2\/posts"}],"about":[{"href":"https:\/\/revistazetta.com\/index.php?rest_route=\/wp\/v2\/types\/post"}],"author":[{"embeddable":true,"href":"https:\/\/revistazetta.com\/index.php?rest_route=\/wp\/v2\/users\/3"}],"replies":[{"embeddable":true,"href":"https:\/\/revistazetta.com\/index.php?rest_route=%2Fwp%2Fv2%2Fcomments&post=55026"}],"version-history":[{"count":0,"href":"https:\/\/revistazetta.com\/index.php?rest_route=\/wp\/v2\/posts\/55026\/revisions"}],"wp:featuredmedia":[{"embeddable":true,"href":"https:\/\/revistazetta.com\/index.php?rest_route=\/wp\/v2\/media\/55027"}],"wp:attachment":[{"href":"https:\/\/revistazetta.com\/index.php?rest_route=%2Fwp%2Fv2%2Fmedia&parent=55026"}],"wp:term":[{"taxonomy":"category","embeddable":true,"href":"https:\/\/revistazetta.com\/index.php?rest_route=%2Fwp%2Fv2%2Fcategories&post=55026"},{"taxonomy":"post_tag","embeddable":true,"href":"https:\/\/revistazetta.com\/index.php?rest_route=%2Fwp%2Fv2%2Ftags&post=55026"}],"curies":[{"name":"wp","href":"https:\/\/api.w.org\/{rel}","templated":true}]}}