{"id":55300,"date":"2024-11-24T10:32:17","date_gmt":"2024-11-24T15:32:17","guid":{"rendered":"https:\/\/revistazetta.com\/?p=55300"},"modified":"2024-11-24T10:32:17","modified_gmt":"2024-11-24T15:32:17","slug":"imagen-de-la-virgen-del-carmen-de-la-bahia-de-cartagena-volvio-a-brillar-con-nueva-iluminacion","status":"publish","type":"post","link":"https:\/\/revistazetta.com\/?p=55300","title":{"rendered":"Imagen de la Virgen del Carmen de la Bah\u00eda de Cartagena volvi\u00f3 a brillar con nueva iluminaci\u00f3n"},"content":{"rendered":"<p style=\"padding-left: 40px;\"><span style=\"color: #0000ff;\"><em>La imagen sagrada, conocida tambi\u00e9n como \u201cStella Maris\u201d o Estrella del Mar, ha sido referente de fe del gremio mar\u00edtimo y de las Fuerzas Armadas<\/em><\/span><\/p>\n<p><strong>Cartagena de Indias, 24 de noviembre de 2024.-<\/strong> Luego de casi 10 a\u00f1os, la Virgen del Carmen, ubicada en medio de la Bah\u00eda de Cartagena, vuelve a brillar, gracias a la instalaci\u00f3n de un nuevo sistema de iluminaci\u00f3n.<\/p>\n<p>El acto de encendido del sistema de iluminaci\u00f3n tuvo lugar este viernes 22 de noviembre en un espacio de oraci\u00f3n mariana, dirigida por sacerdotes de la Arquidi\u00f3cesis de Cartagena. La instalaci\u00f3n de la iluminaci\u00f3n fue posible gracias a la Sociedad Portuaria Mardique, la Armada Nacional, la Alcald\u00eda de Cartagena, desde Corpoturismo, y la Arquidi\u00f3cesis de Cartagena.<\/p>\n<p><img loading=\"lazy\" decoding=\"async\" class=\"alignnone size-medium wp-image-55309\" src=\"https:\/\/revistazetta.com\/wp-content\/uploads\/2024\/11\/WhatsApp-Image-2024-11-23-at-18.16.32-1-444x333.jpeg\" alt=\"\" width=\"444\" height=\"333\" srcset=\"https:\/\/revistazetta.com\/wp-content\/uploads\/2024\/11\/WhatsApp-Image-2024-11-23-at-18.16.32-1-444x333.jpeg 444w, https:\/\/revistazetta.com\/wp-content\/uploads\/2024\/11\/WhatsApp-Image-2024-11-23-at-18.16.32-1-1024x768.jpeg 1024w, https:\/\/revistazetta.com\/wp-content\/uploads\/2024\/11\/WhatsApp-Image-2024-11-23-at-18.16.32-1-216x162.jpeg 216w, https:\/\/revistazetta.com\/wp-content\/uploads\/2024\/11\/WhatsApp-Image-2024-11-23-at-18.16.32-1-1536x1152.jpeg 1536w, https:\/\/revistazetta.com\/wp-content\/uploads\/2024\/11\/WhatsApp-Image-2024-11-23-at-18.16.32-1-2048x1536.jpeg 2048w\" sizes=\"auto, (max-width: 444px) 100vw, 444px\" \/><\/p>\n<p>\u201cLa Virgen del Carmen vuelve a brillar como la estrella del mar que gu\u00eda y orienta a los navegantes que surcan las aguas desde Cartagena hacia la zona insular. Adem\u00e1s, se convierte en un punto atractivo para los turistas que diariamente disfrutan del Sunset o de la fiesta blanca. No obstante, lo m\u00e1s importante, es que se sigue poniendo valor al patrimonio religioso tan valioso que nos ha hecho ser parte de la Red Mundial de Destinos Tur\u00edsticos Religiosos y Espirituales\u201d, destac\u00f3 Liliana Rodr\u00edguez Hurtado, presidente ejecutiva de Corpoturismo.<\/p>\n<p>En esa misma l\u00ednea, el padre Julio C\u00e9sar Mu\u00f1oz, delegado para la Pastoral Tur\u00edstica, mencion\u00f3: hemos realizado el encendido de la iluminaci\u00f3n de la Virgen del Carmen de la Bahia. Gracias a la Sociedad Portuaria Mardique, a la Corporaci\u00f3n de Turismo, a la Alcald\u00eda de Cartagena, a nuestra Fuerza Naval del Caribe, junto con la Pastoral de Turismo Religioso hemos realizado el relanzamiento de la luz de la Virgen de la Bah\u00eda, que se convierte en un faro que recibe a todos los que pasan por esta bah\u00eda que le pertenece a todo el mundo\u201d.<\/p>\n<p><img loading=\"lazy\" decoding=\"async\" class=\"alignnone size-medium wp-image-55303\" src=\"https:\/\/revistazetta.com\/wp-content\/uploads\/2024\/11\/WhatsApp-Image-2024-11-23-at-18.16.27-500x333.jpeg\" alt=\"\" width=\"500\" height=\"333\" srcset=\"https:\/\/revistazetta.com\/wp-content\/uploads\/2024\/11\/WhatsApp-Image-2024-11-23-at-18.16.27-500x333.jpeg 500w, https:\/\/revistazetta.com\/wp-content\/uploads\/2024\/11\/WhatsApp-Image-2024-11-23-at-18.16.27-1024x683.jpeg 1024w, https:\/\/revistazetta.com\/wp-content\/uploads\/2024\/11\/WhatsApp-Image-2024-11-23-at-18.16.27-243x162.jpeg 243w, https:\/\/revistazetta.com\/wp-content\/uploads\/2024\/11\/WhatsApp-Image-2024-11-23-at-18.16.27-1536x1024.jpeg 1536w, https:\/\/revistazetta.com\/wp-content\/uploads\/2024\/11\/WhatsApp-Image-2024-11-23-at-18.16.27-2048x1365.jpeg 2048w\" sizes=\"auto, (max-width: 500px) 100vw, 500px\" \/><\/p>\n<p><strong>Recorrido hist\u00f3rico<\/strong><\/p>\n<p>La imagen de la Virgen del Carmen custodia la Bah\u00eda de Cartagena desde 1983 como patrona de las Fuerzas Armadas de Colombia, venerada por marineros y por todos los cartageneros. Es una devoci\u00f3n ligada al mar, al puerto y a la navegaci\u00f3n.<\/p>\n<p><strong>\u00bfC\u00f3mo lleg\u00f3 la imagen de la Virgen a Cartagena?<\/strong><\/p>\n<p>La virgen del Carmen fue encargada en los a\u00f1os 50 del siglo XX a Luisi Heredi, escultor de Pietra Santa, Italia, quien en un principio la plane\u00f3 de 15 metros de altura, pero su traslado fue muy complicado sufriendo da\u00f1os y roturas antes del viaje en tren y en barco hasta las costas del Caribe colombiano.<\/p>\n<p>Estos inconvenientes obligaron a que se construyera una nueva, m\u00e1s peque\u00f1a y hueca en el centro. Es as\u00ed como la imagen inicial se redujo a la mitad del tama\u00f1o y fue fraccionada en tres bloques para facilitar su desplazamiento.<\/p>\n<p><img loading=\"lazy\" decoding=\"async\" class=\"alignnone size-medium wp-image-55304\" src=\"https:\/\/revistazetta.com\/wp-content\/uploads\/2024\/11\/WhatsApp-Image-2024-11-23-at-18.16.28-1-500x333.jpeg\" alt=\"\" width=\"500\" height=\"333\" srcset=\"https:\/\/revistazetta.com\/wp-content\/uploads\/2024\/11\/WhatsApp-Image-2024-11-23-at-18.16.28-1-500x333.jpeg 500w, https:\/\/revistazetta.com\/wp-content\/uploads\/2024\/11\/WhatsApp-Image-2024-11-23-at-18.16.28-1-1024x683.jpeg 1024w, https:\/\/revistazetta.com\/wp-content\/uploads\/2024\/11\/WhatsApp-Image-2024-11-23-at-18.16.28-1-243x162.jpeg 243w, https:\/\/revistazetta.com\/wp-content\/uploads\/2024\/11\/WhatsApp-Image-2024-11-23-at-18.16.28-1-1536x1024.jpeg 1536w, https:\/\/revistazetta.com\/wp-content\/uploads\/2024\/11\/WhatsApp-Image-2024-11-23-at-18.16.28-1-2048x1365.jpeg 2048w\" sizes=\"auto, (max-width: 500px) 100vw, 500px\" \/><\/p>\n<p><strong>\u00bfLa Virgen siempre ha estado en la bah\u00eda?<\/strong><\/p>\n<p>El 16 de julio de 1958 se empez\u00f3 a venerar en el baluarte de San Lorenzo, con una impresionante procesi\u00f3n que sali\u00f3 desde la Catedral y lleg\u00f3 hasta el pie del baluarte del Reducto.<\/p>\n<p>En 1983, la Empresa de Desarrollo Urbano, con el apoyo de la Gobernaci\u00f3n de Bol\u00edvar y de la Alcald\u00eda, trasladan la escultura a la entrada de la bah\u00eda, lugar que ocupa desde entonces como protectora de la ciudad.<\/p>\n<p>Para su traslado y ubicaci\u00f3n en la bah\u00eda, se utiliz\u00f3 un cami\u00f3n que la transport\u00f3 hasta la terminal, all\u00ed se coloc\u00f3 en un planch\u00f3n y con la ayuda de una gr\u00faa flotante de 50 toneladas, se instal\u00f3 sobre una estructura pedestal de 17 metros de altura.<\/p>\n<p><img loading=\"lazy\" decoding=\"async\" class=\"alignnone size-medium wp-image-55305\" src=\"https:\/\/revistazetta.com\/wp-content\/uploads\/2024\/11\/WhatsApp-Image-2024-11-23-at-18.16.28-500x333.jpeg\" alt=\"\" width=\"500\" height=\"333\" srcset=\"https:\/\/revistazetta.com\/wp-content\/uploads\/2024\/11\/WhatsApp-Image-2024-11-23-at-18.16.28-500x333.jpeg 500w, https:\/\/revistazetta.com\/wp-content\/uploads\/2024\/11\/WhatsApp-Image-2024-11-23-at-18.16.28-1024x683.jpeg 1024w, https:\/\/revistazetta.com\/wp-content\/uploads\/2024\/11\/WhatsApp-Image-2024-11-23-at-18.16.28-243x162.jpeg 243w, https:\/\/revistazetta.com\/wp-content\/uploads\/2024\/11\/WhatsApp-Image-2024-11-23-at-18.16.28-1536x1024.jpeg 1536w, https:\/\/revistazetta.com\/wp-content\/uploads\/2024\/11\/WhatsApp-Image-2024-11-23-at-18.16.28-2048x1365.jpeg 2048w\" sizes=\"auto, (max-width: 500px) 100vw, 500px\" \/><\/p>\n<p><strong>Un rayo destruy\u00f3 la imagen<\/strong><\/p>\n<p>El 9 de agosto de 2015 un rayo derrib\u00f3 la imagen, quedando sus partes en el fondo de la bah\u00eda. Autoridades militares y eclesi\u00e1sticas de la ciudad se pusieron manos a la obra para recuperar este importante patrimonio religioso.<\/p>\n<p>La Armada Nacional, durante diez d\u00edas, dispuso de un equipo de buzos que logr\u00f3 recuperar, con correas y montacargas, \u00a021 piezas de m\u00e1rmol de veinte toneladas, y la traslad\u00f3 a la Base Naval para su recuperaci\u00f3n.<\/p>\n<p>La Arquidi\u00f3cesis de Cartagena contact\u00f3 al restaurador y experto en la talla de esculturas, Carlos Enrique Rodr\u00edguez Arango, \u201cafortunadamente, las caras de la Virgen y el ni\u00f1o no sufrieron da\u00f1os graves, pero los vestidos y el manto presentan gran deterioro con fracturas del m\u00e1rmol en todas las direcciones\u201d.<\/p>\n<p>Fue necesario importar desde Italia un bloque macizo de m\u00e1rmol de Carrara de 20 toneladas. \u201cRearmar el resto de piezas rotas ha sido como armar un rompecabezas\u201d, se\u00f1al\u00f3 el artista.<\/p>\n<p><img loading=\"lazy\" decoding=\"async\" class=\"alignnone size-medium wp-image-55306\" src=\"https:\/\/revistazetta.com\/wp-content\/uploads\/2024\/11\/WhatsApp-Image-2024-11-23-at-18.16.29-500x333.jpeg\" alt=\"\" width=\"500\" height=\"333\" srcset=\"https:\/\/revistazetta.com\/wp-content\/uploads\/2024\/11\/WhatsApp-Image-2024-11-23-at-18.16.29-500x333.jpeg 500w, https:\/\/revistazetta.com\/wp-content\/uploads\/2024\/11\/WhatsApp-Image-2024-11-23-at-18.16.29-1024x683.jpeg 1024w, https:\/\/revistazetta.com\/wp-content\/uploads\/2024\/11\/WhatsApp-Image-2024-11-23-at-18.16.29-243x162.jpeg 243w, https:\/\/revistazetta.com\/wp-content\/uploads\/2024\/11\/WhatsApp-Image-2024-11-23-at-18.16.29-1536x1024.jpeg 1536w, https:\/\/revistazetta.com\/wp-content\/uploads\/2024\/11\/WhatsApp-Image-2024-11-23-at-18.16.29-2048x1365.jpeg 2048w\" sizes=\"auto, (max-width: 500px) 100vw, 500px\" \/><\/p>\n<p><strong>Imagen con bendici\u00f3n pontificia<\/strong><\/p>\n<p>El 10 de septiembre de 2017 la imagen fue bendecida desde un helic\u00f3ptero por el papa Francisco, con motivo de su visita apost\u00f3lica a Colombia.<\/p>\n<p>La Virgen del Carmen vuelve a brillar, iluminando la noche de la bah\u00eda y protegiendo a los navegantes y a todos los turistas que disfrutan de la zona insular y de los bellos atardeceres de la bah\u00eda.<\/p>\n<p><img loading=\"lazy\" decoding=\"async\" class=\"alignnone size-medium wp-image-55307\" src=\"https:\/\/revistazetta.com\/wp-content\/uploads\/2024\/11\/WhatsApp-Image-2024-11-23-at-18.16.30-500x333.jpeg\" alt=\"\" width=\"500\" height=\"333\" srcset=\"https:\/\/revistazetta.com\/wp-content\/uploads\/2024\/11\/WhatsApp-Image-2024-11-23-at-18.16.30-500x333.jpeg 500w, https:\/\/revistazetta.com\/wp-content\/uploads\/2024\/11\/WhatsApp-Image-2024-11-23-at-18.16.30-1024x683.jpeg 1024w, https:\/\/revistazetta.com\/wp-content\/uploads\/2024\/11\/WhatsApp-Image-2024-11-23-at-18.16.30-243x162.jpeg 243w, https:\/\/revistazetta.com\/wp-content\/uploads\/2024\/11\/WhatsApp-Image-2024-11-23-at-18.16.30-1536x1024.jpeg 1536w, https:\/\/revistazetta.com\/wp-content\/uploads\/2024\/11\/WhatsApp-Image-2024-11-23-at-18.16.30-2048x1365.jpeg 2048w\" sizes=\"auto, (max-width: 500px) 100vw, 500px\" \/><\/p>\n<p><img loading=\"lazy\" decoding=\"async\" class=\"alignnone size-medium wp-image-55308\" src=\"https:\/\/revistazetta.com\/wp-content\/uploads\/2024\/11\/WhatsApp-Image-2024-11-23-at-18.16.31-500x313.jpeg\" alt=\"\" width=\"500\" height=\"313\" srcset=\"https:\/\/revistazetta.com\/wp-content\/uploads\/2024\/11\/WhatsApp-Image-2024-11-23-at-18.16.31-500x313.jpeg 500w, https:\/\/revistazetta.com\/wp-content\/uploads\/2024\/11\/WhatsApp-Image-2024-11-23-at-18.16.31-1024x641.jpeg 1024w, https:\/\/revistazetta.com\/wp-content\/uploads\/2024\/11\/WhatsApp-Image-2024-11-23-at-18.16.31-250x156.jpeg 250w, https:\/\/revistazetta.com\/wp-content\/uploads\/2024\/11\/WhatsApp-Image-2024-11-23-at-18.16.31-1536x961.jpeg 1536w, https:\/\/revistazetta.com\/wp-content\/uploads\/2024\/11\/WhatsApp-Image-2024-11-23-at-18.16.31-2048x1282.jpeg 2048w\" sizes=\"auto, (max-width: 500px) 100vw, 500px\" \/><\/p>\n","protected":false},"excerpt":{"rendered":"<p>La imagen sagrada, conocida tambi\u00e9n como \u201cStella Maris\u201d o Estrella del Mar, ha sido referente de fe del gremio mar\u00edtimo y de las Fuerzas Armadas Cartagena de Indias, 24 de noviembre de 2024.- Luego de casi 10 a\u00f1os, la Virgen del Carmen, ubicada en medio de la Bah\u00eda de Cartagena, vuelve a brillar, gracias a la instalaci\u00f3n de un nuevo sistema de iluminaci\u00f3n. El acto de encendido del sistema de iluminaci\u00f3n tuvo lugar este viernes 22 de noviembre en un espacio de oraci\u00f3n mariana, dirigida por sacerdotes de la Arquidi\u00f3cesis&#8230; <\/p>\n","protected":false},"author":3,"featured_media":55301,"comment_status":"closed","ping_status":"closed","sticky":false,"template":"","format":"standard","meta":{"footnotes":"","_links_to":"","_links_to_target":""},"categories":[3,1450,52],"tags":[406,191,292,285,318,2275],"class_list":["post-55300","post","type-post","status-publish","format-standard","has-post-thumbnail","hentry","category-ciudad","category-parasladers","category-puerto","tag-bahia-de-cartagena","tag-cartagena-de-indias","tag-ciudad","tag-destacada","tag-puerto","tag-virgen-de-la-bahia"],"_links":{"self":[{"href":"https:\/\/revistazetta.com\/index.php?rest_route=\/wp\/v2\/posts\/55300","targetHints":{"allow":["GET"]}}],"collection":[{"href":"https:\/\/revistazetta.com\/index.php?rest_route=\/wp\/v2\/posts"}],"about":[{"href":"https:\/\/revistazetta.com\/index.php?rest_route=\/wp\/v2\/types\/post"}],"author":[{"embeddable":true,"href":"https:\/\/revistazetta.com\/index.php?rest_route=\/wp\/v2\/users\/3"}],"replies":[{"embeddable":true,"href":"https:\/\/revistazetta.com\/index.php?rest_route=%2Fwp%2Fv2%2Fcomments&post=55300"}],"version-history":[{"count":0,"href":"https:\/\/revistazetta.com\/index.php?rest_route=\/wp\/v2\/posts\/55300\/revisions"}],"wp:featuredmedia":[{"embeddable":true,"href":"https:\/\/revistazetta.com\/index.php?rest_route=\/wp\/v2\/media\/55301"}],"wp:attachment":[{"href":"https:\/\/revistazetta.com\/index.php?rest_route=%2Fwp%2Fv2%2Fmedia&parent=55300"}],"wp:term":[{"taxonomy":"category","embeddable":true,"href":"https:\/\/revistazetta.com\/index.php?rest_route=%2Fwp%2Fv2%2Fcategories&post=55300"},{"taxonomy":"post_tag","embeddable":true,"href":"https:\/\/revistazetta.com\/index.php?rest_route=%2Fwp%2Fv2%2Ftags&post=55300"}],"curies":[{"name":"wp","href":"https:\/\/api.w.org\/{rel}","templated":true}]}}