{"id":55330,"date":"2024-11-26T20:10:40","date_gmt":"2024-11-27T01:10:40","guid":{"rendered":"https:\/\/revistazetta.com\/?p=55330"},"modified":"2024-11-26T20:10:40","modified_gmt":"2024-11-27T01:10:40","slug":"todos-de-acuerdo-y-paz-total-alonso-del-rio-sera-elegido-presidente-de-la-asamblea-de-bolivar","status":"publish","type":"post","link":"https:\/\/revistazetta.com\/?p=55330","title":{"rendered":"Todos de acuerdo y \u00abpaz total\u00bb: Alonso del R\u00edo ser\u00e1 elegido presidente de la Asamblea de Bol\u00edvar"},"content":{"rendered":"<p><strong>Cartagena de Indias, 27 de noviembre de 2024.-<\/strong> Ser\u00e1 una de las elecciones m\u00e1s tranquilas y cantadas de Presidencia de la Asamblea Departamental de Bol\u00edvar. Con la anuencia del gobernador Yamil Arana, cuya bendici\u00f3n paviment\u00f3 el camino varios meses atr\u00e1s, este jueves se cumplir\u00e1 el protocolo para que Alonso del R\u00edo Jim\u00e9nez (Partido Conservador) se siente en la curul de presidente durante el 2025.<\/p>\n<p>La unanimidad que se pronostica, ser\u00e1 un claro mensaje de concordia con el gobierno del Bol\u00edvar Mejor, cuyos proyectos navegar\u00e1n por canales de aguas mansas por segundo a\u00f1o consecutivo.<\/p>\n<p>Es una din\u00e1mica propia de la esfera departamental, bien distinta a la que se desarrolla entre el Concejo de Cartagena y el alcalde de turno: a veces rosas, a veces espinas.<\/p>\n<p>La Asamblea de Bol\u00edvar se ha caracterizado por su solidaridad y colaboraci\u00f3n con el mandatario actuante desde tiempos inmemoriales, y los remilgos se dejan para episidios puntuales cuando surgen pugnas entre alg\u00fan agente del gobierno y un diputado en particular. De resto, la verdadera paz total.<\/p>\n<p>Del R\u00edo Jim\u00e9nez tendr\u00e1 en la primera vicepresidencia al liberal Ever Rico (de no surgir cambios de \u00faltima hora), y en la segunda vicepresidencia a Zaith Adechine, quien es el \u00fanico diputado de \u00aboposici\u00f3n\u00bb, aunque m\u00e1s por formalidad que por deliberaci\u00f3n.<\/p>\n<p>Katherine Garc\u00eda Marrugo fue reelegida como secretaria general y se posesionar\u00e1 tambi\u00e9n para el periodo 2025.<\/p>\n<p>Alonso del R\u00edo Jim\u00e9nez es\u00a0administrador de empresas y magister en gerencia de proyectos de la Universidad Tecnol\u00f3gica de Bol\u00edvar. Se ha desempe\u00f1ado como asesor de despacho, director territorial norte y dique en la Gobernaci\u00f3n de Bol\u00edvar, secretario general en EPA Cartagena, entre otros cargos en el sector p\u00fablico. Es su 1er periodo como diputado del departamento.<\/p>\n<p>Es hijo del excongresista Alonso del R\u00edo Cabarcas, quien represent\u00f3 al Partido de la U siempre en el grupo del fallecido exsenador Juan Jos\u00e9 Garc\u00eda.<\/p>\n","protected":false},"excerpt":{"rendered":"<p>Cartagena de Indias, 27 de noviembre de 2024.- Ser\u00e1 una de las elecciones m\u00e1s tranquilas y cantadas de Presidencia de la Asamblea Departamental de Bol\u00edvar. Con la anuencia del gobernador Yamil Arana, cuya bendici\u00f3n paviment\u00f3 el camino varios meses atr\u00e1s, este jueves se cumplir\u00e1 el protocolo para que Alonso del R\u00edo Jim\u00e9nez (Partido Conservador) se siente en la curul de presidente durante el 2025. La unanimidad que se pronostica, ser\u00e1 un claro mensaje de concordia con el gobierno del Bol\u00edvar Mejor, cuyos proyectos navegar\u00e1n por canales de aguas mansas por&#8230; <\/p>\n","protected":false},"author":3,"featured_media":55337,"comment_status":"closed","ping_status":"closed","sticky":false,"template":"","format":"standard","meta":{"footnotes":"","_links_to":"","_links_to_target":""},"categories":[28,1450,4],"tags":[1441,176,285,298,583],"class_list":["post-55330","post","type-post","status-publish","format-standard","has-post-thumbnail","hentry","category-politica-asamblea","category-parasladers","category-politica","tag-alonso-del-rio-jr","tag-asamblea-departamental","tag-destacada","tag-politica","tag-yamil-arana"],"_links":{"self":[{"href":"https:\/\/revistazetta.com\/index.php?rest_route=\/wp\/v2\/posts\/55330","targetHints":{"allow":["GET"]}}],"collection":[{"href":"https:\/\/revistazetta.com\/index.php?rest_route=\/wp\/v2\/posts"}],"about":[{"href":"https:\/\/revistazetta.com\/index.php?rest_route=\/wp\/v2\/types\/post"}],"author":[{"embeddable":true,"href":"https:\/\/revistazetta.com\/index.php?rest_route=\/wp\/v2\/users\/3"}],"replies":[{"embeddable":true,"href":"https:\/\/revistazetta.com\/index.php?rest_route=%2Fwp%2Fv2%2Fcomments&post=55330"}],"version-history":[{"count":0,"href":"https:\/\/revistazetta.com\/index.php?rest_route=\/wp\/v2\/posts\/55330\/revisions"}],"wp:featuredmedia":[{"embeddable":true,"href":"https:\/\/revistazetta.com\/index.php?rest_route=\/wp\/v2\/media\/55337"}],"wp:attachment":[{"href":"https:\/\/revistazetta.com\/index.php?rest_route=%2Fwp%2Fv2%2Fmedia&parent=55330"}],"wp:term":[{"taxonomy":"category","embeddable":true,"href":"https:\/\/revistazetta.com\/index.php?rest_route=%2Fwp%2Fv2%2Fcategories&post=55330"},{"taxonomy":"post_tag","embeddable":true,"href":"https:\/\/revistazetta.com\/index.php?rest_route=%2Fwp%2Fv2%2Ftags&post=55330"}],"curies":[{"name":"wp","href":"https:\/\/api.w.org\/{rel}","templated":true}]}}