{"id":55335,"date":"2024-11-26T19:04:52","date_gmt":"2024-11-27T00:04:52","guid":{"rendered":"https:\/\/revistazetta.com\/?p=55335"},"modified":"2024-11-26T19:04:52","modified_gmt":"2024-11-27T00:04:52","slug":"senador-antonio-correa-pone-la-lupa-ante-frecuentes-danos-en-servicio-de-acueducto-de-cartagena","status":"publish","type":"post","link":"https:\/\/revistazetta.com\/?p=55335","title":{"rendered":"Senador Antonio Correa pone la lupa ante frecuentes da\u00f1os en servicio de acueducto de Cartagena"},"content":{"rendered":"<p><b>Senador ANTONIO CORREA JIM\u00c9NEZ, solicita informaci\u00f3n frente a crisis recurrente por fallas en tuber\u00eda del acueducto de Cartagena<\/b><\/p>\n<p><strong>Cartagena de Indias, 26 de noviembre de 2024.-<\/strong> A trav\u00e9s de derechos de petici\u00f3n dirigidos a la Superintendencia de Servicios p\u00fablicos, Alcald\u00eda de Cartagena, Personer\u00eda Distrital y a la empresa Aguas de Cartagena, el senador Antonio Jos\u00e9 Correa Jim\u00e9nez indaga la raz\u00f3n por la cual de manera recurrente se han venido realizando cortes de agua en la ciudad, por supuestas fallas ante la falta de mantenimiento de las redes de tuber\u00eda de agua.<\/p>\n<p>El congresista indic\u00f3 que es absurdo este tipo de situaci\u00f3n m\u00e1s aun cuando esta ciudad permanentemente es visitada por turistas, tema que genera p\u00e1nico al sector hotelero por el riesgo que esto conlleva por las emergencias ante la falta de agua.<span class=\"Apple-converted-space\">\u00a0<\/span><\/p>\n<p>En el requerimiento a las entidades encargadas se plantearon entre otras las siguientes inquietudes:<\/p>\n<ul>\n<li>\u00bfQu\u00e9 alternativas ofrecen a los usuarios afectados por los cortes de agua mientras se realizan los trabajos de reparaci\u00f3n?<\/li>\n<li>\u00bfDe qu\u00e9 forma afecta el alto nivel de endeudamiento de $372 mil millones a la sostenibilidad de la empresa y al servicio que prestan?<\/li>\n<li>\u00bfQu\u00e9 acciones de vigilancia han tomado para asegurar que Acuacar preste un servicio de calidad y minimice las interrupciones en el suministro de agua?<\/li>\n<li>\u00bfCu\u00e1l es la posici\u00f3n de la Personer\u00eda ante el aumento de p\u00e9rdidas de agua no contabilizada y el endeudamiento de Acuacar?<\/li>\n<li>\u00bfQu\u00e9 tipo de vigilancia o auditor\u00eda se est\u00e1 realizando sobre Acuacar para asegurar la calidad en el servicio de agua potable?<\/li>\n<li>\u00bfQu\u00e9 medidas espec\u00edficas podr\u00edan implementar para que Acuacar reduzca el d\u00e9ficit de flujo de caja y la p\u00e9rdida de agua no contabilizada?<\/li>\n<li>\u00bfCu\u00e1l es el protocolo que sigue la Superintendencia para evaluar y sancionar la gesti\u00f3n deficiente de recursos por parte de empresas como Acuacar?<\/li>\n<li>\u00bfQu\u00e9 plan de contingencia tiene la Alcald\u00eda para garantizar el suministro de agua potable mientras Acuacar realiza las reparaciones?<\/li>\n<li>\u00bfC\u00f3mo est\u00e1n asegurando que las medidas de Acuacar no afecten los derechos b\u00e1sicos de los cartageneros a un servicio continuo de agua?<\/li>\n<li>\u00bfQu\u00e9 programas o ayudas ofrecen para que las familias m\u00e1s afectadas puedan acceder a agua potable durante las interrupciones?<\/li>\n<\/ul>\n","protected":false},"excerpt":{"rendered":"<p>Senador ANTONIO CORREA JIM\u00c9NEZ, solicita informaci\u00f3n frente a crisis recurrente por fallas en tuber\u00eda del acueducto de Cartagena Cartagena de Indias, 26 de noviembre de 2024.- A trav\u00e9s de derechos de petici\u00f3n dirigidos a la Superintendencia de Servicios p\u00fablicos, Alcald\u00eda de Cartagena, Personer\u00eda Distrital y a la empresa Aguas de Cartagena, el senador Antonio Jos\u00e9 Correa Jim\u00e9nez indaga la raz\u00f3n por la cual de manera recurrente se han venido realizando cortes de agua en la ciudad, por supuestas fallas ante la falta de mantenimiento de las redes de tuber\u00eda de&#8230; <\/p>\n","protected":false},"author":3,"featured_media":55336,"comment_status":"closed","ping_status":"closed","sticky":false,"template":"","format":"standard","meta":{"footnotes":"","_links_to":"","_links_to_target":""},"categories":[1450,4,82],"tags":[2279,386,285,298,234,1063],"class_list":["post-55335","post","type-post","status-publish","format-standard","has-post-thumbnail","hentry","category-parasladers","category-politica","category-senado","tag-acueducto-de-cartagena","tag-aguas-de-cartagena","tag-destacada","tag-politica","tag-senado","tag-senador-antonio-correa"],"_links":{"self":[{"href":"https:\/\/revistazetta.com\/index.php?rest_route=\/wp\/v2\/posts\/55335","targetHints":{"allow":["GET"]}}],"collection":[{"href":"https:\/\/revistazetta.com\/index.php?rest_route=\/wp\/v2\/posts"}],"about":[{"href":"https:\/\/revistazetta.com\/index.php?rest_route=\/wp\/v2\/types\/post"}],"author":[{"embeddable":true,"href":"https:\/\/revistazetta.com\/index.php?rest_route=\/wp\/v2\/users\/3"}],"replies":[{"embeddable":true,"href":"https:\/\/revistazetta.com\/index.php?rest_route=%2Fwp%2Fv2%2Fcomments&post=55335"}],"version-history":[{"count":0,"href":"https:\/\/revistazetta.com\/index.php?rest_route=\/wp\/v2\/posts\/55335\/revisions"}],"wp:featuredmedia":[{"embeddable":true,"href":"https:\/\/revistazetta.com\/index.php?rest_route=\/wp\/v2\/media\/55336"}],"wp:attachment":[{"href":"https:\/\/revistazetta.com\/index.php?rest_route=%2Fwp%2Fv2%2Fmedia&parent=55335"}],"wp:term":[{"taxonomy":"category","embeddable":true,"href":"https:\/\/revistazetta.com\/index.php?rest_route=%2Fwp%2Fv2%2Fcategories&post=55335"},{"taxonomy":"post_tag","embeddable":true,"href":"https:\/\/revistazetta.com\/index.php?rest_route=%2Fwp%2Fv2%2Ftags&post=55335"}],"curies":[{"name":"wp","href":"https:\/\/api.w.org\/{rel}","templated":true}]}}