{"id":55456,"date":"2024-12-03T08:25:12","date_gmt":"2024-12-03T13:25:12","guid":{"rendered":"https:\/\/revistazetta.com\/?p=55456"},"modified":"2024-12-03T08:25:12","modified_gmt":"2024-12-03T13:25:12","slug":"bolivar-se-une-a-amcham-para-abrir-nuevos-mercados-en-comercio-y-turismo","status":"publish","type":"post","link":"https:\/\/revistazetta.com\/?p=55456","title":{"rendered":"Bol\u00edvar se une a AmCham para abrir nuevos mercados en comercio y turismo"},"content":{"rendered":"<p><strong>Cartagena de Indias, 3 de diciembre de 2024.-\u00a0<\/strong>El departamento de Bol\u00edvar, con el liderazgo del gobernador Yamil Arana, dio un paso hist\u00f3rico al vincularse oficialmente a la C\u00e1mara Colombo Americana de Comercio (AmCham), fortaleciendo los lazos entre Estados Unidos, Colombia y el departamento de Bol\u00edvar. Esta alianza estrat\u00e9gica promete impulsar el comercio, el turismo y la inversi\u00f3n, abriendo las puertas del mercado estadounidense a los productos, talentos y atractivos culturales de toda la regi\u00f3n.<\/p>\n<p>El embajador de Estados Unidos en Colombia, Francisco Palmieri, subray\u00f3 el impacto transformador de esta uni\u00f3n, destacando que Bol\u00edvar ahora estar\u00e1 en los ojos del mundo:<br \/>\n\u201cEl simple acto de agregar a Bol\u00edvar al nombre de la c\u00e1mara es simb\u00f3lico y poderoso. Esto significa que AmCham ir\u00e1 m\u00e1s all\u00e1 de Cartagena, alcanzando las comunidades de Bol\u00edvar para cerrar brechas, crear oportunidades y fomentar el desarrollo econ\u00f3mico\u201d.<\/p>\n<p>Por su parte, Ang\u00e9lica Villalba, secretaria de Desarrollo Econ\u00f3mico de Bol\u00edvar, resalt\u00f3 la importancia de esta vinculaci\u00f3n para los emprendedores y campesinos del departamento: \u201cEsta es una oportunidad \u00fanica para impulsar los productos de Bol\u00edvar en mercados internacionales. Los estadounidenses esperan nuestras frutas, hortalizas, sabores y cultura. Con esta alianza, la agroindustria y el turismo sostenible de Bol\u00edvar tendr\u00e1n un crecimiento sin precedentes, fortaleciendo nuestra econom\u00eda y posicionando nuestra identidad en el exterior.\u201d<\/p>\n<p>El gobernador Yamil Arana tambi\u00e9n se pronunci\u00f3, destacando el impacto integral de esta alianza para Bol\u00edvar:<br \/>\n\u201cHoy Bol\u00edvar inicia un nuevo cap\u00edtulo de desarrollo. Con esta uni\u00f3n a AmCham, estamos abriendo m\u00e1s puertas para nuestros productos y nuestra gente. Esto no solo es comercio, es una oportunidad para que las riquezas de Bol\u00edvar lleguen m\u00e1s lejos, creando empleo, atrayendo turistas y fortaleciendo nuestra econom\u00eda local. Este es el Bol\u00edvar que so\u00f1amos: competitivo, pr\u00f3spero y conectado con el mundo.\u201d<\/p>\n<p><strong>M\u00e1s all\u00e1 del comercio: turismo y desarrollo sostenible<\/strong><\/p>\n<p>La inclusi\u00f3n de Bol\u00edvar en AmCham no s\u00f3lo representa un beneficio comercial. Tambi\u00e9n se espera que la diversificaci\u00f3n de mercados y la visibilizaci\u00f3n de la riqueza cultural y natural del departamento atraigan un turismo sostenible de alta calidad. Seg\u00fan las proyecciones, las exportaciones de productos no minero-energ\u00e9ticos de Bol\u00edvar podr\u00edan aumentar m\u00e1s del 8% en 2025, con sectores clave como la agroindustria y la log\u00edstica a la vanguardia.<\/p>\n<p>En este contexto, Marca Bol\u00edvar jugar\u00e1 un papel crucial al conectar a los productores locales con grandes mercados internacionales, impulsando iniciativas que beneficien a las comunidades m\u00e1s vulnerables y fomenten el desarrollo rural.<\/p>\n<p>Con este nuevo paso, Bol\u00edvar refuerza su posici\u00f3n como un referente de comercio, cultura y turismo en la regi\u00f3n y en el mundo.<\/p>\n","protected":false},"excerpt":{"rendered":"<p>Cartagena de Indias, 3 de diciembre de 2024.-\u00a0El departamento de Bol\u00edvar, con el liderazgo del gobernador Yamil Arana, dio un paso hist\u00f3rico al vincularse oficialmente a la C\u00e1mara Colombo Americana de Comercio (AmCham), fortaleciendo los lazos entre Estados Unidos, Colombia y el departamento de Bol\u00edvar. Esta alianza estrat\u00e9gica promete impulsar el comercio, el turismo y la inversi\u00f3n, abriendo las puertas del mercado estadounidense a los productos, talentos y atractivos culturales de toda la regi\u00f3n. El embajador de Estados Unidos en Colombia, Francisco Palmieri, subray\u00f3 el impacto transformador de esta uni\u00f3n,&#8230; <\/p>\n","protected":false},"author":3,"featured_media":55457,"comment_status":"closed","ping_status":"closed","sticky":false,"template":"","format":"standard","meta":{"footnotes":"","_links_to":"","_links_to_target":""},"categories":[2,34,1450],"tags":[294,310,285],"class_list":["post-55456","post","type-post","status-publish","format-standard","has-post-thumbnail","hentry","category-actualidad","category-actualidad-caribe","category-parasladers","tag-actualidad","tag-caribe","tag-destacada"],"_links":{"self":[{"href":"https:\/\/revistazetta.com\/index.php?rest_route=\/wp\/v2\/posts\/55456","targetHints":{"allow":["GET"]}}],"collection":[{"href":"https:\/\/revistazetta.com\/index.php?rest_route=\/wp\/v2\/posts"}],"about":[{"href":"https:\/\/revistazetta.com\/index.php?rest_route=\/wp\/v2\/types\/post"}],"author":[{"embeddable":true,"href":"https:\/\/revistazetta.com\/index.php?rest_route=\/wp\/v2\/users\/3"}],"replies":[{"embeddable":true,"href":"https:\/\/revistazetta.com\/index.php?rest_route=%2Fwp%2Fv2%2Fcomments&post=55456"}],"version-history":[{"count":0,"href":"https:\/\/revistazetta.com\/index.php?rest_route=\/wp\/v2\/posts\/55456\/revisions"}],"wp:featuredmedia":[{"embeddable":true,"href":"https:\/\/revistazetta.com\/index.php?rest_route=\/wp\/v2\/media\/55457"}],"wp:attachment":[{"href":"https:\/\/revistazetta.com\/index.php?rest_route=%2Fwp%2Fv2%2Fmedia&parent=55456"}],"wp:term":[{"taxonomy":"category","embeddable":true,"href":"https:\/\/revistazetta.com\/index.php?rest_route=%2Fwp%2Fv2%2Fcategories&post=55456"},{"taxonomy":"post_tag","embeddable":true,"href":"https:\/\/revistazetta.com\/index.php?rest_route=%2Fwp%2Fv2%2Ftags&post=55456"}],"curies":[{"name":"wp","href":"https:\/\/api.w.org\/{rel}","templated":true}]}}