{"id":55468,"date":"2024-12-03T16:37:31","date_gmt":"2024-12-03T21:37:31","guid":{"rendered":"https:\/\/revistazetta.com\/?p=55468"},"modified":"2024-12-03T16:37:31","modified_gmt":"2024-12-03T21:37:31","slug":"dumek-inicia-recuperacion-de-la-cancha-los-calamares-el-30-de-diciembre-sera-el-primer-partido","status":"publish","type":"post","link":"https:\/\/revistazetta.com\/?p=55468","title":{"rendered":"Dumek inicia recuperaci\u00f3n de la cancha Los Calamares: el 30 de diciembre ser\u00e1 el primer partido"},"content":{"rendered":"<p style=\"padding-left: 40px;\"><span style=\"color: #0000ff;\"><em>En este proyecto se invertir\u00e1 m\u00e1s de 2 mil millones de pesos y se rehabilitar\u00e1n varias zonas. El alcalde tambi\u00e9n supervis\u00f3 las obras de infraestructura vial que se est\u00e1n realizando en distintos sectores de Los Calamares.<\/em><\/span><\/p>\n<p><strong>Cartagena de Indias, 3 de diciembre de 2024.-<\/strong> Se acabaron los d\u00edas de deterioro y abandono para la cancha de Los Calamares. Hoy, el alcalde de Cartagena, Dumek Turbay Paz, lleg\u00f3 hasta este sector de la ciudad, en compa\u00f1\u00eda de Campo El\u00edas Teher\u00e1n, director del Instituto Distrital de Deporte y Recreaci\u00f3n (Ider), para anunciar a la comunidad que se iniciar\u00e1n las obras de renovaci\u00f3n y rehabilitaci\u00f3n de esta importante cancha deportiva.<\/p>\n<p>\u00abHoy se inicia la recuperaci\u00f3n de la cancha de Los Calamares y el 30 de diciembre tendremos nuestro primer partido. El Ider tiene la soluci\u00f3n de intervenir la cancha y sus alrededores. Este espacio era un peladero hace 7 a\u00f1os y cundo fui gobernador la constru\u00ed para cambiar la calidad del barrio, pero en los \u00faltimos a\u00f1os se fue deteriorando y ahora le cambiaremos la cara\u00bb, indic\u00f3 Turbay Paz.<\/p>\n<p><img loading=\"lazy\" decoding=\"async\" class=\"alignnone size-medium wp-image-55470\" src=\"https:\/\/revistazetta.com\/wp-content\/uploads\/2024\/12\/WhatsApp-Image-2024-12-03-at-16.26.12-500x327.jpeg\" alt=\"\" width=\"500\" height=\"327\" srcset=\"https:\/\/revistazetta.com\/wp-content\/uploads\/2024\/12\/WhatsApp-Image-2024-12-03-at-16.26.12-500x327.jpeg 500w, https:\/\/revistazetta.com\/wp-content\/uploads\/2024\/12\/WhatsApp-Image-2024-12-03-at-16.26.12-1024x670.jpeg 1024w, https:\/\/revistazetta.com\/wp-content\/uploads\/2024\/12\/WhatsApp-Image-2024-12-03-at-16.26.12-248x162.jpeg 248w, https:\/\/revistazetta.com\/wp-content\/uploads\/2024\/12\/WhatsApp-Image-2024-12-03-at-16.26.12-1536x1005.jpeg 1536w, https:\/\/revistazetta.com\/wp-content\/uploads\/2024\/12\/WhatsApp-Image-2024-12-03-at-16.26.12-2048x1339.jpeg 2048w\" sizes=\"auto, (max-width: 500px) 100vw, 500px\" \/><\/p>\n<p>Con una inversi\u00f3n de m\u00e1s de 2 mil millones de pesos el Instituto Distrital de Deporte y Recreaci\u00f3n (Ider) renovar\u00e1 la cancha de Los Calamares, la cual tendr\u00e1 un nuevo y moderno sistema de drenajes en su cancha de f\u00fatbol 11, escenario que ser\u00e1 adecuado con una pintura bicolor y la grama sint\u00e9tica ser\u00e1 repuesta. El campo tendr\u00e1 una nueva grada cubierta contra la intemperie.<\/p>\n<p>Adem\u00e1s, ser\u00e1 rehabilitada la cancha de f\u00fatbol sala de concreto, nueva pintura y arquer\u00edas rehabilitadas. Y al Sal\u00f3n Comunal se le har\u00e1 mantenimiento y adecuaciones para ponerlo al servicio de la comunidad.<\/p>\n<p><img loading=\"lazy\" decoding=\"async\" class=\"alignnone size-medium wp-image-55469\" src=\"https:\/\/revistazetta.com\/wp-content\/uploads\/2024\/12\/WhatsApp-Image-2024-12-03-at-16.26.11-1-451x333.jpeg\" alt=\"\" width=\"451\" height=\"333\" srcset=\"https:\/\/revistazetta.com\/wp-content\/uploads\/2024\/12\/WhatsApp-Image-2024-12-03-at-16.26.11-1-451x333.jpeg 451w, https:\/\/revistazetta.com\/wp-content\/uploads\/2024\/12\/WhatsApp-Image-2024-12-03-at-16.26.11-1-1024x757.jpeg 1024w, https:\/\/revistazetta.com\/wp-content\/uploads\/2024\/12\/WhatsApp-Image-2024-12-03-at-16.26.11-1-219x162.jpeg 219w, https:\/\/revistazetta.com\/wp-content\/uploads\/2024\/12\/WhatsApp-Image-2024-12-03-at-16.26.11-1-1536x1135.jpeg 1536w, https:\/\/revistazetta.com\/wp-content\/uploads\/2024\/12\/WhatsApp-Image-2024-12-03-at-16.26.11-1-2048x1514.jpeg 2048w\" sizes=\"auto, (max-width: 451px) 100vw, 451px\" \/><\/p>\n<p>Tambi\u00e9n se construir\u00e1 una zona peatonal con bancas que estar\u00e1 cubierto de p\u00e9rgolas con los colores de La Cuadrilonga para proteger a la ciudadan\u00eda del sol y la lluvia. El parque biosaludable tambi\u00e9n ser\u00e1 intervenido y su c\u00e9sped sint\u00e9tico.<\/p>\n<p>Roberto Jim\u00e9nez, miembro del Comit\u00e9 de Impulso de Actividades Recreativas del barrio, indic\u00f3 estar muy feliz por esta renovaci\u00f3n de la cancha, ya que \u00abera algo que necesit\u00e1bamos. Este es un espacio que la comunidad utiliza con mucha frecuencia y en este mal estado no era posible. Muchas gracias al alcalde por su gesti\u00f3n\u00bb.<\/p>\n<p>\u00abYa todo est\u00e1 dicho, con estos arreglos cambiaremos la calidad de vida del barrio y sus habitantes y el 30 de diciembre estaremos aqu\u00ed con grandes figuras del f\u00fatbol cartagenero haciendo un picadito\u00bb, finaliz\u00f3 Dumek.<\/p>\n<p><strong>Otras obras<\/strong><br \/>\nEn Los Calamares, exactamente en la calle 27D con Carrera 58C, se est\u00e1 realizando una obra que consta de 100 metros lineales en pavimento r\u00edgido, beneficiando a toda la Unidad Comunera de Gobierno N\u00b0 8 al conectar \u00e1reas recreativas, deportivas y comerciales.<\/p>\n<p>Con estos trabajos se est\u00e1n beneficiando a m\u00e1s de 5000 personas. Adem\u00e1s, esta v\u00eda que est\u00e1 siendo adecuada, conecta Los Calamares de forma directa con barrios vecinos como Camag\u00fcey o Tacarigua.<\/p>\n<p>&nbsp;<\/p>\n","protected":false},"excerpt":{"rendered":"<p>En este proyecto se invertir\u00e1 m\u00e1s de 2 mil millones de pesos y se rehabilitar\u00e1n varias zonas. El alcalde tambi\u00e9n supervis\u00f3 las obras de infraestructura vial que se est\u00e1n realizando en distintos sectores de Los Calamares. Cartagena de Indias, 3 de diciembre de 2024.- Se acabaron los d\u00edas de deterioro y abandono para la cancha de Los Calamares. Hoy, el alcalde de Cartagena, Dumek Turbay Paz, lleg\u00f3 hasta este sector de la ciudad, en compa\u00f1\u00eda de Campo El\u00edas Teher\u00e1n, director del Instituto Distrital de Deporte y Recreaci\u00f3n (Ider), para anunciar&#8230; <\/p>\n","protected":false},"author":3,"featured_media":55471,"comment_status":"closed","ping_status":"closed","sticky":false,"template":"","format":"standard","meta":{"footnotes":"","_links_to":"","_links_to_target":""},"categories":[86,1450,32],"tags":[297,285,296,74],"class_list":["post-55468","post","type-post","status-publish","format-standard","has-post-thumbnail","hentry","category-comunidad","category-parasladers","category-actualidad-distrito","tag-comunidad","tag-destacada","tag-distrito","tag-dumek-turbay"],"_links":{"self":[{"href":"https:\/\/revistazetta.com\/index.php?rest_route=\/wp\/v2\/posts\/55468","targetHints":{"allow":["GET"]}}],"collection":[{"href":"https:\/\/revistazetta.com\/index.php?rest_route=\/wp\/v2\/posts"}],"about":[{"href":"https:\/\/revistazetta.com\/index.php?rest_route=\/wp\/v2\/types\/post"}],"author":[{"embeddable":true,"href":"https:\/\/revistazetta.com\/index.php?rest_route=\/wp\/v2\/users\/3"}],"replies":[{"embeddable":true,"href":"https:\/\/revistazetta.com\/index.php?rest_route=%2Fwp%2Fv2%2Fcomments&post=55468"}],"version-history":[{"count":0,"href":"https:\/\/revistazetta.com\/index.php?rest_route=\/wp\/v2\/posts\/55468\/revisions"}],"wp:featuredmedia":[{"embeddable":true,"href":"https:\/\/revistazetta.com\/index.php?rest_route=\/wp\/v2\/media\/55471"}],"wp:attachment":[{"href":"https:\/\/revistazetta.com\/index.php?rest_route=%2Fwp%2Fv2%2Fmedia&parent=55468"}],"wp:term":[{"taxonomy":"category","embeddable":true,"href":"https:\/\/revistazetta.com\/index.php?rest_route=%2Fwp%2Fv2%2Fcategories&post=55468"},{"taxonomy":"post_tag","embeddable":true,"href":"https:\/\/revistazetta.com\/index.php?rest_route=%2Fwp%2Fv2%2Ftags&post=55468"}],"curies":[{"name":"wp","href":"https:\/\/api.w.org\/{rel}","templated":true}]}}