{"id":55472,"date":"2024-12-03T17:39:29","date_gmt":"2024-12-03T22:39:29","guid":{"rendered":"https:\/\/revistazetta.com\/?p=55472"},"modified":"2024-12-03T17:39:29","modified_gmt":"2024-12-03T22:39:29","slug":"uninunez-reafirma-su-compromiso-con-la-cultura-la-educacion-y-el-desarrollo-social-de-cartagena","status":"publish","type":"post","link":"https:\/\/revistazetta.com\/?p=55472","title":{"rendered":"Unin\u00fa\u00f1ez reafirma su compromiso con la cultura, la educaci\u00f3n y el desarrollo social de Cartagena"},"content":{"rendered":"<div><strong>Cartagena de Indias, 3 de diciembre de 2024.-<\/strong> En un emotivo evento lleno de cultura y compromiso social, la Corporaci\u00f3n Universitaria Rafael N\u00fa\u00f1ez (Unin\u00fa\u00f1ez), en alianza con el Instituto de Patrimonio y Cultura de Cartagena (IPCC), reafirm\u00f3 su compromiso de contribuir al desarrollo de j\u00f3venes l\u00edderes cartageneras. Este encuentro marc\u00f3 un hito significativo con la entrega de una beca de estudios a la nueva Reina de la Independencia 2024-2025 Ximena Tatiana Silva Padilla, quien tendr\u00e1 la oportunidad de acceder a una formaci\u00f3n acad\u00e9mica completa en pregrado o posgrado en la prestigiosa instituci\u00f3n universitaria.<\/div>\n<div><img loading=\"lazy\" decoding=\"async\" class=\"alignnone size-medium wp-image-55478\" src=\"https:\/\/revistazetta.com\/wp-content\/uploads\/2024\/12\/WhatsApp-Image-2024-12-03-at-14.33.17-1-500x333.jpeg\" alt=\"\" width=\"500\" height=\"333\" srcset=\"https:\/\/revistazetta.com\/wp-content\/uploads\/2024\/12\/WhatsApp-Image-2024-12-03-at-14.33.17-1-500x333.jpeg 500w, https:\/\/revistazetta.com\/wp-content\/uploads\/2024\/12\/WhatsApp-Image-2024-12-03-at-14.33.17-1-1024x682.jpeg 1024w, https:\/\/revistazetta.com\/wp-content\/uploads\/2024\/12\/WhatsApp-Image-2024-12-03-at-14.33.17-1-243x162.jpeg 243w, https:\/\/revistazetta.com\/wp-content\/uploads\/2024\/12\/WhatsApp-Image-2024-12-03-at-14.33.17-1-1536x1023.jpeg 1536w, https:\/\/revistazetta.com\/wp-content\/uploads\/2024\/12\/WhatsApp-Image-2024-12-03-at-14.33.17-1.jpeg 1600w\" sizes=\"auto, (max-width: 500px) 100vw, 500px\" \/><\/div>\n<div><\/div>\n<div>Esta iniciativa subraya el esfuerzo conjunto de Unin\u00fa\u00f1ez para empoderar a j\u00f3venes l\u00edderes y fortalecer el impacto cultural en la regi\u00f3n, indic\u00f3 Bibiana Henr\u00edquez L\u00f3pez, Secretaria General de Unin\u00fa\u00f1ez.<\/div>\n<div><\/div>\n<div>Con una oferta acad\u00e9mica robusta y en constante expansi\u00f3n, Unin\u00fa\u00f1ez ofrece programas desde sus cuatro facultades: Ciencias de la Salud, Ciencias Sociales y Humanas, Ciencias Contables y Administrativas, e Ingenier\u00eda. Esta cobertura permite atender las necesidades formativas de diversos sectores y comunidades, contribuyendo de manera significativa al desarrollo profesional y personal de sus estudiantes.<\/div>\n<div><img loading=\"lazy\" decoding=\"async\" class=\"alignnone size-medium wp-image-55482\" src=\"https:\/\/revistazetta.com\/wp-content\/uploads\/2024\/12\/WhatsApp-Image-2024-12-03-at-14.33.18-500x333.jpeg\" alt=\"\" width=\"500\" height=\"333\" srcset=\"https:\/\/revistazetta.com\/wp-content\/uploads\/2024\/12\/WhatsApp-Image-2024-12-03-at-14.33.18-500x333.jpeg 500w, https:\/\/revistazetta.com\/wp-content\/uploads\/2024\/12\/WhatsApp-Image-2024-12-03-at-14.33.18-1024x682.jpeg 1024w, https:\/\/revistazetta.com\/wp-content\/uploads\/2024\/12\/WhatsApp-Image-2024-12-03-at-14.33.18-243x162.jpeg 243w, https:\/\/revistazetta.com\/wp-content\/uploads\/2024\/12\/WhatsApp-Image-2024-12-03-at-14.33.18-1536x1023.jpeg 1536w, https:\/\/revistazetta.com\/wp-content\/uploads\/2024\/12\/WhatsApp-Image-2024-12-03-at-14.33.18.jpeg 1600w\" sizes=\"auto, (max-width: 500px) 100vw, 500px\" \/><\/div>\n<div>Durante la misma jornada, se celebr\u00f3 la vinculaci\u00f3n de la exreina de la independencia, Rosa Elvira Bossio N\u00fa\u00f1ez, al programa de Trabajo Social de Unin\u00fa\u00f1ez. Este programa, dise\u00f1ado para formar profesionales con un enfoque transformador, destaca por su capacidad para generar impacto positivo en las comunidades y promover la equidad. La trayectoria de Rosa y su compromiso con el liderazgo comunitario la convierten en un ejemplo de los valores que nuestra instituci\u00f3n fomenta.<\/div>\n<div><img loading=\"lazy\" decoding=\"async\" class=\"alignnone size-medium wp-image-55477\" src=\"https:\/\/revistazetta.com\/wp-content\/uploads\/2024\/12\/WhatsApp-Image-2024-12-03-at-14.33.16-500x333.jpeg\" alt=\"\" width=\"500\" height=\"333\" srcset=\"https:\/\/revistazetta.com\/wp-content\/uploads\/2024\/12\/WhatsApp-Image-2024-12-03-at-14.33.16-500x333.jpeg 500w, https:\/\/revistazetta.com\/wp-content\/uploads\/2024\/12\/WhatsApp-Image-2024-12-03-at-14.33.16-1024x682.jpeg 1024w, https:\/\/revistazetta.com\/wp-content\/uploads\/2024\/12\/WhatsApp-Image-2024-12-03-at-14.33.16-243x162.jpeg 243w, https:\/\/revistazetta.com\/wp-content\/uploads\/2024\/12\/WhatsApp-Image-2024-12-03-at-14.33.16-1536x1023.jpeg 1536w, https:\/\/revistazetta.com\/wp-content\/uploads\/2024\/12\/WhatsApp-Image-2024-12-03-at-14.33.16.jpeg 1600w\" sizes=\"auto, (max-width: 500px) 100vw, 500px\" \/><\/div>\n<div><strong>Conversatorio<\/strong> \u00ab<strong>Unin\u00fa\u00f1ez, juntos para una ciudad de derechos\u00bb<\/strong><\/div>\n<div>El evento tambi\u00e9n fue el escenario para el desarrollo del conversatorio \u201c<strong>Unin\u00fa\u00f1ez, juntos para una ciudad de derechos<\/strong>\u201d, un espacio de reflexi\u00f3n y debate sobre el desarrollo social y humano de Cartagena, que cont\u00f3 con la participaci\u00f3n de Lucy Espinoza, directora del IPCC y otros miembros de la instituci\u00f3n.<\/div>\n<div><\/div>\n<div>Desde la Corporaci\u00f3n Universitaria Rafal N\u00fa\u00f1ez se busca incrementar y diversificar la producci\u00f3n cultural desde sus grupos de investigaci\u00f3n, proyectos de extensi\u00f3n y actividades de Bienestar Universitario, promoviendo espacios que integren al sector p\u00fablico, privado y social. Estas acciones reflejan el compromiso de Unin\u00fa\u00f1ez con una educaci\u00f3n integral que no solo forma profesionales, sino que tambi\u00e9n transforma vidas y fortalece comunidades.<\/div>\n<div><img loading=\"lazy\" decoding=\"async\" class=\"alignnone size-medium wp-image-55484\" src=\"https:\/\/revistazetta.com\/wp-content\/uploads\/2024\/12\/WhatsApp-Image-2024-12-03-at-14.33.19-2-500x333.jpeg\" alt=\"\" width=\"500\" height=\"333\" srcset=\"https:\/\/revistazetta.com\/wp-content\/uploads\/2024\/12\/WhatsApp-Image-2024-12-03-at-14.33.19-2-500x333.jpeg 500w, https:\/\/revistazetta.com\/wp-content\/uploads\/2024\/12\/WhatsApp-Image-2024-12-03-at-14.33.19-2-1024x682.jpeg 1024w, https:\/\/revistazetta.com\/wp-content\/uploads\/2024\/12\/WhatsApp-Image-2024-12-03-at-14.33.19-2-243x162.jpeg 243w, https:\/\/revistazetta.com\/wp-content\/uploads\/2024\/12\/WhatsApp-Image-2024-12-03-at-14.33.19-2-1536x1023.jpeg 1536w, https:\/\/revistazetta.com\/wp-content\/uploads\/2024\/12\/WhatsApp-Image-2024-12-03-at-14.33.19-2.jpeg 1600w\" sizes=\"auto, (max-width: 500px) 100vw, 500px\" \/><\/div>\n<div><\/div>\n<div>Este enfoque integral asegura que iniciativas como esta no solo celebren el liderazgo y la cultura, sino que tambi\u00e9n impulsen un impacto sostenible en la regi\u00f3n y m\u00e1s all\u00e1.<\/div>\n<div><\/div>\n<div>Durante el di\u00e1logo, se destacaron las acciones lideradas por el Consultorio Jur\u00eddico de Unin\u00fa\u00f1ez, una pieza clave en la promoci\u00f3n y defensa de los derechos de ni\u00f1as, adolescentes, mujeres y adultas mayores, especialmente en la lucha contra las violencias que afectan a estas poblaciones. Entre las preguntas analizadas, se abord\u00f3:<\/div>\n<div><img loading=\"lazy\" decoding=\"async\" class=\"alignnone size-medium wp-image-55485\" src=\"https:\/\/revistazetta.com\/wp-content\/uploads\/2024\/12\/WhatsApp-Image-2024-12-03-at-14.33.19-500x333.jpeg\" alt=\"\" width=\"500\" height=\"333\" srcset=\"https:\/\/revistazetta.com\/wp-content\/uploads\/2024\/12\/WhatsApp-Image-2024-12-03-at-14.33.19-500x333.jpeg 500w, https:\/\/revistazetta.com\/wp-content\/uploads\/2024\/12\/WhatsApp-Image-2024-12-03-at-14.33.19-1024x682.jpeg 1024w, https:\/\/revistazetta.com\/wp-content\/uploads\/2024\/12\/WhatsApp-Image-2024-12-03-at-14.33.19-243x162.jpeg 243w, https:\/\/revistazetta.com\/wp-content\/uploads\/2024\/12\/WhatsApp-Image-2024-12-03-at-14.33.19-1536x1023.jpeg 1536w, https:\/\/revistazetta.com\/wp-content\/uploads\/2024\/12\/WhatsApp-Image-2024-12-03-at-14.33.19.jpeg 1600w\" sizes=\"auto, (max-width: 500px) 100vw, 500px\" \/><\/div>\n<div><\/div>\n<div>\u201cUna de las necesidades m\u00e1s apremiantes para tener una ciudad de derechos, como se se\u00f1ala desde el Plan de Desarrollo Distrital, es la promoci\u00f3n y defensa de los derechos de ni\u00f1as, adolescentes, mujeres y adultas mayores en todas nuestras localidades, y en especial, garantizarles una vida libre de violencias.<\/div>\n<div><img loading=\"lazy\" decoding=\"async\" class=\"alignnone size-medium wp-image-55479\" src=\"https:\/\/revistazetta.com\/wp-content\/uploads\/2024\/12\/WhatsApp-Image-2024-12-03-at-14.33.17-2-500x333.jpeg\" alt=\"\" width=\"500\" height=\"333\" srcset=\"https:\/\/revistazetta.com\/wp-content\/uploads\/2024\/12\/WhatsApp-Image-2024-12-03-at-14.33.17-2-500x333.jpeg 500w, https:\/\/revistazetta.com\/wp-content\/uploads\/2024\/12\/WhatsApp-Image-2024-12-03-at-14.33.17-2-1024x682.jpeg 1024w, https:\/\/revistazetta.com\/wp-content\/uploads\/2024\/12\/WhatsApp-Image-2024-12-03-at-14.33.17-2-243x162.jpeg 243w, https:\/\/revistazetta.com\/wp-content\/uploads\/2024\/12\/WhatsApp-Image-2024-12-03-at-14.33.17-2-1536x1023.jpeg 1536w, https:\/\/revistazetta.com\/wp-content\/uploads\/2024\/12\/WhatsApp-Image-2024-12-03-at-14.33.17-2.jpeg 1600w\" sizes=\"auto, (max-width: 500px) 100vw, 500px\" \/><\/div>\n<div><\/div>\n<div>\u00bfC\u00f3mo viene trabajando la instituci\u00f3n desde el Consultorio Jur\u00eddico para garantizar esa meta, y qu\u00e9 nos falta por hacer como sociedad?\u201d<\/div>\n<div><\/div>\n<div>Las respuestas enfatizaron el papel fundamental del Consultorio Jur\u00eddico y Centro de Conciliaci\u00f3n como un puente entre la academia y las comunidades vulnerables, destacando su impacto en la formaci\u00f3n de ciudadanos comprometidos con la justicia social.<\/div>\n<div><img loading=\"lazy\" decoding=\"async\" class=\"alignnone size-medium wp-image-55475\" src=\"https:\/\/revistazetta.com\/wp-content\/uploads\/2024\/12\/WhatsApp-Image-2024-12-03-at-14.33.15-500x333.jpeg\" alt=\"\" width=\"500\" height=\"333\" srcset=\"https:\/\/revistazetta.com\/wp-content\/uploads\/2024\/12\/WhatsApp-Image-2024-12-03-at-14.33.15-500x333.jpeg 500w, https:\/\/revistazetta.com\/wp-content\/uploads\/2024\/12\/WhatsApp-Image-2024-12-03-at-14.33.15-1024x682.jpeg 1024w, https:\/\/revistazetta.com\/wp-content\/uploads\/2024\/12\/WhatsApp-Image-2024-12-03-at-14.33.15-243x162.jpeg 243w, https:\/\/revistazetta.com\/wp-content\/uploads\/2024\/12\/WhatsApp-Image-2024-12-03-at-14.33.15-1536x1023.jpeg 1536w, https:\/\/revistazetta.com\/wp-content\/uploads\/2024\/12\/WhatsApp-Image-2024-12-03-at-14.33.15.jpeg 1600w\" sizes=\"auto, (max-width: 500px) 100vw, 500px\" \/><\/div>\n<div>Educaci\u00f3n de vanguardia<\/div>\n<div>Unin\u00fa\u00f1ez tambi\u00e9n reafirm\u00f3 su liderazgo acad\u00e9mico al resaltar su Especializaci\u00f3n en Educaci\u00f3n y Diversidad, la \u00fanica con esta denominaci\u00f3n en el pa\u00eds, que forma profesionales con competencias para abordar la educaci\u00f3n desde una perspectiva inclusiva y multicultural. Este programa es un ejemplo de c\u00f3mo la instituci\u00f3n se adapta a las necesidades de la sociedad y contribuye al desarrollo de pr\u00e1cticas pedag\u00f3gicas innovadoras y transformadoras.<\/div>\n<div><\/div>\n<div>Compromiso y futuro<\/div>\n<div>Este evento reflej\u00f3 el compromiso de la instituci\u00f3n con el bienestar y el desarrollo integral de Cartagena y sus comunidades. A trav\u00e9s de la educaci\u00f3n, la cultura y el liderazgo social, la instituci\u00f3n se posiciona como un motor de cambio en la regi\u00f3n.<\/div>\n<div><\/div>\n<div>Agradecemos a todos los asistentes, incluyendo a los medios de comunicaci\u00f3n, que contin\u00faan siendo aliados fundamentales para visibilizar nuestras iniciativas.<\/div>\n<div><\/div>\n<div>Unin\u00fa\u00f1ez seguir\u00e1 trabajando con pasi\u00f3n y dedicaci\u00f3n por una ciudad de derechos, construyendo puentes entre la academia, las instituciones y las comunidades para un futuro m\u00e1s justo e inclusivo.<\/div>\n<div><\/div>\n<div><img loading=\"lazy\" decoding=\"async\" class=\"alignnone size-medium wp-image-55483\" src=\"https:\/\/revistazetta.com\/wp-content\/uploads\/2024\/12\/WhatsApp-Image-2024-12-03-at-14.33.19-1-500x333.jpeg\" alt=\"\" width=\"500\" height=\"333\" srcset=\"https:\/\/revistazetta.com\/wp-content\/uploads\/2024\/12\/WhatsApp-Image-2024-12-03-at-14.33.19-1-500x333.jpeg 500w, https:\/\/revistazetta.com\/wp-content\/uploads\/2024\/12\/WhatsApp-Image-2024-12-03-at-14.33.19-1-1024x682.jpeg 1024w, https:\/\/revistazetta.com\/wp-content\/uploads\/2024\/12\/WhatsApp-Image-2024-12-03-at-14.33.19-1-243x162.jpeg 243w, https:\/\/revistazetta.com\/wp-content\/uploads\/2024\/12\/WhatsApp-Image-2024-12-03-at-14.33.19-1-1536x1023.jpeg 1536w, https:\/\/revistazetta.com\/wp-content\/uploads\/2024\/12\/WhatsApp-Image-2024-12-03-at-14.33.19-1.jpeg 1600w\" sizes=\"auto, (max-width: 500px) 100vw, 500px\" \/><\/div>\n<div><\/div>\n<div><\/div>\n","protected":false},"excerpt":{"rendered":"<p>Cartagena de Indias, 3 de diciembre de 2024.- En un emotivo evento lleno de cultura y compromiso social, la Corporaci\u00f3n Universitaria Rafael N\u00fa\u00f1ez (Unin\u00fa\u00f1ez), en alianza con el Instituto de Patrimonio y Cultura de Cartagena (IPCC), reafirm\u00f3 su compromiso de contribuir al desarrollo de j\u00f3venes l\u00edderes cartageneras. Este encuentro marc\u00f3 un hito significativo con la entrega de una beca de estudios a la nueva Reina de la Independencia 2024-2025 Ximena Tatiana Silva Padilla, quien tendr\u00e1 la oportunidad de acceder a una formaci\u00f3n acad\u00e9mica completa en pregrado o posgrado en la&#8230; <\/p>\n","protected":false},"author":3,"featured_media":55474,"comment_status":"closed","ping_status":"closed","sticky":false,"template":"","format":"standard","meta":{"footnotes":"","_links_to":"","_links_to_target":""},"categories":[3,1450,51],"tags":[292,285,566,1907,293],"class_list":["post-55472","post","type-post","status-publish","format-standard","has-post-thumbnail","hentry","category-ciudad","category-parasladers","category-universidad","tag-ciudad","tag-destacada","tag-ipcc","tag-uninunez","tag-universidad"],"_links":{"self":[{"href":"https:\/\/revistazetta.com\/index.php?rest_route=\/wp\/v2\/posts\/55472","targetHints":{"allow":["GET"]}}],"collection":[{"href":"https:\/\/revistazetta.com\/index.php?rest_route=\/wp\/v2\/posts"}],"about":[{"href":"https:\/\/revistazetta.com\/index.php?rest_route=\/wp\/v2\/types\/post"}],"author":[{"embeddable":true,"href":"https:\/\/revistazetta.com\/index.php?rest_route=\/wp\/v2\/users\/3"}],"replies":[{"embeddable":true,"href":"https:\/\/revistazetta.com\/index.php?rest_route=%2Fwp%2Fv2%2Fcomments&post=55472"}],"version-history":[{"count":0,"href":"https:\/\/revistazetta.com\/index.php?rest_route=\/wp\/v2\/posts\/55472\/revisions"}],"wp:featuredmedia":[{"embeddable":true,"href":"https:\/\/revistazetta.com\/index.php?rest_route=\/wp\/v2\/media\/55474"}],"wp:attachment":[{"href":"https:\/\/revistazetta.com\/index.php?rest_route=%2Fwp%2Fv2%2Fmedia&parent=55472"}],"wp:term":[{"taxonomy":"category","embeddable":true,"href":"https:\/\/revistazetta.com\/index.php?rest_route=%2Fwp%2Fv2%2Fcategories&post=55472"},{"taxonomy":"post_tag","embeddable":true,"href":"https:\/\/revistazetta.com\/index.php?rest_route=%2Fwp%2Fv2%2Ftags&post=55472"}],"curies":[{"name":"wp","href":"https:\/\/api.w.org\/{rel}","templated":true}]}}