{"id":55488,"date":"2024-11-27T18:04:06","date_gmt":"2024-11-27T23:04:06","guid":{"rendered":"https:\/\/revistazetta.com\/?p=55488"},"modified":"2024-12-03T18:13:54","modified_gmt":"2024-12-03T23:13:54","slug":"justo-bolivar-atendio-a-mas-de-29-mil-bolivarenses-en-27-rutas-de-justicia","status":"publish","type":"post","link":"https:\/\/revistazetta.com\/?p=55488","title":{"rendered":"Justo Bolivar atendi\u00f3 a m\u00e1s de 29 mil bolivarenses en 27 rutas de justicia"},"content":{"rendered":"<p>Cartagena de Indias, 27 de noviembre de 2024. El programa de acceso a la justicia \u201cJusto Bolivar\u201d, de la Gobernaci\u00f3n de Bol\u00edvar, present\u00f3 los resultados de este primer a\u00f1o, en el que se logr\u00f3 brindar atenci\u00f3n a m\u00e1s de 29 mil bolivarenses en las 27 rutas que se realizaron en los municipios del departamento.<\/p>\n<p>Estas rutas de acceso a la justicia llevaron a la comunidad asesor\u00eda legal para tr\u00e1mites, servicios de centros de conciliaci\u00f3n y socializaci\u00f3n de las rutas de acceso a la justicia.<\/p>\n<p>Adem\u00e1s, la poblaci\u00f3n pudo acceder a tr\u00e1mites de entidades como la Registradur\u00eda Nacional y Migraci\u00f3n Colombia, entre ellos expedici\u00f3n de c\u00e9dulas, tarjetas de identidad, y expedici\u00f3n de Permisos de Protecci\u00f3n de Temporal para migrantes, entre otros.<\/p>\n<p>El gobernador de Bol\u00edvar, Yamil Arana, se\u00f1al\u00f3 que \u2018Justo Bol\u00edvar\u2019 se ha convertido en el personaje m\u00e1s querido de los bolivarenses, llevando justicia social y generando mayor oportunidades y equidad.<\/p>\n<p>Estos servicios gratuitos se lograron gracias a articulaci\u00f3n con m\u00e1s de 40 aliados, permitiendo tambi\u00e9n llevar servicios de salud a lugares donde la poblaci\u00f3n tiene dificultades para acceder a los hospitales.<\/p>\n<p>*\u201cJusto pa\u2019 los pelaos\u201d*<\/p>\n<p>El secretario del Interior de Bol\u00edvar, Javier Doria, se\u00f1al\u00f3 que el pr\u00f3ximo a\u00f1o el programa continuar\u00e1 creciendo y que debido a la recolecci\u00f3n de informaci\u00f3n y a las estad\u00edsticas arrojadas de las jornadas se implementar\u00e1 la l\u00ednea \u2018Justo Pa\u2019 los Pelaos\u2019, que tiene como objetivo brindarle a los ni\u00f1os, ni\u00f1as, adolescentes y j\u00f3venes, herramientas para que conozcan los mecanismos de acceso a la justicia y protecci\u00f3n de sus derechos.<\/p>\n<p>Este balance se entreg\u00f3 durante el conversatorio \u201cBol\u00edvar territorio de justicia\u201d que cont\u00f3 con la participaci\u00f3n de la Viceministra de Justicia, Helen Ortiz y se resalt\u00f3 la labor de 200 voluntarios que se pusieron el sombrero de la justicia.<\/p>\n","protected":false},"excerpt":{"rendered":"<p>Cartagena de Indias, 27 de noviembre de 2024. El programa de acceso a la justicia \u201cJusto Bolivar\u201d, de la Gobernaci\u00f3n de Bol\u00edvar, present\u00f3 los resultados de este primer a\u00f1o, en el que se logr\u00f3 brindar atenci\u00f3n a m\u00e1s de 29 mil bolivarenses en las 27 rutas que se realizaron en los municipios del departamento. Estas rutas de acceso a la justicia llevaron a la comunidad asesor\u00eda legal para tr\u00e1mites, servicios de centros de conciliaci\u00f3n y socializaci\u00f3n de las rutas de acceso a la justicia. Adem\u00e1s, la poblaci\u00f3n pudo acceder a&#8230; <\/p>\n","protected":false},"author":3,"featured_media":55489,"comment_status":"closed","ping_status":"closed","sticky":false,"template":"","format":"standard","meta":{"footnotes":"","_links_to":"","_links_to_target":""},"categories":[33,80],"tags":[73,300],"class_list":["post-55488","post","type-post","status-publish","format-standard","has-post-thumbnail","hentry","category-actualidad-bolivar","category-region","tag-bolivar","tag-region"],"_links":{"self":[{"href":"https:\/\/revistazetta.com\/index.php?rest_route=\/wp\/v2\/posts\/55488","targetHints":{"allow":["GET"]}}],"collection":[{"href":"https:\/\/revistazetta.com\/index.php?rest_route=\/wp\/v2\/posts"}],"about":[{"href":"https:\/\/revistazetta.com\/index.php?rest_route=\/wp\/v2\/types\/post"}],"author":[{"embeddable":true,"href":"https:\/\/revistazetta.com\/index.php?rest_route=\/wp\/v2\/users\/3"}],"replies":[{"embeddable":true,"href":"https:\/\/revistazetta.com\/index.php?rest_route=%2Fwp%2Fv2%2Fcomments&post=55488"}],"version-history":[{"count":0,"href":"https:\/\/revistazetta.com\/index.php?rest_route=\/wp\/v2\/posts\/55488\/revisions"}],"wp:featuredmedia":[{"embeddable":true,"href":"https:\/\/revistazetta.com\/index.php?rest_route=\/wp\/v2\/media\/55489"}],"wp:attachment":[{"href":"https:\/\/revistazetta.com\/index.php?rest_route=%2Fwp%2Fv2%2Fmedia&parent=55488"}],"wp:term":[{"taxonomy":"category","embeddable":true,"href":"https:\/\/revistazetta.com\/index.php?rest_route=%2Fwp%2Fv2%2Fcategories&post=55488"},{"taxonomy":"post_tag","embeddable":true,"href":"https:\/\/revistazetta.com\/index.php?rest_route=%2Fwp%2Fv2%2Ftags&post=55488"}],"curies":[{"name":"wp","href":"https:\/\/api.w.org\/{rel}","templated":true}]}}