{"id":55535,"date":"2024-12-04T08:06:46","date_gmt":"2024-12-04T13:06:46","guid":{"rendered":"https:\/\/revistazetta.com\/?p=55535"},"modified":"2024-12-04T08:46:29","modified_gmt":"2024-12-04T13:46:29","slug":"jaime-ramirez-pinerez-es-el-abogado-del-ano-2024","status":"publish","type":"post","link":"https:\/\/revistazetta.com\/?p=55535","title":{"rendered":"Jaime Ram\u00edrez Pi\u00f1erez es el Abogado del A\u00f1o 2024"},"content":{"rendered":"<p><strong>Cartagena de Indias, 4 de diciembre de 2024.-<\/strong> <span style=\"color: #800000;\"><strong>Revista Zetta<\/strong><\/span> eligi\u00f3 al profesional Jaime Ram\u00edrez Pi\u00f1erez como <strong>Abogado del A\u00f1o 2024<\/strong>.<\/p>\n<p>La distinci\u00f3n le ser\u00e1 entregada este jueves 5 de diciembre, en la ceremonia especial \u00abPersona del A\u00f1o\u00bb, prevista para las 9 de la ma\u00f1ana en el sal\u00f3n Magistral de Uniandes \u2013 Sede Caribe, en Serena del Mar.<\/p>\n<p><strong>Jaime Ram\u00edrez Pi\u00f1erez<\/strong><\/p>\n<p>CEO de la Corporaci\u00f3n BRP.\u00a0Abogado\u00a0 y administrador de empresas\u00a0 especialista en derecho laboral, derecho ambiental, urban\u00edstico y territorial con estudios en restructuraci\u00f3n y reorganizaci\u00f3n empresarial, propiedad intelectual, ciencias pol\u00edticas y finanzas p\u00fablicas y privadas.<\/p>\n<p>Con experiencia profesional de m\u00e1s de 30 a\u00f1os en diferentes sectores empresariales y p\u00fablicos desempe\u00f1\u00e1ndose en cargos:<\/p>\n<div class=\"ub-block-list__layout\">\n<ul>\n<li id=\"ub-styled-list-item-a9393bf9-21bb-41bd-8aca-7c52c3892c38\" class=\"ub_styled_list_item\">Alcalde mayor de Cartagena AD-Hoc<\/li>\n<li id=\"ub-styled-list-item-b553b02a-d1e9-46c7-88cb-a811188db0be\" class=\"ub_styled_list_item\">Jefe de asesor\u00eda jur\u00eddica de la alcald\u00eda distrital<\/li>\n<li id=\"ub-styled-list-item-78cb1a0b-ac2a-4689-b09d-8270ecaed814\" class=\"ub_styled_list_item\">Secretario de despacho de la secretaria del interior y convivencia ciudadana<\/li>\n<li id=\"ub-styled-list-item-e5ddbdd4-5093-43d2-9ab4-138bf179a8da\" class=\"ub_styled_list_item\">Gerente de Corvivienda y Edurbe S.A<\/li>\n<li id=\"ub-styled-list-item-e7de1bbe-9d60-4aba-867a-11e7d290682a\" class=\"ub_styled_list_item\">Director de establecimiento publico ambiental \u201cEPA\u201d<\/li>\n<li id=\"ub-styled-list-item-97b62567-ee3c-44f6-880a-7b043030745f\" class=\"ub_styled_list_item\">Asesor jur\u00eddico de empresas metalmec\u00e1nicas, qu\u00edmicas, inmobiliarias, tur\u00edsticas, constructoras, deportivas, industriales, madereras, financieras, portuarias, telecomunicaciones y del sector salud.<\/li>\n<\/ul>\n<p><strong>BRP Bufete de abogados litigantes y consultores<\/strong><\/p>\n<p>Firma de profesionales del Derecho, fundada en el a\u00f1o 1995, bajo los principios de la buena fe, honestidad, honradez, integridad, decencia, fidelidad, para convertirse en soporte jur\u00eddico de personas y empresas que desarrollan actividades comerciales o empresariales, con el fin que estas no sean atropelladas en sus derechos y obligaciones por el poco conocimiento que tengan de la ley, ya sea por desactualizaci\u00f3n, por falta de una buena asesor\u00eda jur\u00eddica y financiera, o por sucesos y\/o acontecimientos que no tienen que ver con su actividad principal.<\/p>\n<p>Ello en virtud, de los constantes cambios de disposiciones legales impuestas por el gobierno y los cambios del mercado, que regulan las actividades de los empresarios, los cuales establecen ventajas, desventajas, prohibiciones, limitaciones y oportunidades que hacen indispensable la toma de decisiones prontas, oportunas y acertadas.<\/p>\n<\/div>\n<p><img loading=\"lazy\" decoding=\"async\" class=\"alignnone size-medium wp-image-55448\" src=\"https:\/\/revistazetta.com\/wp-content\/uploads\/2024\/12\/PERSONA-DEL-ANO-500x333.jpg\" sizes=\"auto, (max-width: 500px) 100vw, 500px\" srcset=\"https:\/\/revistazetta.com\/wp-content\/uploads\/2024\/12\/PERSONA-DEL-ANO-500x333.jpg 500w, https:\/\/revistazetta.com\/wp-content\/uploads\/2024\/12\/PERSONA-DEL-ANO-1024x683.jpg 1024w, https:\/\/revistazetta.com\/wp-content\/uploads\/2024\/12\/PERSONA-DEL-ANO-243x162.jpg 243w, https:\/\/revistazetta.com\/wp-content\/uploads\/2024\/12\/PERSONA-DEL-ANO.jpg 1500w\" alt=\"\" width=\"500\" height=\"333\" \/><\/p>\n<div class=\"col-12 descripcion\">\n<div class=\"clearfix text-formatted field field--name-body field--type-text-with-summary field--label-hidden field__item\">\n<p><strong>Persona del A\u00f1o 2024<\/strong><\/p>\n<p>Por su edificante influencia a lo largo de este a\u00f1o 2024, son varias las personas y entidades que se han destacado en Cartagena de Indias y Bol\u00edvar, y Revista Zetta ha venido tomando nota para seleccionar entre ellas qui\u00e9n es la *<b>Persona del A\u00f1o 2024*<\/b>.<\/p>\n<blockquote><p>La ceremonia de 2024 ser\u00e1 en el sal\u00f3n Magistral de Uniandes (Serena del Mar), el pr\u00f3ximo jueves 5 de diciembre, a las 9 de la ma\u00f1ana, con transmisi\u00f3n por Facebook Live.<\/p><\/blockquote>\n<p>De igual forma, hemos definido unas categor\u00edas para exaltar a quienes se han destacado en cada una de estas \u00e1reas, as\u00ed:<\/p>\n<p><strong><b><i>Profesional del A\u00f1o: Jaime Ram\u00edrez Jim\u00e9nez<\/i><\/b><\/strong><\/p>\n<p><strong><b><i>Programa del A\u00f1o: \u00abJusto Bol\u00edvar\u00bb<\/i><\/b><\/strong><\/p>\n<p><strong><b><i>Artista del A\u00f1o: Byordy<\/i><\/b><\/strong><\/p>\n<p><strong><b><i>Dirigente Pol\u00edtica del A\u00f1o: Nadia Blel Scaff<\/i><\/b><\/strong><\/p>\n<p><strong><b><i>Entidad Oficial del A\u00f1o: Cardique<\/i><\/b><\/strong><\/p>\n<p><strong>Mejor Servicio Hospitalario 2024: Hospital Universitario del Caribe<\/strong><\/p>\n<p><strong>Mejor Entidad del Sector Salud 2024: IPS Fundovida<\/strong><\/p>\n<p><b><i>Empresario del A\u00f1o: Ambrosio Fern\u00e1ndez<\/i><\/b><\/p>\n<p><b><i>Dirigente Gremial del A\u00f1o: Katherine Ballestas Lopera<\/i><\/b><\/p>\n<p><b><i>Gesti\u00f3n Territorial<\/i><\/b><\/p>\n<p><b><i>Ejecutiva del A\u00f1o<\/i><\/b><\/p>\n<\/div>\n<\/div>\n","protected":false},"excerpt":{"rendered":"<p>Cartagena de Indias, 4 de diciembre de 2024.- Revista Zetta eligi\u00f3 al profesional Jaime Ram\u00edrez Pi\u00f1erez como Abogado del A\u00f1o 2024. La distinci\u00f3n le ser\u00e1 entregada este jueves 5 de diciembre, en la ceremonia especial \u00abPersona del A\u00f1o\u00bb, prevista para las 9 de la ma\u00f1ana en el sal\u00f3n Magistral de Uniandes \u2013 Sede Caribe, en Serena del Mar. Jaime Ram\u00edrez Pi\u00f1erez CEO de la Corporaci\u00f3n BRP.\u00a0Abogado\u00a0 y administrador de empresas\u00a0 especialista en derecho laboral, derecho ambiental, urban\u00edstico y territorial con estudios en restructuraci\u00f3n y reorganizaci\u00f3n empresarial, propiedad intelectual, ciencias pol\u00edticas&#8230; <\/p>\n","protected":false},"author":3,"featured_media":55537,"comment_status":"closed","ping_status":"closed","sticky":false,"template":"","format":"standard","meta":{"footnotes":"","_links_to":"","_links_to_target":""},"categories":[1450,1356],"tags":[2298,285,2297,1357],"class_list":["post-55535","post","type-post","status-publish","format-standard","has-post-thumbnail","hentry","category-parasladers","category-persona-del-ano","tag-abogado-del-ano","tag-destacada","tag-jaime-ramirez-jimenez","tag-persona-del-ano"],"_links":{"self":[{"href":"https:\/\/revistazetta.com\/index.php?rest_route=\/wp\/v2\/posts\/55535","targetHints":{"allow":["GET"]}}],"collection":[{"href":"https:\/\/revistazetta.com\/index.php?rest_route=\/wp\/v2\/posts"}],"about":[{"href":"https:\/\/revistazetta.com\/index.php?rest_route=\/wp\/v2\/types\/post"}],"author":[{"embeddable":true,"href":"https:\/\/revistazetta.com\/index.php?rest_route=\/wp\/v2\/users\/3"}],"replies":[{"embeddable":true,"href":"https:\/\/revistazetta.com\/index.php?rest_route=%2Fwp%2Fv2%2Fcomments&post=55535"}],"version-history":[{"count":0,"href":"https:\/\/revistazetta.com\/index.php?rest_route=\/wp\/v2\/posts\/55535\/revisions"}],"wp:featuredmedia":[{"embeddable":true,"href":"https:\/\/revistazetta.com\/index.php?rest_route=\/wp\/v2\/media\/55537"}],"wp:attachment":[{"href":"https:\/\/revistazetta.com\/index.php?rest_route=%2Fwp%2Fv2%2Fmedia&parent=55535"}],"wp:term":[{"taxonomy":"category","embeddable":true,"href":"https:\/\/revistazetta.com\/index.php?rest_route=%2Fwp%2Fv2%2Fcategories&post=55535"},{"taxonomy":"post_tag","embeddable":true,"href":"https:\/\/revistazetta.com\/index.php?rest_route=%2Fwp%2Fv2%2Ftags&post=55535"}],"curies":[{"name":"wp","href":"https:\/\/api.w.org\/{rel}","templated":true}]}}