{"id":55551,"date":"2024-12-04T11:49:05","date_gmt":"2024-12-04T16:49:05","guid":{"rendered":"https:\/\/revistazetta.com\/?p=55551"},"modified":"2024-12-04T11:51:51","modified_gmt":"2024-12-04T16:51:51","slug":"eliana-simancas-personera-distrital-es-la-funcionaria-del-ano-2024","status":"publish","type":"post","link":"https:\/\/revistazetta.com\/?p=55551","title":{"rendered":"La Personera Distrital, Eliana Simancas, es la Funcionaria del A\u00f1o 2024"},"content":{"rendered":"<p><strong>Cartagena de Indias, 4 de diciembre de 2024.-<\/strong> <span style=\"color: #800000;\"><strong>Revista Zetta<\/strong><\/span> ha elegido a Eliana Simancas Tinoco, Personera Distrital de Cartagena, como la <strong>Funcionaria del A\u00f1o 2024.<\/strong><\/p>\n<p>La distinci\u00f3n le ser\u00e1 entregada este jueves 5 de diciembre, en la ceremonia especial \u00abPersona del A\u00f1o\u00bb, prevista para las 9 de la ma\u00f1ana en el sal\u00f3n Magistral de Uniandes \u2013 Sede Caribe, en Serena del Mar.<\/p>\n<p><strong>Eliana Simancas Tinoco<\/strong><\/p>\n<p>Eliana Simancas Tinoco es la actual Personera Distrital de Cartagena de Indias para el per\u00edodo 2024-2028. Abogada de profesi\u00f3n, cuenta con una s\u00f3lida formaci\u00f3n acad\u00e9mica como Especialista y Mag\u00edster en Derecho Administrativo. Su trayectoria profesional abarca m\u00e1s de 11 a\u00f1os de experiencia en el sector p\u00fablico, desempe\u00f1\u00e1ndose en roles clave que han fortalecido su conocimiento en gesti\u00f3n p\u00fablica y administraci\u00f3n jur\u00eddica.<\/p>\n<p>A lo largo de su carrera, ha ocupado cargos como Directora de Gesti\u00f3n Social de la Gobernaci\u00f3n de Bol\u00edvar, Jefe Jur\u00eddica del Instituto Distrital de Deportes y Recreaci\u00f3n (IDER), y Asesora Jur\u00eddica en instituciones como la Personer\u00eda de Cartagena, el Concejo de Cartagena, la Secretar\u00eda del Interior, y la Asamblea Departamental de Bol\u00edvar. Su experiencia y liderazgo la posicionan como una funcionaria comprometida con la defensa de los derechos ciudadanos y la promoci\u00f3n de la transparencia en la gesti\u00f3n p\u00fablica.<\/p>\n<p>Como Personera de Cartagena, su visi\u00f3n est\u00e1 enfocada en fortalecer la protecci\u00f3n de los derechos humanos, garantizar la participaci\u00f3n ciudadana y mejorar la eficacia de los servicios de control y vigilancia administrativa en el distrito.<br \/>\nSu consigna es trabajar en el territorio, fortaleciendo y optimizando la labor de este Ministerio P\u00fablico en cada rinc\u00f3n de la ciudad y sus corregimientos.<\/p>\n<p><img loading=\"lazy\" decoding=\"async\" class=\"alignnone size-medium wp-image-55448\" src=\"https:\/\/revistazetta.com\/wp-content\/uploads\/2024\/12\/PERSONA-DEL-ANO-500x333.jpg\" sizes=\"auto, (max-width: 500px) 100vw, 500px\" srcset=\"https:\/\/revistazetta.com\/wp-content\/uploads\/2024\/12\/PERSONA-DEL-ANO-500x333.jpg 500w, https:\/\/revistazetta.com\/wp-content\/uploads\/2024\/12\/PERSONA-DEL-ANO-1024x683.jpg 1024w, https:\/\/revistazetta.com\/wp-content\/uploads\/2024\/12\/PERSONA-DEL-ANO-243x162.jpg 243w, https:\/\/revistazetta.com\/wp-content\/uploads\/2024\/12\/PERSONA-DEL-ANO.jpg 1500w\" alt=\"\" width=\"500\" height=\"333\" \/><\/p>\n<div class=\"col-12 descripcion\">\n<div class=\"clearfix text-formatted field field--name-body field--type-text-with-summary field--label-hidden field__item\">\n<p><strong>Persona del A\u00f1o 2024<\/strong><\/p>\n<p>Por su edificante influencia a lo largo de este a\u00f1o 2024, son varias las personas y entidades que se han destacado en Cartagena de Indias y Bol\u00edvar, y Revista Zetta ha venido tomando nota para seleccionar entre ellas qui\u00e9n es la *<b>Persona del A\u00f1o 2024*<\/b>.<\/p>\n<blockquote><p>La ceremonia de 2024 ser\u00e1 en el sal\u00f3n Magistral de Uniandes (Serena del Mar), el pr\u00f3ximo jueves 5 de diciembre, a las 9 de la ma\u00f1ana, con transmisi\u00f3n por Facebook Live.<\/p><\/blockquote>\n<p>De igual forma, hemos definido unas categor\u00edas para exaltar a quienes se han destacado en cada una de estas \u00e1reas, as\u00ed:<\/p>\n<p><strong><b><i>Funcionaria del A\u00f1o: Eliana Simancas<\/i><\/b><\/strong><\/p>\n<p><strong><b><i>Ejecutiva del A\u00f1o: Beatriz Cort\u00e9s Gait\u00e1n<\/i><\/b><\/strong><\/p>\n<p><strong><b><i> Profesional del A\u00f1o: Jaime Ram\u00edrez Jim\u00e9nez<\/i><\/b><\/strong><\/p>\n<p><strong><b><i>Programa del A\u00f1o: \u00abJusto Bol\u00edvar\u00bb<\/i><\/b><\/strong><\/p>\n<p><strong><b><i>Artista del A\u00f1o: Byordy<\/i><\/b><\/strong><\/p>\n<p><strong><b><i>Dirigente Pol\u00edtica del A\u00f1o: Nadia Blel Scaff<\/i><\/b><\/strong><\/p>\n<p><strong><b><i>Entidad Oficial del A\u00f1o: Cardique<\/i><\/b><\/strong><\/p>\n<p><strong>Mejor Servicio Hospitalario 2024: Hospital Universitario del Caribe<\/strong><\/p>\n<p><strong>Mejor Entidad del Sector Salud 2024: IPS Fundovida<\/strong><\/p>\n<p><b><i>Empresario del A\u00f1o: Ambrosio Fern\u00e1ndez<\/i><\/b><\/p>\n<p><b><i>Dirigente Gremial del A\u00f1o: Katherine Ballestas Lopera<\/i><\/b><\/p>\n<p>&nbsp;<\/p>\n<\/div>\n<\/div>\n","protected":false},"excerpt":{"rendered":"<p>Cartagena de Indias, 4 de diciembre de 2024.- Revista Zetta ha elegido a Eliana Simancas Tinoco, Personera Distrital de Cartagena, como la Funcionaria del A\u00f1o 2024. La distinci\u00f3n le ser\u00e1 entregada este jueves 5 de diciembre, en la ceremonia especial \u00abPersona del A\u00f1o\u00bb, prevista para las 9 de la ma\u00f1ana en el sal\u00f3n Magistral de Uniandes \u2013 Sede Caribe, en Serena del Mar. Eliana Simancas Tinoco Eliana Simancas Tinoco es la actual Personera Distrital de Cartagena de Indias para el per\u00edodo 2024-2028. Abogada de profesi\u00f3n, cuenta con una s\u00f3lida formaci\u00f3n&#8230; <\/p>\n","protected":false},"author":3,"featured_media":55552,"comment_status":"closed","ping_status":"closed","sticky":false,"template":"","format":"standard","meta":{"footnotes":"","_links_to":"","_links_to_target":""},"categories":[1450,1356],"tags":[285,1963,2302,1357,2301],"class_list":["post-55551","post","type-post","status-publish","format-standard","has-post-thumbnail","hentry","category-parasladers","category-persona-del-ano","tag-destacada","tag-eliana-simancas","tag-funcionaria-del-ano","tag-persona-del-ano","tag-personera-distrital"],"_links":{"self":[{"href":"https:\/\/revistazetta.com\/index.php?rest_route=\/wp\/v2\/posts\/55551","targetHints":{"allow":["GET"]}}],"collection":[{"href":"https:\/\/revistazetta.com\/index.php?rest_route=\/wp\/v2\/posts"}],"about":[{"href":"https:\/\/revistazetta.com\/index.php?rest_route=\/wp\/v2\/types\/post"}],"author":[{"embeddable":true,"href":"https:\/\/revistazetta.com\/index.php?rest_route=\/wp\/v2\/users\/3"}],"replies":[{"embeddable":true,"href":"https:\/\/revistazetta.com\/index.php?rest_route=%2Fwp%2Fv2%2Fcomments&post=55551"}],"version-history":[{"count":0,"href":"https:\/\/revistazetta.com\/index.php?rest_route=\/wp\/v2\/posts\/55551\/revisions"}],"wp:featuredmedia":[{"embeddable":true,"href":"https:\/\/revistazetta.com\/index.php?rest_route=\/wp\/v2\/media\/55552"}],"wp:attachment":[{"href":"https:\/\/revistazetta.com\/index.php?rest_route=%2Fwp%2Fv2%2Fmedia&parent=55551"}],"wp:term":[{"taxonomy":"category","embeddable":true,"href":"https:\/\/revistazetta.com\/index.php?rest_route=%2Fwp%2Fv2%2Fcategories&post=55551"},{"taxonomy":"post_tag","embeddable":true,"href":"https:\/\/revistazetta.com\/index.php?rest_route=%2Fwp%2Fv2%2Ftags&post=55551"}],"curies":[{"name":"wp","href":"https:\/\/api.w.org\/{rel}","templated":true}]}}