{"id":55566,"date":"2024-12-05T05:48:52","date_gmt":"2024-12-05T10:48:52","guid":{"rendered":"https:\/\/revistazetta.com\/?p=55566"},"modified":"2024-12-05T06:04:57","modified_gmt":"2024-12-05T11:04:57","slug":"dumek-turbay-y-yamil-arana-son-las-personas-del-ano-2024","status":"publish","type":"post","link":"https:\/\/revistazetta.com\/?p=55566","title":{"rendered":"Dumek Turbay y Yamil Arana son las Personas del A\u00f1o 2024"},"content":{"rendered":"<p><strong>Cartagena de Indias, 5 de diciembre de 2024.-<\/strong> <span style=\"color: #800000;\"><strong>Revista Zetta<\/strong><\/span> ha elegido a <strong>Dumek Turbay Paz<\/strong>, alcalde de Cartagena de India,s y <strong>Yamil Arana Padau\u00ed<\/strong>, gobernador de Bol\u00edvar, como las Personas del A\u00f1o 2024.<\/p>\n<p>Por primera vez esta distinci\u00f3n es compartida por dos personas. Para Revista Zetta result\u00f3 la \u00fanica v\u00eda para dirimir la conceptualizaci\u00f3n del premio, ya que ambas gestiones lo ameritaban.<\/p>\n<p>Adem\u00e1s, han dado ejemplo de articulaci\u00f3n institucional entre Alcald\u00eda de Cartagena y Gobernaci\u00f3n de Bol\u00edvar para emprender acciones conjuntas en distintos frentes.<\/p>\n<p>El alcalde Dumek Turbay le devolvi\u00f3 la altura al cargo y est\u00e1 liderando una apuesta sin precedentes para que la ciudad piense en grande, ejecute proyectos y recupere el brillo que nunca debi\u00f3 perder.<\/p>\n<p>El gobernador Yamil Arana ha enriquecido el concepto de \u201cconstruir sobre lo construido\u201d, y llev\u00f3 a otro nivel los conceptos de \u201cgobernar con el o\u00eddo\u201d y \u201cmas territorio que escritorio\u201d. Dotado de una desbordada sensibilidad social, no hay rinc\u00f3n de Bol\u00edvar que escape a su obra de gobierno, y que le ha valido ser el gobernador con mejor aceptaci\u00f3n popular en el pa\u00eds.<\/p>\n<p>Tanto el alcalde Turbay como el gobernador Arana son invitados centrales a la ceremonia de PERSONA DEL A\u00d1O, que se cumple este jueves 5 de diciembre, a las 9 de la ma\u00f1ana, en el sal\u00f3n Magistral de Uniandes, sede Caribe, en Serena del Mar.<\/p>\n<p><strong>Persona del A\u00f1o 2024<\/strong><\/p>\n<p>Por su edificante influencia a lo largo de este a\u00f1o 2024, son varias las personas y entidades que se han destacado en Cartagena de Indias y Bol\u00edvar, y Revista Zetta ha venido tomando nota para seleccionar entre ellas qui\u00e9n es la *<b>Persona del A\u00f1o 2024*<\/b>.<\/p>\n<p>De igual forma, hemos definido unas categor\u00edas para exaltar a quienes se han destacado en cada una de estas \u00e1reas, as\u00ed:<\/p>\n<p><strong><b><i>Dirigente Pol\u00edtica del A\u00f1o: Nadia Blel Scaff<\/i><\/b><\/strong><\/p>\n<p><b><i>Empresario del A\u00f1o: Ambrosio Fern\u00e1ndez<\/i><\/b><\/p>\n<p><b><i>Dirigente Gremial del A\u00f1o: Katherine Ballestas Lopera<\/i><\/b><\/p>\n<p><strong><b><i>Artista del A\u00f1o: Byordy<\/i><\/b><\/strong><\/p>\n<p><strong><b><i>Entidad Oficial del A\u00f1o: Cardique<\/i><\/b><\/strong><\/p>\n<p><em><strong>Funcionaria del A\u00f1o: Eliana Simancas<\/strong><\/em><\/p>\n<p><strong><b><i>Ejecutiva del A\u00f1o: Beatriz Cort\u00e9s Gait\u00e1n<\/i><\/b><\/strong><\/p>\n<p><strong><b><i>Mejor Entidad del Sector Salud 2024: IPS Fundovida<\/i><\/b><\/strong><\/p>\n<p><em><strong>Mejor Servicio Hospitalario 2024: Hospital Universitario del Caribe HUC<\/strong><\/em><\/p>\n<p><strong><b><i>Abogado del A\u00f1o: Jaime Ram\u00edrez Jim\u00e9nez<\/i><\/b><\/strong><\/p>\n<p><strong><b><i>Programa del A\u00f1o: \u00abJusto Bol\u00edvar\u00bb<\/i><\/b><\/strong><\/p>\n<p><em><strong>Mejor Gesti\u00f3n Territorial &#8211; Planeaci\u00f3n y ejecuci\u00f3n: <\/strong>Miguel Samir barrios, alcalde de Clemencia.<\/em><\/p>\n<p><em><strong>Mejor Gesti\u00f3n Territorial &#8211; Inversi\u00f3n Social: <\/strong>Arnaldo Beltr\u00e1n, alcalde de Santa Catalina<\/em><\/p>\n<p><img loading=\"lazy\" decoding=\"async\" class=\"alignnone size-medium wp-image-55569\" src=\"https:\/\/revistazetta.com\/wp-content\/uploads\/2024\/12\/2-Dumek-Turbay-Persona-del-Ano-500x333.jpg\" alt=\"\" width=\"500\" height=\"333\" srcset=\"https:\/\/revistazetta.com\/wp-content\/uploads\/2024\/12\/2-Dumek-Turbay-Persona-del-Ano-500x333.jpg 500w, https:\/\/revistazetta.com\/wp-content\/uploads\/2024\/12\/2-Dumek-Turbay-Persona-del-Ano-1024x683.jpg 1024w, https:\/\/revistazetta.com\/wp-content\/uploads\/2024\/12\/2-Dumek-Turbay-Persona-del-Ano-243x162.jpg 243w, https:\/\/revistazetta.com\/wp-content\/uploads\/2024\/12\/2-Dumek-Turbay-Persona-del-Ano.jpg 1500w\" sizes=\"auto, (max-width: 500px) 100vw, 500px\" \/> <img loading=\"lazy\" decoding=\"async\" class=\"alignnone size-medium wp-image-55570\" src=\"https:\/\/revistazetta.com\/wp-content\/uploads\/2024\/12\/3-Yamil-Arana-Persona-del-Ano-500x333.jpg\" alt=\"\" width=\"500\" height=\"333\" srcset=\"https:\/\/revistazetta.com\/wp-content\/uploads\/2024\/12\/3-Yamil-Arana-Persona-del-Ano-500x333.jpg 500w, https:\/\/revistazetta.com\/wp-content\/uploads\/2024\/12\/3-Yamil-Arana-Persona-del-Ano-1024x683.jpg 1024w, https:\/\/revistazetta.com\/wp-content\/uploads\/2024\/12\/3-Yamil-Arana-Persona-del-Ano-243x162.jpg 243w, https:\/\/revistazetta.com\/wp-content\/uploads\/2024\/12\/3-Yamil-Arana-Persona-del-Ano.jpg 1500w\" sizes=\"auto, (max-width: 500px) 100vw, 500px\" \/> <img loading=\"lazy\" decoding=\"async\" class=\"alignnone size-medium wp-image-55571\" src=\"https:\/\/revistazetta.com\/wp-content\/uploads\/2024\/12\/4-Nadia-Blel-Dirigente-Politica-500x333.jpg\" alt=\"\" width=\"500\" height=\"333\" srcset=\"https:\/\/revistazetta.com\/wp-content\/uploads\/2024\/12\/4-Nadia-Blel-Dirigente-Politica-500x333.jpg 500w, https:\/\/revistazetta.com\/wp-content\/uploads\/2024\/12\/4-Nadia-Blel-Dirigente-Politica-1024x683.jpg 1024w, https:\/\/revistazetta.com\/wp-content\/uploads\/2024\/12\/4-Nadia-Blel-Dirigente-Politica-243x162.jpg 243w, https:\/\/revistazetta.com\/wp-content\/uploads\/2024\/12\/4-Nadia-Blel-Dirigente-Politica.jpg 1500w\" sizes=\"auto, (max-width: 500px) 100vw, 500px\" \/> <img loading=\"lazy\" decoding=\"async\" class=\"alignnone size-medium wp-image-55572\" src=\"https:\/\/revistazetta.com\/wp-content\/uploads\/2024\/12\/5-Ambrosio-Fernandez-Empresario-del-Ano-500x333.jpg\" alt=\"\" width=\"500\" height=\"333\" srcset=\"https:\/\/revistazetta.com\/wp-content\/uploads\/2024\/12\/5-Ambrosio-Fernandez-Empresario-del-Ano-500x333.jpg 500w, https:\/\/revistazetta.com\/wp-content\/uploads\/2024\/12\/5-Ambrosio-Fernandez-Empresario-del-Ano-1024x683.jpg 1024w, https:\/\/revistazetta.com\/wp-content\/uploads\/2024\/12\/5-Ambrosio-Fernandez-Empresario-del-Ano-243x162.jpg 243w, https:\/\/revistazetta.com\/wp-content\/uploads\/2024\/12\/5-Ambrosio-Fernandez-Empresario-del-Ano.jpg 1500w\" sizes=\"auto, (max-width: 500px) 100vw, 500px\" \/> <img loading=\"lazy\" decoding=\"async\" class=\"alignnone size-medium wp-image-55573\" src=\"https:\/\/revistazetta.com\/wp-content\/uploads\/2024\/12\/6-Katherine-Ballestas-Dirigente-Gremial-500x333.jpg\" alt=\"\" width=\"500\" height=\"333\" srcset=\"https:\/\/revistazetta.com\/wp-content\/uploads\/2024\/12\/6-Katherine-Ballestas-Dirigente-Gremial-500x333.jpg 500w, https:\/\/revistazetta.com\/wp-content\/uploads\/2024\/12\/6-Katherine-Ballestas-Dirigente-Gremial-1024x683.jpg 1024w, https:\/\/revistazetta.com\/wp-content\/uploads\/2024\/12\/6-Katherine-Ballestas-Dirigente-Gremial-243x162.jpg 243w, https:\/\/revistazetta.com\/wp-content\/uploads\/2024\/12\/6-Katherine-Ballestas-Dirigente-Gremial.jpg 1500w\" sizes=\"auto, (max-width: 500px) 100vw, 500px\" \/> <img loading=\"lazy\" decoding=\"async\" class=\"alignnone size-medium wp-image-55574\" src=\"https:\/\/revistazetta.com\/wp-content\/uploads\/2024\/12\/7-Byordy-Artista-del-Ano-500x333.jpg\" alt=\"\" width=\"500\" height=\"333\" srcset=\"https:\/\/revistazetta.com\/wp-content\/uploads\/2024\/12\/7-Byordy-Artista-del-Ano-500x333.jpg 500w, https:\/\/revistazetta.com\/wp-content\/uploads\/2024\/12\/7-Byordy-Artista-del-Ano-1024x683.jpg 1024w, https:\/\/revistazetta.com\/wp-content\/uploads\/2024\/12\/7-Byordy-Artista-del-Ano-243x162.jpg 243w, https:\/\/revistazetta.com\/wp-content\/uploads\/2024\/12\/7-Byordy-Artista-del-Ano.jpg 1500w\" sizes=\"auto, (max-width: 500px) 100vw, 500px\" \/> <img loading=\"lazy\" decoding=\"async\" class=\"alignnone size-medium wp-image-55575\" src=\"https:\/\/revistazetta.com\/wp-content\/uploads\/2024\/12\/8-Cardique-Entidad-Oficial-2024-500x333.jpg\" alt=\"\" width=\"500\" height=\"333\" srcset=\"https:\/\/revistazetta.com\/wp-content\/uploads\/2024\/12\/8-Cardique-Entidad-Oficial-2024-500x333.jpg 500w, https:\/\/revistazetta.com\/wp-content\/uploads\/2024\/12\/8-Cardique-Entidad-Oficial-2024-1024x683.jpg 1024w, https:\/\/revistazetta.com\/wp-content\/uploads\/2024\/12\/8-Cardique-Entidad-Oficial-2024-243x162.jpg 243w, https:\/\/revistazetta.com\/wp-content\/uploads\/2024\/12\/8-Cardique-Entidad-Oficial-2024.jpg 1500w\" sizes=\"auto, (max-width: 500px) 100vw, 500px\" \/> <img loading=\"lazy\" decoding=\"async\" class=\"alignnone size-medium wp-image-55576\" src=\"https:\/\/revistazetta.com\/wp-content\/uploads\/2024\/12\/9-Eliana-Simancas-Funcionaria-500x333.jpg\" alt=\"\" width=\"500\" height=\"333\" srcset=\"https:\/\/revistazetta.com\/wp-content\/uploads\/2024\/12\/9-Eliana-Simancas-Funcionaria-500x333.jpg 500w, https:\/\/revistazetta.com\/wp-content\/uploads\/2024\/12\/9-Eliana-Simancas-Funcionaria-1024x683.jpg 1024w, https:\/\/revistazetta.com\/wp-content\/uploads\/2024\/12\/9-Eliana-Simancas-Funcionaria-243x162.jpg 243w, https:\/\/revistazetta.com\/wp-content\/uploads\/2024\/12\/9-Eliana-Simancas-Funcionaria.jpg 1500w\" sizes=\"auto, (max-width: 500px) 100vw, 500px\" \/> <img loading=\"lazy\" decoding=\"async\" class=\"alignnone size-medium wp-image-55577\" src=\"https:\/\/revistazetta.com\/wp-content\/uploads\/2024\/12\/10-Beatrriz-Cortez-Ejecutiva-500x333.jpg\" alt=\"\" width=\"500\" height=\"333\" srcset=\"https:\/\/revistazetta.com\/wp-content\/uploads\/2024\/12\/10-Beatrriz-Cortez-Ejecutiva-500x333.jpg 500w, https:\/\/revistazetta.com\/wp-content\/uploads\/2024\/12\/10-Beatrriz-Cortez-Ejecutiva-1024x683.jpg 1024w, https:\/\/revistazetta.com\/wp-content\/uploads\/2024\/12\/10-Beatrriz-Cortez-Ejecutiva-243x162.jpg 243w, https:\/\/revistazetta.com\/wp-content\/uploads\/2024\/12\/10-Beatrriz-Cortez-Ejecutiva.jpg 1500w\" sizes=\"auto, (max-width: 500px) 100vw, 500px\" \/> <img loading=\"lazy\" decoding=\"async\" class=\"alignnone size-medium wp-image-55578\" src=\"https:\/\/revistazetta.com\/wp-content\/uploads\/2024\/12\/11-IPS-FUNDOVIDA-Entidad-Salud-500x333.jpg\" alt=\"\" width=\"500\" height=\"333\" srcset=\"https:\/\/revistazetta.com\/wp-content\/uploads\/2024\/12\/11-IPS-FUNDOVIDA-Entidad-Salud-500x333.jpg 500w, https:\/\/revistazetta.com\/wp-content\/uploads\/2024\/12\/11-IPS-FUNDOVIDA-Entidad-Salud-1024x683.jpg 1024w, https:\/\/revistazetta.com\/wp-content\/uploads\/2024\/12\/11-IPS-FUNDOVIDA-Entidad-Salud-243x162.jpg 243w, https:\/\/revistazetta.com\/wp-content\/uploads\/2024\/12\/11-IPS-FUNDOVIDA-Entidad-Salud.jpg 1500w\" sizes=\"auto, (max-width: 500px) 100vw, 500px\" \/> <img loading=\"lazy\" decoding=\"async\" class=\"alignnone size-medium wp-image-55579\" src=\"https:\/\/revistazetta.com\/wp-content\/uploads\/2024\/12\/12-HUC-Servicio-Hospitalario-500x333.jpg\" alt=\"\" width=\"500\" height=\"333\" srcset=\"https:\/\/revistazetta.com\/wp-content\/uploads\/2024\/12\/12-HUC-Servicio-Hospitalario-500x333.jpg 500w, https:\/\/revistazetta.com\/wp-content\/uploads\/2024\/12\/12-HUC-Servicio-Hospitalario-1024x683.jpg 1024w, https:\/\/revistazetta.com\/wp-content\/uploads\/2024\/12\/12-HUC-Servicio-Hospitalario-243x162.jpg 243w, https:\/\/revistazetta.com\/wp-content\/uploads\/2024\/12\/12-HUC-Servicio-Hospitalario.jpg 1500w\" sizes=\"auto, (max-width: 500px) 100vw, 500px\" \/> <img loading=\"lazy\" decoding=\"async\" class=\"alignnone size-medium wp-image-55580\" src=\"https:\/\/revistazetta.com\/wp-content\/uploads\/2024\/12\/13-Jaime-Ramirez-Pinerez-Abogado-500x333.jpg\" alt=\"\" width=\"500\" height=\"333\" srcset=\"https:\/\/revistazetta.com\/wp-content\/uploads\/2024\/12\/13-Jaime-Ramirez-Pinerez-Abogado-500x333.jpg 500w, https:\/\/revistazetta.com\/wp-content\/uploads\/2024\/12\/13-Jaime-Ramirez-Pinerez-Abogado-1024x683.jpg 1024w, https:\/\/revistazetta.com\/wp-content\/uploads\/2024\/12\/13-Jaime-Ramirez-Pinerez-Abogado-243x162.jpg 243w, https:\/\/revistazetta.com\/wp-content\/uploads\/2024\/12\/13-Jaime-Ramirez-Pinerez-Abogado.jpg 1500w\" sizes=\"auto, (max-width: 500px) 100vw, 500px\" \/> <img loading=\"lazy\" decoding=\"async\" class=\"alignnone size-medium wp-image-55581\" src=\"https:\/\/revistazetta.com\/wp-content\/uploads\/2024\/12\/14-Justo-Bolivar-Programa-500x333.jpg\" alt=\"\" width=\"500\" height=\"333\" srcset=\"https:\/\/revistazetta.com\/wp-content\/uploads\/2024\/12\/14-Justo-Bolivar-Programa-500x333.jpg 500w, https:\/\/revistazetta.com\/wp-content\/uploads\/2024\/12\/14-Justo-Bolivar-Programa-1024x683.jpg 1024w, https:\/\/revistazetta.com\/wp-content\/uploads\/2024\/12\/14-Justo-Bolivar-Programa-243x162.jpg 243w, https:\/\/revistazetta.com\/wp-content\/uploads\/2024\/12\/14-Justo-Bolivar-Programa.jpg 1500w\" sizes=\"auto, (max-width: 500px) 100vw, 500px\" \/> <img loading=\"lazy\" decoding=\"async\" class=\"alignnone size-medium wp-image-55582\" src=\"https:\/\/revistazetta.com\/wp-content\/uploads\/2024\/12\/15-Miguel-Samir-Barrios-Gestion-Territorial-500x333.jpg\" alt=\"\" width=\"500\" height=\"333\" srcset=\"https:\/\/revistazetta.com\/wp-content\/uploads\/2024\/12\/15-Miguel-Samir-Barrios-Gestion-Territorial-500x333.jpg 500w, https:\/\/revistazetta.com\/wp-content\/uploads\/2024\/12\/15-Miguel-Samir-Barrios-Gestion-Territorial-1024x683.jpg 1024w, https:\/\/revistazetta.com\/wp-content\/uploads\/2024\/12\/15-Miguel-Samir-Barrios-Gestion-Territorial-243x162.jpg 243w, https:\/\/revistazetta.com\/wp-content\/uploads\/2024\/12\/15-Miguel-Samir-Barrios-Gestion-Territorial.jpg 1500w\" sizes=\"auto, (max-width: 500px) 100vw, 500px\" \/> <img loading=\"lazy\" decoding=\"async\" class=\"alignnone size-medium wp-image-55583\" src=\"https:\/\/revistazetta.com\/wp-content\/uploads\/2024\/12\/16-Arnaldo-Beltran-Gestion-Territorial-500x333.jpg\" alt=\"\" width=\"500\" height=\"333\" srcset=\"https:\/\/revistazetta.com\/wp-content\/uploads\/2024\/12\/16-Arnaldo-Beltran-Gestion-Territorial-500x333.jpg 500w, https:\/\/revistazetta.com\/wp-content\/uploads\/2024\/12\/16-Arnaldo-Beltran-Gestion-Territorial-1024x683.jpg 1024w, https:\/\/revistazetta.com\/wp-content\/uploads\/2024\/12\/16-Arnaldo-Beltran-Gestion-Territorial-243x162.jpg 243w, https:\/\/revistazetta.com\/wp-content\/uploads\/2024\/12\/16-Arnaldo-Beltran-Gestion-Territorial.jpg 1500w\" sizes=\"auto, (max-width: 500px) 100vw, 500px\" \/><\/p>\n","protected":false},"excerpt":{"rendered":"<p>Cartagena de Indias, 5 de diciembre de 2024.- Revista Zetta ha elegido a Dumek Turbay Paz, alcalde de Cartagena de India,s y Yamil Arana Padau\u00ed, gobernador de Bol\u00edvar, como las Personas del A\u00f1o 2024. Por primera vez esta distinci\u00f3n es compartida por dos personas. Para Revista Zetta result\u00f3 la \u00fanica v\u00eda para dirimir la conceptualizaci\u00f3n del premio, ya que ambas gestiones lo ameritaban. Adem\u00e1s, han dado ejemplo de articulaci\u00f3n institucional entre Alcald\u00eda de Cartagena y Gobernaci\u00f3n de Bol\u00edvar para emprender acciones conjuntas en distintos frentes. El alcalde Dumek Turbay le&#8230; <\/p>\n","protected":false},"author":3,"featured_media":55567,"comment_status":"closed","ping_status":"closed","sticky":false,"template":"","format":"standard","meta":{"footnotes":"","_links_to":"","_links_to_target":""},"categories":[1450,1356],"tags":[285,74,1357,583],"class_list":["post-55566","post","type-post","status-publish","format-standard","has-post-thumbnail","hentry","category-parasladers","category-persona-del-ano","tag-destacada","tag-dumek-turbay","tag-persona-del-ano","tag-yamil-arana"],"_links":{"self":[{"href":"https:\/\/revistazetta.com\/index.php?rest_route=\/wp\/v2\/posts\/55566","targetHints":{"allow":["GET"]}}],"collection":[{"href":"https:\/\/revistazetta.com\/index.php?rest_route=\/wp\/v2\/posts"}],"about":[{"href":"https:\/\/revistazetta.com\/index.php?rest_route=\/wp\/v2\/types\/post"}],"author":[{"embeddable":true,"href":"https:\/\/revistazetta.com\/index.php?rest_route=\/wp\/v2\/users\/3"}],"replies":[{"embeddable":true,"href":"https:\/\/revistazetta.com\/index.php?rest_route=%2Fwp%2Fv2%2Fcomments&post=55566"}],"version-history":[{"count":0,"href":"https:\/\/revistazetta.com\/index.php?rest_route=\/wp\/v2\/posts\/55566\/revisions"}],"wp:featuredmedia":[{"embeddable":true,"href":"https:\/\/revistazetta.com\/index.php?rest_route=\/wp\/v2\/media\/55567"}],"wp:attachment":[{"href":"https:\/\/revistazetta.com\/index.php?rest_route=%2Fwp%2Fv2%2Fmedia&parent=55566"}],"wp:term":[{"taxonomy":"category","embeddable":true,"href":"https:\/\/revistazetta.com\/index.php?rest_route=%2Fwp%2Fv2%2Fcategories&post=55566"},{"taxonomy":"post_tag","embeddable":true,"href":"https:\/\/revistazetta.com\/index.php?rest_route=%2Fwp%2Fv2%2Ftags&post=55566"}],"curies":[{"name":"wp","href":"https:\/\/api.w.org\/{rel}","templated":true}]}}