{"id":55584,"date":"2024-12-05T20:24:45","date_gmt":"2024-12-06T01:24:45","guid":{"rendered":"https:\/\/revistazetta.com\/?p=55584"},"modified":"2024-12-05T20:24:45","modified_gmt":"2024-12-06T01:24:45","slug":"revista-zetta-entrego-los-premios-persona-del-ano-2024","status":"publish","type":"post","link":"https:\/\/revistazetta.com\/?p=55584","title":{"rendered":"Revista Zetta entreg\u00f3 los premios PERSONA DEL A\u00d1O 2024"},"content":{"rendered":"<p><strong>Cartagena de Indias, 5 de diciembre de 2024.- <\/strong>Hoy se cumpli\u00f3 la ceremonia de entrega de los premios PERSONA DEL A\u00d1O 2024.<\/p>\n<p><img loading=\"lazy\" decoding=\"async\" class=\"alignnone size-medium wp-image-55601\" src=\"https:\/\/revistazetta.com\/wp-content\/uploads\/2024\/12\/Todos-2-500x333.jpeg\" alt=\"\" width=\"500\" height=\"333\" srcset=\"https:\/\/revistazetta.com\/wp-content\/uploads\/2024\/12\/Todos-2-500x333.jpeg 500w, https:\/\/revistazetta.com\/wp-content\/uploads\/2024\/12\/Todos-2-1024x683.jpeg 1024w, https:\/\/revistazetta.com\/wp-content\/uploads\/2024\/12\/Todos-2-243x162.jpeg 243w, https:\/\/revistazetta.com\/wp-content\/uploads\/2024\/12\/Todos-2-1536x1024.jpeg 1536w, https:\/\/revistazetta.com\/wp-content\/uploads\/2024\/12\/Todos-2-2048x1366.jpeg 2048w\" sizes=\"auto, (max-width: 500px) 100vw, 500px\" \/><\/p>\n<p><span style=\"color: #800000;\"><strong>Revista Zetta<\/strong><\/span> ha elegido a <strong>Dumek Turbay Paz<\/strong>, alcalde de Cartagena de India,s y <strong>Yamil Arana Padau\u00ed<\/strong>, gobernador de Bol\u00edvar, como las Personas del A\u00f1o 2024. Por primera vez esta distinci\u00f3n es compartida por dos personas.<\/p>\n<p>El gobernador Yamil Arana recibi\u00f3 la ovaci\u00f3n de los asistentes al felicitarlo por su d\u00eda de cumplea\u00f1os.<\/p>\n<p>El alcalde Dumek Turbay envi\u00f3 una carta de excusa al no poder asistir por una situaci\u00f3n familiar.<\/p>\n<p>La ceremonia se cumpli\u00f3 en\u00a0el sal\u00f3n Magistral de Uniandes, sede Caribe, en Serena del Mar.<\/p>\n<p><img loading=\"lazy\" decoding=\"async\" class=\"alignnone size-medium wp-image-55600\" src=\"https:\/\/revistazetta.com\/wp-content\/uploads\/2024\/12\/Yamil-5-500x333.jpeg\" alt=\"\" width=\"500\" height=\"333\" srcset=\"https:\/\/revistazetta.com\/wp-content\/uploads\/2024\/12\/Yamil-5-500x333.jpeg 500w, https:\/\/revistazetta.com\/wp-content\/uploads\/2024\/12\/Yamil-5-1024x683.jpeg 1024w, https:\/\/revistazetta.com\/wp-content\/uploads\/2024\/12\/Yamil-5-243x162.jpeg 243w, https:\/\/revistazetta.com\/wp-content\/uploads\/2024\/12\/Yamil-5-1536x1024.jpeg 1536w, https:\/\/revistazetta.com\/wp-content\/uploads\/2024\/12\/Yamil-5-2048x1366.jpeg 2048w\" sizes=\"auto, (max-width: 500px) 100vw, 500px\" \/><\/p>\n<p><strong>Persona del A\u00f1o 2024<\/strong><\/p>\n<p>Por su edificante influencia a lo largo de este a\u00f1o 2024, estas son las personas y entidades que se han destacado en Cartagena de Indias y Bol\u00edvar, y que recibieron reconocimiento de <span style=\"color: #800000;\"><strong>Revista Zetta.<\/strong><\/span><\/p>\n<p><strong>Persona del A\u00f1o:<\/strong> Yamil Arana, gobernador de Bol\u00edvar<\/p>\n<p><img loading=\"lazy\" decoding=\"async\" class=\"alignnone size-medium wp-image-55599\" src=\"https:\/\/revistazetta.com\/wp-content\/uploads\/2024\/12\/Yamil-3-500x333.jpeg\" alt=\"\" width=\"500\" height=\"333\" srcset=\"https:\/\/revistazetta.com\/wp-content\/uploads\/2024\/12\/Yamil-3-500x333.jpeg 500w, https:\/\/revistazetta.com\/wp-content\/uploads\/2024\/12\/Yamil-3-1024x683.jpeg 1024w, https:\/\/revistazetta.com\/wp-content\/uploads\/2024\/12\/Yamil-3-243x162.jpeg 243w, https:\/\/revistazetta.com\/wp-content\/uploads\/2024\/12\/Yamil-3-1536x1024.jpeg 1536w, https:\/\/revistazetta.com\/wp-content\/uploads\/2024\/12\/Yamil-3-2048x1366.jpeg 2048w\" sizes=\"auto, (max-width: 500px) 100vw, 500px\" \/><\/p>\n<p><strong>Persona del A\u00f1o:<\/strong> Dumek Turbay, alcalde de Cartagena de Indias.<\/p>\n<p><strong><b><i>Dirigente Pol\u00edtica del A\u00f1o: Nadia Blel Scaff<\/i><\/b><\/strong><\/p>\n<p><img loading=\"lazy\" decoding=\"async\" class=\"alignnone size-medium wp-image-55596\" src=\"https:\/\/revistazetta.com\/wp-content\/uploads\/2024\/12\/Nadia-y-JZ-2-500x333.jpeg\" alt=\"\" width=\"500\" height=\"333\" srcset=\"https:\/\/revistazetta.com\/wp-content\/uploads\/2024\/12\/Nadia-y-JZ-2-500x333.jpeg 500w, https:\/\/revistazetta.com\/wp-content\/uploads\/2024\/12\/Nadia-y-JZ-2-1024x683.jpeg 1024w, https:\/\/revistazetta.com\/wp-content\/uploads\/2024\/12\/Nadia-y-JZ-2-243x162.jpeg 243w, https:\/\/revistazetta.com\/wp-content\/uploads\/2024\/12\/Nadia-y-JZ-2-1536x1024.jpeg 1536w, https:\/\/revistazetta.com\/wp-content\/uploads\/2024\/12\/Nadia-y-JZ-2-2048x1366.jpeg 2048w\" sizes=\"auto, (max-width: 500px) 100vw, 500px\" \/><\/p>\n<p><b><i>Empresario del A\u00f1o: Ambrosio Fern\u00e1ndez<\/i><\/b><\/p>\n<p><img loading=\"lazy\" decoding=\"async\" class=\"alignnone size-medium wp-image-55585\" src=\"https:\/\/revistazetta.com\/wp-content\/uploads\/2024\/12\/Ambro-4-500x333.jpeg\" alt=\"\" width=\"500\" height=\"333\" srcset=\"https:\/\/revistazetta.com\/wp-content\/uploads\/2024\/12\/Ambro-4-500x333.jpeg 500w, https:\/\/revistazetta.com\/wp-content\/uploads\/2024\/12\/Ambro-4-1024x683.jpeg 1024w, https:\/\/revistazetta.com\/wp-content\/uploads\/2024\/12\/Ambro-4-243x162.jpeg 243w, https:\/\/revistazetta.com\/wp-content\/uploads\/2024\/12\/Ambro-4-1536x1024.jpeg 1536w, https:\/\/revistazetta.com\/wp-content\/uploads\/2024\/12\/Ambro-4-2048x1366.jpeg 2048w\" sizes=\"auto, (max-width: 500px) 100vw, 500px\" \/><\/p>\n<p><b><i>Dirigente Gremial del A\u00f1o: Katherine Ballestas, directora ejecutiva de Acodres Cartagena.<\/i><\/b><\/p>\n<p><img loading=\"lazy\" decoding=\"async\" class=\"alignnone size-medium wp-image-55595\" src=\"https:\/\/revistazetta.com\/wp-content\/uploads\/2024\/12\/Kathe-4-500x333.jpeg\" alt=\"\" width=\"500\" height=\"333\" srcset=\"https:\/\/revistazetta.com\/wp-content\/uploads\/2024\/12\/Kathe-4-500x333.jpeg 500w, https:\/\/revistazetta.com\/wp-content\/uploads\/2024\/12\/Kathe-4-1024x683.jpeg 1024w, https:\/\/revistazetta.com\/wp-content\/uploads\/2024\/12\/Kathe-4-243x162.jpeg 243w, https:\/\/revistazetta.com\/wp-content\/uploads\/2024\/12\/Kathe-4-1536x1024.jpeg 1536w, https:\/\/revistazetta.com\/wp-content\/uploads\/2024\/12\/Kathe-4-2048x1366.jpeg 2048w\" sizes=\"auto, (max-width: 500px) 100vw, 500px\" \/><\/p>\n<p><strong><b><i>Artista del A\u00f1o: Byordy<\/i><\/b><\/strong><\/p>\n<p><img loading=\"lazy\" decoding=\"async\" class=\"alignnone size-medium wp-image-55589\" src=\"https:\/\/revistazetta.com\/wp-content\/uploads\/2024\/12\/Byordy-2-500x333.jpeg\" alt=\"\" width=\"500\" height=\"333\" srcset=\"https:\/\/revistazetta.com\/wp-content\/uploads\/2024\/12\/Byordy-2-500x333.jpeg 500w, https:\/\/revistazetta.com\/wp-content\/uploads\/2024\/12\/Byordy-2-1024x683.jpeg 1024w, https:\/\/revistazetta.com\/wp-content\/uploads\/2024\/12\/Byordy-2-243x162.jpeg 243w, https:\/\/revistazetta.com\/wp-content\/uploads\/2024\/12\/Byordy-2-1536x1024.jpeg 1536w, https:\/\/revistazetta.com\/wp-content\/uploads\/2024\/12\/Byordy-2-2048x1366.jpeg 2048w\" sizes=\"auto, (max-width: 500px) 100vw, 500px\" \/><\/p>\n<p><strong><b><i>Entidad Oficial del A\u00f1o: Cardique (\u00c1ngelo Bacci, director, recibi\u00f3 el galard\u00f3n)<\/i><\/b><\/strong><\/p>\n<p><img loading=\"lazy\" decoding=\"async\" class=\"alignnone size-medium wp-image-55587\" src=\"https:\/\/revistazetta.com\/wp-content\/uploads\/2024\/12\/Bacci-4-500x333.jpeg\" alt=\"\" width=\"500\" height=\"333\" srcset=\"https:\/\/revistazetta.com\/wp-content\/uploads\/2024\/12\/Bacci-4-500x333.jpeg 500w, https:\/\/revistazetta.com\/wp-content\/uploads\/2024\/12\/Bacci-4-1024x683.jpeg 1024w, https:\/\/revistazetta.com\/wp-content\/uploads\/2024\/12\/Bacci-4-243x162.jpeg 243w, https:\/\/revistazetta.com\/wp-content\/uploads\/2024\/12\/Bacci-4-1536x1024.jpeg 1536w, https:\/\/revistazetta.com\/wp-content\/uploads\/2024\/12\/Bacci-4-2048x1366.jpeg 2048w\" sizes=\"auto, (max-width: 500px) 100vw, 500px\" \/><\/p>\n<p><em><strong>Funcionaria del A\u00f1o: Eliana Simancas, personera distrital de Cartagena de Indias.<\/strong><\/em><\/p>\n<p><img loading=\"lazy\" decoding=\"async\" class=\"alignnone size-medium wp-image-55591\" src=\"https:\/\/revistazetta.com\/wp-content\/uploads\/2024\/12\/Eliana-1-500x333.jpeg\" alt=\"\" width=\"500\" height=\"333\" srcset=\"https:\/\/revistazetta.com\/wp-content\/uploads\/2024\/12\/Eliana-1-500x333.jpeg 500w, https:\/\/revistazetta.com\/wp-content\/uploads\/2024\/12\/Eliana-1-1024x683.jpeg 1024w, https:\/\/revistazetta.com\/wp-content\/uploads\/2024\/12\/Eliana-1-243x162.jpeg 243w, https:\/\/revistazetta.com\/wp-content\/uploads\/2024\/12\/Eliana-1-1536x1024.jpeg 1536w, https:\/\/revistazetta.com\/wp-content\/uploads\/2024\/12\/Eliana-1-2048x1366.jpeg 2048w\" sizes=\"auto, (max-width: 500px) 100vw, 500px\" \/><\/p>\n<p><strong><b><i>Ejecutiva del A\u00f1o: Beatriz Cort\u00e9s Gait\u00e1n, directora administrativa de Comfamiliar Cartagena Bol\u00edvar.<\/i><\/b><\/strong><\/p>\n<p><img loading=\"lazy\" decoding=\"async\" class=\"alignnone size-medium wp-image-55588\" src=\"https:\/\/revistazetta.com\/wp-content\/uploads\/2024\/12\/Beatriz-trofeo-2-500x333.jpeg\" alt=\"\" width=\"500\" height=\"333\" srcset=\"https:\/\/revistazetta.com\/wp-content\/uploads\/2024\/12\/Beatriz-trofeo-2-500x333.jpeg 500w, https:\/\/revistazetta.com\/wp-content\/uploads\/2024\/12\/Beatriz-trofeo-2-1024x683.jpeg 1024w, https:\/\/revistazetta.com\/wp-content\/uploads\/2024\/12\/Beatriz-trofeo-2-243x162.jpeg 243w, https:\/\/revistazetta.com\/wp-content\/uploads\/2024\/12\/Beatriz-trofeo-2-1536x1024.jpeg 1536w, https:\/\/revistazetta.com\/wp-content\/uploads\/2024\/12\/Beatriz-trofeo-2-2048x1366.jpeg 2048w\" sizes=\"auto, (max-width: 500px) 100vw, 500px\" \/><\/p>\n<p><strong><b><i>Mejor Entidad del Sector Salud 2024: IPS Fundovida (Rosmery Elles, directora, recibi\u00f3 el galard\u00f3n)<\/i><\/b><\/strong><\/p>\n<p><img loading=\"lazy\" decoding=\"async\" class=\"alignnone size-medium wp-image-55597\" src=\"https:\/\/revistazetta.com\/wp-content\/uploads\/2024\/12\/Rosmery-trofeo-5-500x333.jpeg\" alt=\"\" width=\"500\" height=\"333\" srcset=\"https:\/\/revistazetta.com\/wp-content\/uploads\/2024\/12\/Rosmery-trofeo-5-500x333.jpeg 500w, https:\/\/revistazetta.com\/wp-content\/uploads\/2024\/12\/Rosmery-trofeo-5-1024x683.jpeg 1024w, https:\/\/revistazetta.com\/wp-content\/uploads\/2024\/12\/Rosmery-trofeo-5-243x162.jpeg 243w, https:\/\/revistazetta.com\/wp-content\/uploads\/2024\/12\/Rosmery-trofeo-5-1536x1024.jpeg 1536w, https:\/\/revistazetta.com\/wp-content\/uploads\/2024\/12\/Rosmery-trofeo-5-2048x1366.jpeg 2048w\" sizes=\"auto, (max-width: 500px) 100vw, 500px\" \/><\/p>\n<p><em><strong>Mejor Servicio Hospitalario 2024: Hospital Universitario del Caribe HUC (Rodrigo Arzuza, gerente, recibi\u00f3 el galard\u00f3n)<\/strong><\/em><\/p>\n<p><img loading=\"lazy\" decoding=\"async\" class=\"alignnone size-medium wp-image-55592\" src=\"https:\/\/revistazetta.com\/wp-content\/uploads\/2024\/12\/HUC-1-500x333.jpeg\" alt=\"\" width=\"500\" height=\"333\" srcset=\"https:\/\/revistazetta.com\/wp-content\/uploads\/2024\/12\/HUC-1-500x333.jpeg 500w, https:\/\/revistazetta.com\/wp-content\/uploads\/2024\/12\/HUC-1-1024x683.jpeg 1024w, https:\/\/revistazetta.com\/wp-content\/uploads\/2024\/12\/HUC-1-243x162.jpeg 243w, https:\/\/revistazetta.com\/wp-content\/uploads\/2024\/12\/HUC-1-1536x1024.jpeg 1536w, https:\/\/revistazetta.com\/wp-content\/uploads\/2024\/12\/HUC-1-2048x1366.jpeg 2048w\" sizes=\"auto, (max-width: 500px) 100vw, 500px\" \/><\/p>\n<p><strong><b><i>Abogado del A\u00f1o: Jaime Ram\u00edrez Jim\u00e9nez<\/i><\/b><\/strong><\/p>\n<p><img loading=\"lazy\" decoding=\"async\" class=\"alignnone size-medium wp-image-55593\" src=\"https:\/\/revistazetta.com\/wp-content\/uploads\/2024\/12\/Jaime-Ramirez-500x333.jpeg\" alt=\"\" width=\"500\" height=\"333\" srcset=\"https:\/\/revistazetta.com\/wp-content\/uploads\/2024\/12\/Jaime-Ramirez-500x333.jpeg 500w, https:\/\/revistazetta.com\/wp-content\/uploads\/2024\/12\/Jaime-Ramirez-1024x683.jpeg 1024w, https:\/\/revistazetta.com\/wp-content\/uploads\/2024\/12\/Jaime-Ramirez-243x162.jpeg 243w, https:\/\/revistazetta.com\/wp-content\/uploads\/2024\/12\/Jaime-Ramirez-1536x1024.jpeg 1536w, https:\/\/revistazetta.com\/wp-content\/uploads\/2024\/12\/Jaime-Ramirez-2048x1366.jpeg 2048w\" sizes=\"auto, (max-width: 500px) 100vw, 500px\" \/><\/p>\n<p><strong><b><i>Programa del A\u00f1o: \u00abJusto Bol\u00edvar\u00bb, de la Gobernaci\u00f3n de Bol\u00edvar (Secretar\u00eda del Interior)<\/i><\/b><\/strong><\/p>\n<p><img loading=\"lazy\" decoding=\"async\" class=\"alignnone size-medium wp-image-55594\" src=\"https:\/\/revistazetta.com\/wp-content\/uploads\/2024\/12\/Justo-2-500x333.jpeg\" alt=\"\" width=\"500\" height=\"333\" srcset=\"https:\/\/revistazetta.com\/wp-content\/uploads\/2024\/12\/Justo-2-500x333.jpeg 500w, https:\/\/revistazetta.com\/wp-content\/uploads\/2024\/12\/Justo-2-1024x683.jpeg 1024w, https:\/\/revistazetta.com\/wp-content\/uploads\/2024\/12\/Justo-2-243x162.jpeg 243w, https:\/\/revistazetta.com\/wp-content\/uploads\/2024\/12\/Justo-2-1536x1024.jpeg 1536w, https:\/\/revistazetta.com\/wp-content\/uploads\/2024\/12\/Justo-2-2048x1366.jpeg 2048w\" sizes=\"auto, (max-width: 500px) 100vw, 500px\" \/><\/p>\n<p><em><strong>Mejor Gesti\u00f3n Territorial &#8211; Planeaci\u00f3n y ejecuci\u00f3n: <\/strong>Miguel Samir barrios, alcalde de Clemencia.<\/em><\/p>\n<p><img loading=\"lazy\" decoding=\"async\" class=\"alignnone size-medium wp-image-55598\" src=\"https:\/\/revistazetta.com\/wp-content\/uploads\/2024\/12\/Samir-y-JZZ-trofeo-500x333.jpeg\" alt=\"\" width=\"500\" height=\"333\" srcset=\"https:\/\/revistazetta.com\/wp-content\/uploads\/2024\/12\/Samir-y-JZZ-trofeo-500x333.jpeg 500w, https:\/\/revistazetta.com\/wp-content\/uploads\/2024\/12\/Samir-y-JZZ-trofeo-1024x683.jpeg 1024w, https:\/\/revistazetta.com\/wp-content\/uploads\/2024\/12\/Samir-y-JZZ-trofeo-243x162.jpeg 243w, https:\/\/revistazetta.com\/wp-content\/uploads\/2024\/12\/Samir-y-JZZ-trofeo-1536x1024.jpeg 1536w, https:\/\/revistazetta.com\/wp-content\/uploads\/2024\/12\/Samir-y-JZZ-trofeo-2048x1366.jpeg 2048w\" sizes=\"auto, (max-width: 500px) 100vw, 500px\" \/><\/p>\n<p><em><strong>Mejor Gesti\u00f3n Territorial &#8211; Inversi\u00f3n Social: <\/strong>Arnaldo Beltr\u00e1n, alcalde de Santa Catalina<\/em><\/p>\n<p><img loading=\"lazy\" decoding=\"async\" class=\"alignnone size-medium wp-image-55586\" src=\"https:\/\/revistazetta.com\/wp-content\/uploads\/2024\/12\/Arnaldo-JZ-trofeo-500x333.jpeg\" alt=\"\" width=\"500\" height=\"333\" srcset=\"https:\/\/revistazetta.com\/wp-content\/uploads\/2024\/12\/Arnaldo-JZ-trofeo-500x333.jpeg 500w, https:\/\/revistazetta.com\/wp-content\/uploads\/2024\/12\/Arnaldo-JZ-trofeo-1024x683.jpeg 1024w, https:\/\/revistazetta.com\/wp-content\/uploads\/2024\/12\/Arnaldo-JZ-trofeo-243x162.jpeg 243w, https:\/\/revistazetta.com\/wp-content\/uploads\/2024\/12\/Arnaldo-JZ-trofeo-1536x1024.jpeg 1536w, https:\/\/revistazetta.com\/wp-content\/uploads\/2024\/12\/Arnaldo-JZ-trofeo-2048x1366.jpeg 2048w\" sizes=\"auto, (max-width: 500px) 100vw, 500px\" \/><\/p>\n<p><img loading=\"lazy\" decoding=\"async\" class=\"alignnone size-medium wp-image-55602\" src=\"https:\/\/revistazetta.com\/wp-content\/uploads\/2024\/12\/Trofeos-500x333.jpeg\" alt=\"\" width=\"500\" height=\"333\" srcset=\"https:\/\/revistazetta.com\/wp-content\/uploads\/2024\/12\/Trofeos-500x333.jpeg 500w, https:\/\/revistazetta.com\/wp-content\/uploads\/2024\/12\/Trofeos-1024x683.jpeg 1024w, https:\/\/revistazetta.com\/wp-content\/uploads\/2024\/12\/Trofeos-243x162.jpeg 243w, https:\/\/revistazetta.com\/wp-content\/uploads\/2024\/12\/Trofeos-1536x1024.jpeg 1536w, https:\/\/revistazetta.com\/wp-content\/uploads\/2024\/12\/Trofeos-2048x1366.jpeg 2048w\" sizes=\"auto, (max-width: 500px) 100vw, 500px\" \/><\/p>\n","protected":false},"excerpt":{"rendered":"<p>Cartagena de Indias, 5 de diciembre de 2024.- Hoy se cumpli\u00f3 la ceremonia de entrega de los premios PERSONA DEL A\u00d1O 2024. Revista Zetta ha elegido a Dumek Turbay Paz, alcalde de Cartagena de India,s y Yamil Arana Padau\u00ed, gobernador de Bol\u00edvar, como las Personas del A\u00f1o 2024. Por primera vez esta distinci\u00f3n es compartida por dos personas. El gobernador Yamil Arana recibi\u00f3 la ovaci\u00f3n de los asistentes al felicitarlo por su d\u00eda de cumplea\u00f1os. El alcalde Dumek Turbay envi\u00f3 una carta de excusa al no poder asistir por una&#8230; <\/p>\n","protected":false},"author":3,"featured_media":55603,"comment_status":"closed","ping_status":"closed","sticky":false,"template":"","format":"standard","meta":{"footnotes":"","_links_to":"","_links_to_target":""},"categories":[1450,1356],"tags":[285,1357,93],"class_list":["post-55584","post","type-post","status-publish","format-standard","has-post-thumbnail","hentry","category-parasladers","category-persona-del-ano","tag-destacada","tag-persona-del-ano","tag-revista-zetta"],"_links":{"self":[{"href":"https:\/\/revistazetta.com\/index.php?rest_route=\/wp\/v2\/posts\/55584","targetHints":{"allow":["GET"]}}],"collection":[{"href":"https:\/\/revistazetta.com\/index.php?rest_route=\/wp\/v2\/posts"}],"about":[{"href":"https:\/\/revistazetta.com\/index.php?rest_route=\/wp\/v2\/types\/post"}],"author":[{"embeddable":true,"href":"https:\/\/revistazetta.com\/index.php?rest_route=\/wp\/v2\/users\/3"}],"replies":[{"embeddable":true,"href":"https:\/\/revistazetta.com\/index.php?rest_route=%2Fwp%2Fv2%2Fcomments&post=55584"}],"version-history":[{"count":0,"href":"https:\/\/revistazetta.com\/index.php?rest_route=\/wp\/v2\/posts\/55584\/revisions"}],"wp:featuredmedia":[{"embeddable":true,"href":"https:\/\/revistazetta.com\/index.php?rest_route=\/wp\/v2\/media\/55603"}],"wp:attachment":[{"href":"https:\/\/revistazetta.com\/index.php?rest_route=%2Fwp%2Fv2%2Fmedia&parent=55584"}],"wp:term":[{"taxonomy":"category","embeddable":true,"href":"https:\/\/revistazetta.com\/index.php?rest_route=%2Fwp%2Fv2%2Fcategories&post=55584"},{"taxonomy":"post_tag","embeddable":true,"href":"https:\/\/revistazetta.com\/index.php?rest_route=%2Fwp%2Fv2%2Ftags&post=55584"}],"curies":[{"name":"wp","href":"https:\/\/api.w.org\/{rel}","templated":true}]}}