{"id":55606,"date":"2024-12-07T07:57:57","date_gmt":"2024-12-07T12:57:57","guid":{"rendered":"https:\/\/revistazetta.com\/?p=55606"},"modified":"2024-12-07T07:58:25","modified_gmt":"2024-12-07T12:58:25","slug":"feria-expo-etnia-2024-se-consagro-como-plataforma-de-talento-y-tradicion-bolivarense","status":"publish","type":"post","link":"https:\/\/revistazetta.com\/?p=55606","title":{"rendered":"Feria Expo Etnia 2024 se consagr\u00f3 como plataforma de talento y tradici\u00f3n bolivarense"},"content":{"rendered":"<p><span style=\"color: #0000ff;\"><em><strong>Un rotundo \u00e9xito que visibiliza el talento de las mujeres \u00e9tnicas bolivarenses.<\/strong><\/em><\/span><\/p>\n<p><strong>Cartagena de Indias, 7 de diciembre de 2024.-<\/strong> Con gran acogida de la ciudadan\u00eda y un \u00e9xito sin precedentes en ventas, finaliz\u00f3 Expo Etnia 2024, evento que reuni\u00f3 un grupo de mujeres negras, afrodescendientes, ind\u00edgenas, palenqueras y raizales en el Palacio de la Proclamaci\u00f3n para presentar sus emprendimientos e impulsar sus productos y creaciones. En su primera edici\u00f3n, Expo Etnia se consolida como una plataforma del talento y la tradici\u00f3n bolivarense, superando todas las expectativas.<\/p>\n<p><img loading=\"lazy\" decoding=\"async\" class=\"alignnone size-medium wp-image-55608\" src=\"https:\/\/revistazetta.com\/wp-content\/uploads\/2024\/12\/WhatsApp-Image-2024-12-07-at-07.15.29-500x333.jpeg\" alt=\"\" width=\"500\" height=\"333\" srcset=\"https:\/\/revistazetta.com\/wp-content\/uploads\/2024\/12\/WhatsApp-Image-2024-12-07-at-07.15.29-500x333.jpeg 500w, https:\/\/revistazetta.com\/wp-content\/uploads\/2024\/12\/WhatsApp-Image-2024-12-07-at-07.15.29-1024x683.jpeg 1024w, https:\/\/revistazetta.com\/wp-content\/uploads\/2024\/12\/WhatsApp-Image-2024-12-07-at-07.15.29-243x162.jpeg 243w, https:\/\/revistazetta.com\/wp-content\/uploads\/2024\/12\/WhatsApp-Image-2024-12-07-at-07.15.29-1536x1024.jpeg 1536w, https:\/\/revistazetta.com\/wp-content\/uploads\/2024\/12\/WhatsApp-Image-2024-12-07-at-07.15.29-2048x1366.jpeg 2048w\" sizes=\"auto, (max-width: 500px) 100vw, 500px\" \/><\/p>\n<p>El gobernador, Yamil Arana, se refiri\u00f3 al respecto: \u201cEn el Bol\u00edvar Mejor siempre hemos llevado la bandera de las mujeres y del emprendimiento y Expo Etnia 2024 re\u00fane estos prop\u00f3sitos, siendo adem\u00e1s vitrina de nuestros productos representativos y una oportunidad para promover nuestras tradiciones. Cartageneros y turistas tuvieron la oportunidad de tocar el talento bolivarense con sus manos durante 48 horas en el Palacio de la Proclamaci\u00f3n y estamos felices del gran impacto que logramos\u201d.<\/p>\n<p><img loading=\"lazy\" decoding=\"async\" class=\"alignnone size-medium wp-image-55613\" src=\"https:\/\/revistazetta.com\/wp-content\/uploads\/2024\/12\/WhatsApp-Image-2024-12-07-at-07.15.38-500x333.jpeg\" alt=\"\" width=\"500\" height=\"333\" srcset=\"https:\/\/revistazetta.com\/wp-content\/uploads\/2024\/12\/WhatsApp-Image-2024-12-07-at-07.15.38-500x333.jpeg 500w, https:\/\/revistazetta.com\/wp-content\/uploads\/2024\/12\/WhatsApp-Image-2024-12-07-at-07.15.38-1024x683.jpeg 1024w, https:\/\/revistazetta.com\/wp-content\/uploads\/2024\/12\/WhatsApp-Image-2024-12-07-at-07.15.38-243x162.jpeg 243w, https:\/\/revistazetta.com\/wp-content\/uploads\/2024\/12\/WhatsApp-Image-2024-12-07-at-07.15.38-1536x1024.jpeg 1536w, https:\/\/revistazetta.com\/wp-content\/uploads\/2024\/12\/WhatsApp-Image-2024-12-07-at-07.15.38-2048x1366.jpeg 2048w\" sizes=\"auto, (max-width: 500px) 100vw, 500px\" \/><\/p>\n<p>Expo Etnia 2024 es un evento liderado por la Secretar\u00eda de la Mujer y Desarrollo Social, con el liderazgo de la Primera Gestora Social, Ang\u00e9lica Salas. \u201cCon \u00e9xito cerramos nuestra Expo Etnia 2024: m\u00e1s de 30 millones de pesos en ventas, en la mejor vitrina de Colombia, el Centro Hist\u00f3rico de Cartagena. Este gran evento nos permiti\u00f3 impulsar las habilidades de comercializaci\u00f3n y mercadeo de nuestras emprendedoras y empoderarlas para seguir proyect\u00e1ndose\u00bb, se\u00f1al\u00f3 Sof\u00eda Navas, Secretaria de la Mujer.<\/p>\n<p><img loading=\"lazy\" decoding=\"async\" class=\"alignnone size-medium wp-image-55609\" src=\"https:\/\/revistazetta.com\/wp-content\/uploads\/2024\/12\/WhatsApp-Image-2024-12-07-at-07.15.30-1-500x333.jpeg\" alt=\"\" width=\"500\" height=\"333\" srcset=\"https:\/\/revistazetta.com\/wp-content\/uploads\/2024\/12\/WhatsApp-Image-2024-12-07-at-07.15.30-1-500x333.jpeg 500w, https:\/\/revistazetta.com\/wp-content\/uploads\/2024\/12\/WhatsApp-Image-2024-12-07-at-07.15.30-1-1024x683.jpeg 1024w, https:\/\/revistazetta.com\/wp-content\/uploads\/2024\/12\/WhatsApp-Image-2024-12-07-at-07.15.30-1-243x162.jpeg 243w, https:\/\/revistazetta.com\/wp-content\/uploads\/2024\/12\/WhatsApp-Image-2024-12-07-at-07.15.30-1-1536x1024.jpeg 1536w, https:\/\/revistazetta.com\/wp-content\/uploads\/2024\/12\/WhatsApp-Image-2024-12-07-at-07.15.30-1-2048x1366.jpeg 2048w\" sizes=\"auto, (max-width: 500px) 100vw, 500px\" \/><\/p>\n<p>Expo Etnia no solo fue una oportunidad para comercializar productos, sino tambi\u00e9n para fortalecer los lazos entre las comunidades bolivarenses y visibilizar el empoderamiento femenino. Los talleres, conversatorios y demostraciones art\u00edsticas enriquecieron la experiencia de todos los asistentes.<\/p>\n<p><img loading=\"lazy\" decoding=\"async\" class=\"alignnone size-medium wp-image-55610\" src=\"https:\/\/revistazetta.com\/wp-content\/uploads\/2024\/12\/WhatsApp-Image-2024-12-07-at-07.15.30-500x333.jpeg\" alt=\"\" width=\"500\" height=\"333\" srcset=\"https:\/\/revistazetta.com\/wp-content\/uploads\/2024\/12\/WhatsApp-Image-2024-12-07-at-07.15.30-500x333.jpeg 500w, https:\/\/revistazetta.com\/wp-content\/uploads\/2024\/12\/WhatsApp-Image-2024-12-07-at-07.15.30-1024x683.jpeg 1024w, https:\/\/revistazetta.com\/wp-content\/uploads\/2024\/12\/WhatsApp-Image-2024-12-07-at-07.15.30-243x162.jpeg 243w, https:\/\/revistazetta.com\/wp-content\/uploads\/2024\/12\/WhatsApp-Image-2024-12-07-at-07.15.30-1536x1024.jpeg 1536w, https:\/\/revistazetta.com\/wp-content\/uploads\/2024\/12\/WhatsApp-Image-2024-12-07-at-07.15.30-2048x1366.jpeg 2048w\" sizes=\"auto, (max-width: 500px) 100vw, 500px\" \/><\/p>\n<p>Con este evento, la Gobernaci\u00f3n de Bol\u00edvar reafirma su compromiso de impulsar el desarrollo econ\u00f3mico y social de las mujeres, brind\u00e1ndoles las herramientas y oportunidades necesarias para alcanzar sus metas personales y autonom\u00eda econ\u00f3mica.<\/p>\n<p><img loading=\"lazy\" decoding=\"async\" class=\"alignnone size-medium wp-image-55611\" src=\"https:\/\/revistazetta.com\/wp-content\/uploads\/2024\/12\/WhatsApp-Image-2024-12-07-at-07.15.33-500x333.jpeg\" alt=\"\" width=\"500\" height=\"333\" srcset=\"https:\/\/revistazetta.com\/wp-content\/uploads\/2024\/12\/WhatsApp-Image-2024-12-07-at-07.15.33-500x333.jpeg 500w, https:\/\/revistazetta.com\/wp-content\/uploads\/2024\/12\/WhatsApp-Image-2024-12-07-at-07.15.33-1024x683.jpeg 1024w, https:\/\/revistazetta.com\/wp-content\/uploads\/2024\/12\/WhatsApp-Image-2024-12-07-at-07.15.33-243x162.jpeg 243w, https:\/\/revistazetta.com\/wp-content\/uploads\/2024\/12\/WhatsApp-Image-2024-12-07-at-07.15.33-1536x1024.jpeg 1536w, https:\/\/revistazetta.com\/wp-content\/uploads\/2024\/12\/WhatsApp-Image-2024-12-07-at-07.15.33-2048x1366.jpeg 2048w\" sizes=\"auto, (max-width: 500px) 100vw, 500px\" \/><\/p>\n","protected":false},"excerpt":{"rendered":"<p>Un rotundo \u00e9xito que visibiliza el talento de las mujeres \u00e9tnicas bolivarenses. Cartagena de Indias, 7 de diciembre de 2024.- Con gran acogida de la ciudadan\u00eda y un \u00e9xito sin precedentes en ventas, finaliz\u00f3 Expo Etnia 2024, evento que reuni\u00f3 un grupo de mujeres negras, afrodescendientes, ind\u00edgenas, palenqueras y raizales en el Palacio de la Proclamaci\u00f3n para presentar sus emprendimientos e impulsar sus productos y creaciones. En su primera edici\u00f3n, Expo Etnia se consolida como una plataforma del talento y la tradici\u00f3n bolivarense, superando todas las expectativas. El gobernador, Yamil&#8230; <\/p>\n","protected":false},"author":3,"featured_media":55607,"comment_status":"closed","ping_status":"closed","sticky":false,"template":"","format":"standard","meta":{"footnotes":"","_links_to":"","_links_to_target":""},"categories":[33,1450,80],"tags":[73,285,2304,300],"class_list":["post-55606","post","type-post","status-publish","format-standard","has-post-thumbnail","hentry","category-actualidad-bolivar","category-parasladers","category-region","tag-bolivar","tag-destacada","tag-expo-etnia","tag-region"],"_links":{"self":[{"href":"https:\/\/revistazetta.com\/index.php?rest_route=\/wp\/v2\/posts\/55606","targetHints":{"allow":["GET"]}}],"collection":[{"href":"https:\/\/revistazetta.com\/index.php?rest_route=\/wp\/v2\/posts"}],"about":[{"href":"https:\/\/revistazetta.com\/index.php?rest_route=\/wp\/v2\/types\/post"}],"author":[{"embeddable":true,"href":"https:\/\/revistazetta.com\/index.php?rest_route=\/wp\/v2\/users\/3"}],"replies":[{"embeddable":true,"href":"https:\/\/revistazetta.com\/index.php?rest_route=%2Fwp%2Fv2%2Fcomments&post=55606"}],"version-history":[{"count":0,"href":"https:\/\/revistazetta.com\/index.php?rest_route=\/wp\/v2\/posts\/55606\/revisions"}],"wp:featuredmedia":[{"embeddable":true,"href":"https:\/\/revistazetta.com\/index.php?rest_route=\/wp\/v2\/media\/55607"}],"wp:attachment":[{"href":"https:\/\/revistazetta.com\/index.php?rest_route=%2Fwp%2Fv2%2Fmedia&parent=55606"}],"wp:term":[{"taxonomy":"category","embeddable":true,"href":"https:\/\/revistazetta.com\/index.php?rest_route=%2Fwp%2Fv2%2Fcategories&post=55606"},{"taxonomy":"post_tag","embeddable":true,"href":"https:\/\/revistazetta.com\/index.php?rest_route=%2Fwp%2Fv2%2Ftags&post=55606"}],"curies":[{"name":"wp","href":"https:\/\/api.w.org\/{rel}","templated":true}]}}