{"id":55614,"date":"2024-12-07T08:07:36","date_gmt":"2024-12-07T13:07:36","guid":{"rendered":"https:\/\/revistazetta.com\/?p=55614"},"modified":"2024-12-07T08:07:36","modified_gmt":"2024-12-07T13:07:36","slug":"las-americas-30-anos-de-una-joya-de-nuestro-turismo","status":"publish","type":"post","link":"https:\/\/revistazetta.com\/?p=55614","title":{"rendered":"Las Am\u00e9ricas, 30 a\u00f1os de una joya de nuestro turismo"},"content":{"rendered":"<ul>\n<li><i>Grupo Hotelero Las Am\u00e9ricas celebra 30 a\u00f1os del Hotel Las Am\u00e9ricas y la expansi\u00f3n del Centro de Convenciones m\u00e1s moderno del Caribe colombiano.<\/i><\/li>\n<\/ul>\n<p><b>Cartagena de Indias D.T. y C., diciembre de 2024<\/b> \u2013 Con motivo de los 30 a\u00f1os del emblem\u00e1tico Hotel Las Am\u00e9ricas, el Grupo Hotelero Las Am\u00e9ricas anuncia con orgullo la expansi\u00f3n de su Centro de Convenciones Las Am\u00e9ricas, que ahora se posiciona como el m\u00e1s robusto y avanzado del Caribe colombiano.<\/p>\n<p>El renovado recinto cuenta con m\u00e1s de 7,000 m\u00b2 de espacios flexibles, con capacidad para 6,200 personas en \u00e1reas cerradas y m\u00e1s de 7,000 en espacios abiertos, integrando tecnolog\u00eda de punta para ofrecer servicios de alto nivel. Entre sus caracter\u00edsticas destacan Wi-Fi de alta velocidad, paredes interactivas para experiencias digitales, cabinas de traducci\u00f3n simult\u00e1nea y una ac\u00fastica profesional. Adem\u00e1s, dispone de zona franca transitoria, bodega para expositores y cocina de \u00faltima tecnolog\u00eda, consolid\u00e1ndolo como un lugar estrat\u00e9gico para eventos globales.<\/p>\n<p><img loading=\"lazy\" decoding=\"async\" class=\"alignnone size-medium wp-image-55616\" src=\"https:\/\/revistazetta.com\/wp-content\/uploads\/2024\/12\/WhatsApp-Image-2024-12-06-at-11.45.33-500x281.jpeg\" alt=\"\" width=\"500\" height=\"281\" srcset=\"https:\/\/revistazetta.com\/wp-content\/uploads\/2024\/12\/WhatsApp-Image-2024-12-06-at-11.45.33-500x281.jpeg 500w, https:\/\/revistazetta.com\/wp-content\/uploads\/2024\/12\/WhatsApp-Image-2024-12-06-at-11.45.33-1024x576.jpeg 1024w, https:\/\/revistazetta.com\/wp-content\/uploads\/2024\/12\/WhatsApp-Image-2024-12-06-at-11.45.33-250x141.jpeg 250w, https:\/\/revistazetta.com\/wp-content\/uploads\/2024\/12\/WhatsApp-Image-2024-12-06-at-11.45.33-1536x864.jpeg 1536w, https:\/\/revistazetta.com\/wp-content\/uploads\/2024\/12\/WhatsApp-Image-2024-12-06-at-11.45.33.jpeg 1600w\" sizes=\"auto, (max-width: 500px) 100vw, 500px\" \/><\/p>\n<p>Este proyecto no solo representa un hito arquitect\u00f3nico y tecnol\u00f3gico para la regi\u00f3n, sino que tambi\u00e9n impulsa el desarrollo econ\u00f3mico de Cartagena de Indias. La ampliaci\u00f3n refuerza la oferta de la ciudad como destino para grandes eventos internacionales, generando empleo y beneficiando a m\u00faltiples sectores como transporte, gastronom\u00eda, comercio y turismo local.<\/p>\n<p>Con m\u00e1s de cinco d\u00e9cadas de historia, el Grupo Hotelero Las Am\u00e9ricas, fundado por el visionario cartagenero Alberto Ara\u00fajo Merlano y Rafael Cepeda Torres, ha consolidado una trayectoria destacada en el sector. Actualmente, el grupo cuenta con 1,267 habitaciones hoteleras distribuidas en seis hoteles, m\u00e1s de 20 restaurantes, dos spas y recibe m\u00e1s de 500,000 visitantes anualmente.<\/p>\n<p>Esta celebraci\u00f3n se enmarca en el evento Cartagena Meetings 2024, realizado el pasado 28 de noviembre, donde el Grupo reafirm\u00f3 su compromiso con el crecimiento y la innovaci\u00f3n, trazando ambiciosos planes de expansi\u00f3n para fortalecer a\u00fan m\u00e1s su impacto en Latinoam\u00e9rica.<\/p>\n<p>La expansi\u00f3n del Centro de Convenciones Las Am\u00e9ricas simboliza no solo el crecimiento del Grupo Hotelero, sino tambi\u00e9n una apuesta por posicionar a Cartagena como un epicentro de eventos de talla mundial, donde la infraestructura, la tecnolog\u00eda y la excelencia se unen para potenciar el turismo de negocios y el desarrollo de la regi\u00f3n.<\/p>\n<p><img loading=\"lazy\" decoding=\"async\" class=\"alignnone size-medium wp-image-55615\" src=\"https:\/\/revistazetta.com\/wp-content\/uploads\/2024\/12\/WhatsApp-Image-2024-12-06-at-11.45.33-1-500x281.jpeg\" alt=\"\" width=\"500\" height=\"281\" srcset=\"https:\/\/revistazetta.com\/wp-content\/uploads\/2024\/12\/WhatsApp-Image-2024-12-06-at-11.45.33-1-500x281.jpeg 500w, https:\/\/revistazetta.com\/wp-content\/uploads\/2024\/12\/WhatsApp-Image-2024-12-06-at-11.45.33-1-1024x576.jpeg 1024w, https:\/\/revistazetta.com\/wp-content\/uploads\/2024\/12\/WhatsApp-Image-2024-12-06-at-11.45.33-1-250x141.jpeg 250w, https:\/\/revistazetta.com\/wp-content\/uploads\/2024\/12\/WhatsApp-Image-2024-12-06-at-11.45.33-1-1536x864.jpeg 1536w, https:\/\/revistazetta.com\/wp-content\/uploads\/2024\/12\/WhatsApp-Image-2024-12-06-at-11.45.33-1.jpeg 1600w\" sizes=\"auto, (max-width: 500px) 100vw, 500px\" \/><\/p>\n<p><b>Acerca del Grupo Hotelero Las Am\u00e9ricas<\/b><\/p>\n<p><i>Con m\u00e1s de 40 a\u00f1os de experiencia en la industria de la hospitalidad, el Grupo Hotelero Las Am\u00e9ricas es un referente en Colombia y la regi\u00f3n, con presencia en cinco destinos exclusivos y una oferta de seis hoteles que combinan lujo, confort y autenticidad local.<\/i><\/p>\n<p>Hotel Las Am\u00e9ricas en Cartagena de Indias: un complejo frente al mar, ideal para familias y viajeros de negocios;Hotel Capilla del Mar, en el coraz\u00f3n de Cartagena, ofrece una experiencia c\u00e1lida y enfocada en los detalles, perfecta para el descanso; Hotel Lagoon Llanogrande, ubicado en Antioquia, un espacio rodeado de naturaleza para desconectarse y disfrutar de tranquilidad; Hotel Ciela Cove\u00f1as, un para\u00edso costero en el Caribe colombiano que invita a reconectarse con la esencia de la vida; Hotel La Herencia Hotel, en el Eje Cafetero, que rinde homenaje a la cultura y tradiciones de esta regi\u00f3n emblem\u00e1tica; Hotel Golden Tower en Ciudad de Panam\u00e1: un \u00edcono de lujo y sostenibilidad en el centro financiero de la capital paname\u00f1a.<\/p>\n<p>Cada propiedad refleja el compromiso del grupo con la sostenibilidad, el servicio excepcional y su filosof\u00eda \u00abCultura Smiles\u00bb, dise\u00f1ada para crear momentos inolvidables para sus hu\u00e9spedes.<\/p>\n","protected":false},"excerpt":{"rendered":"<p>Grupo Hotelero Las Am\u00e9ricas celebra 30 a\u00f1os del Hotel Las Am\u00e9ricas y la expansi\u00f3n del Centro de Convenciones m\u00e1s moderno del Caribe colombiano. Cartagena de Indias D.T. y C., diciembre de 2024 \u2013 Con motivo de los 30 a\u00f1os del emblem\u00e1tico Hotel Las Am\u00e9ricas, el Grupo Hotelero Las Am\u00e9ricas anuncia con orgullo la expansi\u00f3n de su Centro de Convenciones Las Am\u00e9ricas, que ahora se posiciona como el m\u00e1s robusto y avanzado del Caribe colombiano. El renovado recinto cuenta con m\u00e1s de 7,000 m\u00b2 de espacios flexibles, con capacidad para 6,200&#8230; <\/p>\n","protected":false},"author":3,"featured_media":55617,"comment_status":"closed","ping_status":"closed","sticky":false,"template":"","format":"standard","meta":{"footnotes":"","_links_to":"","_links_to_target":""},"categories":[1450],"tags":[],"class_list":["post-55614","post","type-post","status-publish","format-standard","has-post-thumbnail","hentry","category-parasladers"],"_links":{"self":[{"href":"https:\/\/revistazetta.com\/index.php?rest_route=\/wp\/v2\/posts\/55614","targetHints":{"allow":["GET"]}}],"collection":[{"href":"https:\/\/revistazetta.com\/index.php?rest_route=\/wp\/v2\/posts"}],"about":[{"href":"https:\/\/revistazetta.com\/index.php?rest_route=\/wp\/v2\/types\/post"}],"author":[{"embeddable":true,"href":"https:\/\/revistazetta.com\/index.php?rest_route=\/wp\/v2\/users\/3"}],"replies":[{"embeddable":true,"href":"https:\/\/revistazetta.com\/index.php?rest_route=%2Fwp%2Fv2%2Fcomments&post=55614"}],"version-history":[{"count":0,"href":"https:\/\/revistazetta.com\/index.php?rest_route=\/wp\/v2\/posts\/55614\/revisions"}],"wp:featuredmedia":[{"embeddable":true,"href":"https:\/\/revistazetta.com\/index.php?rest_route=\/wp\/v2\/media\/55617"}],"wp:attachment":[{"href":"https:\/\/revistazetta.com\/index.php?rest_route=%2Fwp%2Fv2%2Fmedia&parent=55614"}],"wp:term":[{"taxonomy":"category","embeddable":true,"href":"https:\/\/revistazetta.com\/index.php?rest_route=%2Fwp%2Fv2%2Fcategories&post=55614"},{"taxonomy":"post_tag","embeddable":true,"href":"https:\/\/revistazetta.com\/index.php?rest_route=%2Fwp%2Fv2%2Ftags&post=55614"}],"curies":[{"name":"wp","href":"https:\/\/api.w.org\/{rel}","templated":true}]}}