{"id":55662,"date":"2024-12-09T14:35:12","date_gmt":"2024-12-09T19:35:12","guid":{"rendered":"https:\/\/revistazetta.com\/?p=55662"},"modified":"2024-12-09T14:35:12","modified_gmt":"2024-12-09T19:35:12","slug":"asamblea-de-bolivar-aprobo-plan-de-ordenamiento-departamental-pod","status":"publish","type":"post","link":"https:\/\/revistazetta.com\/?p=55662","title":{"rendered":"Asamblea de Bol\u00edvar aprob\u00f3 Plan de Ordenamiento Departamental (POD)"},"content":{"rendered":"<p><strong>Cartagena de Indias, 9 de diciembre de 2024.-<\/strong> La Asamblea Departamental aprob\u00f3 el Plan de Ordenamiento Departamental (POD), un instrumento clave para garantizar el desarrollo arm\u00f3nico, inclusivo y sostenible de nuestro territorio.<\/p>\n<p>\u2705 Este plan estrat\u00e9gico aborda los principales desaf\u00edos del departamento, ofreciendo soluciones concretas que beneficiar\u00e1n a todas las subregiones.<\/p>\n<p><img loading=\"lazy\" decoding=\"async\" class=\"alignnone size-medium wp-image-55664\" src=\"https:\/\/revistazetta.com\/wp-content\/uploads\/2024\/12\/SaveClip.App_469585108_18473650918030992_4291930812878809879_n-500x281.jpg\" alt=\"\" width=\"500\" height=\"281\" srcset=\"https:\/\/revistazetta.com\/wp-content\/uploads\/2024\/12\/SaveClip.App_469585108_18473650918030992_4291930812878809879_n-500x281.jpg 500w, https:\/\/revistazetta.com\/wp-content\/uploads\/2024\/12\/SaveClip.App_469585108_18473650918030992_4291930812878809879_n-250x141.jpg 250w, https:\/\/revistazetta.com\/wp-content\/uploads\/2024\/12\/SaveClip.App_469585108_18473650918030992_4291930812878809879_n.jpg 900w\" sizes=\"auto, (max-width: 500px) 100vw, 500px\" \/><br \/>\nL\u00edneas estrat\u00e9gicas del POD:<\/p>\n<p>\ud83d\udd39 Promover un desarrollo inclusivo y sostenible: Impulsar el crecimiento equilibrado entre las zonas urbanas y rurales, maximizando los recursos y oportunidades.<\/p>\n<p>\ud83d\udd39 Reducir desigualdades territoriales: Mejorar la conectividad y la infraestructura p\u00fablica, integrando zonas hist\u00f3ricamente marginadas.<br \/>\n<img loading=\"lazy\" decoding=\"async\" class=\"alignnone size-medium wp-image-55665\" src=\"https:\/\/revistazetta.com\/wp-content\/uploads\/2024\/12\/SaveClip.App_469597619_18326123932080442_6271196325069526584_n-500x333.jpg\" alt=\"\" width=\"500\" height=\"333\" srcset=\"https:\/\/revistazetta.com\/wp-content\/uploads\/2024\/12\/SaveClip.App_469597619_18326123932080442_6271196325069526584_n-500x333.jpg 500w, https:\/\/revistazetta.com\/wp-content\/uploads\/2024\/12\/SaveClip.App_469597619_18326123932080442_6271196325069526584_n-1024x684.jpg 1024w, https:\/\/revistazetta.com\/wp-content\/uploads\/2024\/12\/SaveClip.App_469597619_18326123932080442_6271196325069526584_n-243x162.jpg 243w, https:\/\/revistazetta.com\/wp-content\/uploads\/2024\/12\/SaveClip.App_469597619_18326123932080442_6271196325069526584_n.jpg 1080w\" sizes=\"auto, (max-width: 500px) 100vw, 500px\" \/><br \/>\n\ud83d\udd39 Fomentar la econom\u00eda sostenible: Priorizar sectores como la agroindustria, el turismo y la miner\u00eda responsable, generando empleo de calidad y cuidando los recursos naturales.<\/p>\n<p>\ud83d\udd39 Proteger los ecosistemas estrat\u00e9gicos: Implementar medidas para enfrentar el cambio clim\u00e1tico y garantizar la sostenibilidad ambiental.<br \/>\n<img loading=\"lazy\" decoding=\"async\" class=\"alignnone size-medium wp-image-55666\" src=\"https:\/\/revistazetta.com\/wp-content\/uploads\/2024\/12\/SaveClip.App_469674866_18326123878080442_7852010030079230800_n-500x333.jpg\" alt=\"\" width=\"500\" height=\"333\" srcset=\"https:\/\/revistazetta.com\/wp-content\/uploads\/2024\/12\/SaveClip.App_469674866_18326123878080442_7852010030079230800_n-500x333.jpg 500w, https:\/\/revistazetta.com\/wp-content\/uploads\/2024\/12\/SaveClip.App_469674866_18326123878080442_7852010030079230800_n-1024x683.jpg 1024w, https:\/\/revistazetta.com\/wp-content\/uploads\/2024\/12\/SaveClip.App_469674866_18326123878080442_7852010030079230800_n-243x162.jpg 243w, https:\/\/revistazetta.com\/wp-content\/uploads\/2024\/12\/SaveClip.App_469674866_18326123878080442_7852010030079230800_n.jpg 1080w\" sizes=\"auto, (max-width: 500px) 100vw, 500px\" \/><br \/>\n\ud83d\udd39 Articular pol\u00edticas nacionales y locales: Coordinar con los POT municipales y alinearse con los Objetivos de Desarrollo Sostenible (ODS).<\/p>\n<p><img loading=\"lazy\" decoding=\"async\" class=\"alignnone size-medium wp-image-55667\" src=\"https:\/\/revistazetta.com\/wp-content\/uploads\/2024\/12\/SaveClip.App_469684487_18326123869080442_7187237131356608466_n-500x333.jpg\" alt=\"\" width=\"500\" height=\"333\" srcset=\"https:\/\/revistazetta.com\/wp-content\/uploads\/2024\/12\/SaveClip.App_469684487_18326123869080442_7187237131356608466_n-500x333.jpg 500w, https:\/\/revistazetta.com\/wp-content\/uploads\/2024\/12\/SaveClip.App_469684487_18326123869080442_7187237131356608466_n-1024x684.jpg 1024w, https:\/\/revistazetta.com\/wp-content\/uploads\/2024\/12\/SaveClip.App_469684487_18326123869080442_7187237131356608466_n-243x162.jpg 243w, https:\/\/revistazetta.com\/wp-content\/uploads\/2024\/12\/SaveClip.App_469684487_18326123869080442_7187237131356608466_n.jpg 1080w\" sizes=\"auto, (max-width: 500px) 100vw, 500px\" \/> <img loading=\"lazy\" decoding=\"async\" class=\"alignnone size-medium wp-image-55668\" src=\"https:\/\/revistazetta.com\/wp-content\/uploads\/2024\/12\/SaveClip.App_469713673_18326123887080442_6852045384061674084_n-500x333.jpg\" alt=\"\" width=\"500\" height=\"333\" srcset=\"https:\/\/revistazetta.com\/wp-content\/uploads\/2024\/12\/SaveClip.App_469713673_18326123887080442_6852045384061674084_n-500x333.jpg 500w, https:\/\/revistazetta.com\/wp-content\/uploads\/2024\/12\/SaveClip.App_469713673_18326123887080442_6852045384061674084_n-1024x684.jpg 1024w, https:\/\/revistazetta.com\/wp-content\/uploads\/2024\/12\/SaveClip.App_469713673_18326123887080442_6852045384061674084_n-243x162.jpg 243w, https:\/\/revistazetta.com\/wp-content\/uploads\/2024\/12\/SaveClip.App_469713673_18326123887080442_6852045384061674084_n.jpg 1080w\" sizes=\"auto, (max-width: 500px) 100vw, 500px\" \/><\/p>\n","protected":false},"excerpt":{"rendered":"<p>Cartagena de Indias, 9 de diciembre de 2024.- La Asamblea Departamental aprob\u00f3 el Plan de Ordenamiento Departamental (POD), un instrumento clave para garantizar el desarrollo arm\u00f3nico, inclusivo y sostenible de nuestro territorio. \u2705 Este plan estrat\u00e9gico aborda los principales desaf\u00edos del departamento, ofreciendo soluciones concretas que beneficiar\u00e1n a todas las subregiones. L\u00edneas estrat\u00e9gicas del POD: \ud83d\udd39 Promover un desarrollo inclusivo y sostenible: Impulsar el crecimiento equilibrado entre las zonas urbanas y rurales, maximizando los recursos y oportunidades. \ud83d\udd39 Reducir desigualdades territoriales: Mejorar la conectividad y la infraestructura p\u00fablica, integrando zonas&#8230; <\/p>\n","protected":false},"author":3,"featured_media":55663,"comment_status":"closed","ping_status":"closed","sticky":false,"template":"","format":"standard","meta":{"footnotes":"","_links_to":"","_links_to_target":""},"categories":[28,1450,4],"tags":[322,285,298],"class_list":["post-55662","post","type-post","status-publish","format-standard","has-post-thumbnail","hentry","category-politica-asamblea","category-parasladers","category-politica","tag-asamblea","tag-destacada","tag-politica"],"_links":{"self":[{"href":"https:\/\/revistazetta.com\/index.php?rest_route=\/wp\/v2\/posts\/55662","targetHints":{"allow":["GET"]}}],"collection":[{"href":"https:\/\/revistazetta.com\/index.php?rest_route=\/wp\/v2\/posts"}],"about":[{"href":"https:\/\/revistazetta.com\/index.php?rest_route=\/wp\/v2\/types\/post"}],"author":[{"embeddable":true,"href":"https:\/\/revistazetta.com\/index.php?rest_route=\/wp\/v2\/users\/3"}],"replies":[{"embeddable":true,"href":"https:\/\/revistazetta.com\/index.php?rest_route=%2Fwp%2Fv2%2Fcomments&post=55662"}],"version-history":[{"count":0,"href":"https:\/\/revistazetta.com\/index.php?rest_route=\/wp\/v2\/posts\/55662\/revisions"}],"wp:featuredmedia":[{"embeddable":true,"href":"https:\/\/revistazetta.com\/index.php?rest_route=\/wp\/v2\/media\/55663"}],"wp:attachment":[{"href":"https:\/\/revistazetta.com\/index.php?rest_route=%2Fwp%2Fv2%2Fmedia&parent=55662"}],"wp:term":[{"taxonomy":"category","embeddable":true,"href":"https:\/\/revistazetta.com\/index.php?rest_route=%2Fwp%2Fv2%2Fcategories&post=55662"},{"taxonomy":"post_tag","embeddable":true,"href":"https:\/\/revistazetta.com\/index.php?rest_route=%2Fwp%2Fv2%2Ftags&post=55662"}],"curies":[{"name":"wp","href":"https:\/\/api.w.org\/{rel}","templated":true}]}}