{"id":55669,"date":"2024-12-10T06:43:54","date_gmt":"2024-12-10T11:43:54","guid":{"rendered":"https:\/\/revistazetta.com\/?p=55669"},"modified":"2024-12-10T06:43:54","modified_gmt":"2024-12-10T11:43:54","slug":"cartagena-va-rumbo-a-ser-una-super-ciudad-alcalde-dumek-turbay","status":"publish","type":"post","link":"https:\/\/revistazetta.com\/?p=55669","title":{"rendered":"\u00abCartagena va rumbo a ser una s\u00faper ciudad\u00bb: Alcalde Dumek Turbay"},"content":{"rendered":"<p><span style=\"color: #0000ff;\"><em>Di\u00e1logo Intersectorial \u2018Desaf\u00edo: \u00bfHacia d\u00f3nde va Cartagena? \u201dTenemos la visi\u00f3n de una ciudad del futuro que pueda luchar de frente contra la desigualdad, el hambre y la pobreza\u201d: alcalde Dumek Turbay<\/em><\/span><\/p>\n<p><strong>Cartagena de Indias, 10 de diciembre de 2024.-<\/strong> La tarde de este lunes, el alcalde mayor de Cartagena, Dumek Turbay Paz, particip\u00f3 en el di\u00e1logo intersectorial \u201cDesaf\u00edo: \u00bfHacia d\u00f3nde va Cartagena?\u201d, un evento organizado por Prisa Media, con el objetivo de reunir a l\u00edderes representativos de diversos sectores para reflexionar y debatir sobre las principales oportunidades y desaf\u00edos que enfrenta la ciudad.<\/p>\n<p>En este encuentro, cumplido en el Centro de Convenciones de Cartagena, se abordaron los diferentes retos que afronta la ciudad y c\u00f3mo se puede aprovechar su potencial tur\u00edstico, log\u00edstico, cultural e industrial para lograr un enfoque hacia la sostenibilidad y la equidad.<\/p>\n<p><img loading=\"lazy\" decoding=\"async\" class=\"alignnone size-medium wp-image-55671\" src=\"https:\/\/revistazetta.com\/wp-content\/uploads\/2024\/12\/WhatsApp-Image-2024-12-09-at-17.52.10-500x333.jpeg\" alt=\"\" width=\"500\" height=\"333\" srcset=\"https:\/\/revistazetta.com\/wp-content\/uploads\/2024\/12\/WhatsApp-Image-2024-12-09-at-17.52.10-500x333.jpeg 500w, https:\/\/revistazetta.com\/wp-content\/uploads\/2024\/12\/WhatsApp-Image-2024-12-09-at-17.52.10-1024x682.jpeg 1024w, https:\/\/revistazetta.com\/wp-content\/uploads\/2024\/12\/WhatsApp-Image-2024-12-09-at-17.52.10-243x162.jpeg 243w, https:\/\/revistazetta.com\/wp-content\/uploads\/2024\/12\/WhatsApp-Image-2024-12-09-at-17.52.10-1536x1023.jpeg 1536w, https:\/\/revistazetta.com\/wp-content\/uploads\/2024\/12\/WhatsApp-Image-2024-12-09-at-17.52.10.jpeg 1600w\" sizes=\"auto, (max-width: 500px) 100vw, 500px\" \/><\/p>\n<p>El Alcalde Mayor de Cartagena, en medio de su intervenci\u00f3n, destac\u00f3 que \u201ccon la visi\u00f3n de tener un ciudad del futuro, queremos que Cartagena sea unida, pr\u00f3spera y que pueda luchar de frente contra la desigualdad, el hambre y la pobreza. Para esto se debe planear cada paso a dar, como lo hicimos cuando se construy\u00f3 nuestro Plan de Desarrollo, encaminado a la lucha contra las brechas sociales. La transcendencia de la relaci\u00f3n entre lo p\u00fablico y lo privado establece estos espacios para crear planes, proyectos e iniciativas y alcanzar una ciudad din\u00e1mica y sostenible\u201d.<\/p>\n<p>Este espacio reafirma que Cartagena es un epicentro de oportunidades, pero tambi\u00e9n enfrenta desaf\u00edos que se deben resolver de manera conjunta. En este di\u00e1logo se trabaj\u00f3 para trazar la hoja de ruta hacia una ciudad m\u00e1s pr\u00f3spera para todos, creando soluciones para un crecimiento de manera equitativa, sostenible e inclusiva.<\/p>\n<p>La secretaria de Hacienda, Mar\u00eda Camila Salas, enfatiz\u00f3 en que todas las acciones del gobierno van encaminadas a disminuir estas inequidades. \u201cEstamos trabajando en diversos puntos para mejor la empleabilidad de la ciudad, ya que es uno de los grandes retos de Cartagena, impulsando la mano de obra local, creando espacios de inversi\u00f3n y diversificando el desarrollo social\u201d: expres\u00f3 Salas.<\/p>\n<p>Este di\u00e1logo intersectorial cont\u00f3 con la participaci\u00f3n del secretario de Planeaci\u00f3n, Camilo Rey; el secretario de Infraestructura, Wilmer Iriarte; la secretaria de Turismo, Teremar Londo\u00f1o Zurek; la secretaria de Hacienda, Mar\u00eda Camila Salas; la presidente ejecutiva de Corpoturismo, Liliana Rodr\u00edguez; el gerente de la sucursal de Cartagena del Banco de la Rep\u00fablica, Jaime Alfredo Bonet; el presidente de la Sociedad Portuaria de Cartagena, capit\u00e1n Alfonso Salas, adem\u00e1s de diversos l\u00edderes.<\/p>\n<p>El alcalde Turbay Paz, al cierre del espacio, concluy\u00f3 que \u201cqueremos que Cartagena sea una ciudad de derechos y solo lo podremos lograr con el apoyo de los gremios, empresarios y dirigentes comunales. Y, mi compromiso desde lo p\u00fablico, es seguir trabajando incansablemente para construir una Cartagena que sea ejemplo de desarrollo equitativo y sostenible, donde todos nuestros habitantes tengan la oportunidad de prosperar. Este di\u00e1logo marcar\u00e1 el inicio de una nueva etapa de colaboraci\u00f3n intersectorial, con el firme prop\u00f3sito de trazar una hoja de ruta que impulse el crecimiento de nuestra ciudad para las generaciones futuras\u201d.<\/p>\n<p>&nbsp;<\/p>\n","protected":false},"excerpt":{"rendered":"<p>Di\u00e1logo Intersectorial \u2018Desaf\u00edo: \u00bfHacia d\u00f3nde va Cartagena? \u201dTenemos la visi\u00f3n de una ciudad del futuro que pueda luchar de frente contra la desigualdad, el hambre y la pobreza\u201d: alcalde Dumek Turbay Cartagena de Indias, 10 de diciembre de 2024.- La tarde de este lunes, el alcalde mayor de Cartagena, Dumek Turbay Paz, particip\u00f3 en el di\u00e1logo intersectorial \u201cDesaf\u00edo: \u00bfHacia d\u00f3nde va Cartagena?\u201d, un evento organizado por Prisa Media, con el objetivo de reunir a l\u00edderes representativos de diversos sectores para reflexionar y debatir sobre las principales oportunidades y desaf\u00edos que&#8230; <\/p>\n","protected":false},"author":3,"featured_media":55670,"comment_status":"closed","ping_status":"closed","sticky":false,"template":"","format":"standard","meta":{"footnotes":"","_links_to":"","_links_to_target":""},"categories":[85,1450,32],"tags":[274,111,285,296,74],"class_list":["post-55669","post","type-post","status-publish","format-standard","has-post-thumbnail","hentry","category-cartagena","category-parasladers","category-actualidad-distrito","tag-alcaldia-de-cartagena","tag-cartagena","tag-destacada","tag-distrito","tag-dumek-turbay"],"_links":{"self":[{"href":"https:\/\/revistazetta.com\/index.php?rest_route=\/wp\/v2\/posts\/55669","targetHints":{"allow":["GET"]}}],"collection":[{"href":"https:\/\/revistazetta.com\/index.php?rest_route=\/wp\/v2\/posts"}],"about":[{"href":"https:\/\/revistazetta.com\/index.php?rest_route=\/wp\/v2\/types\/post"}],"author":[{"embeddable":true,"href":"https:\/\/revistazetta.com\/index.php?rest_route=\/wp\/v2\/users\/3"}],"replies":[{"embeddable":true,"href":"https:\/\/revistazetta.com\/index.php?rest_route=%2Fwp%2Fv2%2Fcomments&post=55669"}],"version-history":[{"count":0,"href":"https:\/\/revistazetta.com\/index.php?rest_route=\/wp\/v2\/posts\/55669\/revisions"}],"wp:featuredmedia":[{"embeddable":true,"href":"https:\/\/revistazetta.com\/index.php?rest_route=\/wp\/v2\/media\/55670"}],"wp:attachment":[{"href":"https:\/\/revistazetta.com\/index.php?rest_route=%2Fwp%2Fv2%2Fmedia&parent=55669"}],"wp:term":[{"taxonomy":"category","embeddable":true,"href":"https:\/\/revistazetta.com\/index.php?rest_route=%2Fwp%2Fv2%2Fcategories&post=55669"},{"taxonomy":"post_tag","embeddable":true,"href":"https:\/\/revistazetta.com\/index.php?rest_route=%2Fwp%2Fv2%2Ftags&post=55669"}],"curies":[{"name":"wp","href":"https:\/\/api.w.org\/{rel}","templated":true}]}}