{"id":55708,"date":"2024-12-12T07:44:21","date_gmt":"2024-12-12T12:44:21","guid":{"rendered":"https:\/\/revistazetta.com\/?p=55708"},"modified":"2024-12-12T07:44:44","modified_gmt":"2024-12-12T12:44:44","slug":"55708","status":"publish","type":"post","link":"https:\/\/revistazetta.com\/?p=55708","title":{"rendered":"Juntos construiremos una Colombia sin hambre\u00bb: Senador Jorge Benedetti"},"content":{"rendered":"<p>El proyecto de ley fue aprobado por unanimidad tanto en Comisi\u00f3n S\u00e9ptima como en la Plenaria del Senado.<\/p>\n<blockquote><p>\u00abEl Senado de la Rep\u00fablica aprob\u00f3 nuestro proyecto de ley de lucha contra el hambre. Con esta iniciativa damos un gran paso en esta deuda hist\u00f3rica con nuestro pa\u00eds. Gracias a quienes apoyaron esta iniciativa. Juntos construiremos una Colombia sin hambre\u00bb, dijo el senador Benedetti Martelo.<\/p><\/blockquote>\n<p>En el proyecto se establecen cuatro pilares principales:<\/p>\n<p>1. Crea el Fondo para la lucha contra el hambre y la inseguridad alimentaria. Con \u00e9l, se busca unificar recursos en una sola bolsa y ejecutarlos conforme a las pol\u00edticas p\u00fablicas de lucha contra el hambre. Esta ejecuci\u00f3n tendr\u00e1 un enfoque territorial.<br \/>\n2. \u2060Ordena al Gobierno Nacional que unifique en un solo documento los m\u00faltiples lineamientos para donaci\u00f3n de alimentos que hoy existen.<br \/>\n3. \u2060Establece un r\u00e9gimen sancionatorio para aquellas personas jur\u00eddicas que desperdicien alimentos. Las sanciones son multas que se imponen s\u00f3lo despu\u00e9s de que a la persona jur\u00eddica se le ha llamado la atenci\u00f3n e insiste en incumplir las normas sobre desperdicio de alimentos.<br \/>\n4. \u2060Prevee que el Gobierno dise\u00f1e un mecanismo para conectar a productores de alimentos con receptores de donaciones, y que as\u00ed el proceso de donaci\u00f3n sea m\u00e1s sencillo.<\/p>\n<p>&nbsp;<\/p>\n","protected":false},"excerpt":{"rendered":"<p>El proyecto de ley fue aprobado por unanimidad tanto en Comisi\u00f3n S\u00e9ptima como en la Plenaria del Senado. \u00abEl Senado de la Rep\u00fablica aprob\u00f3 nuestro proyecto de ley de lucha contra el hambre. Con esta iniciativa damos un gran paso en esta deuda hist\u00f3rica con nuestro pa\u00eds. Gracias a quienes apoyaron esta iniciativa. Juntos construiremos una Colombia sin hambre\u00bb, dijo el senador Benedetti Martelo. En el proyecto se establecen cuatro pilares principales: 1. Crea el Fondo para la lucha contra el hambre y la inseguridad alimentaria. Con \u00e9l, se busca&#8230; <\/p>\n","protected":false},"author":3,"featured_media":55709,"comment_status":"closed","ping_status":"closed","sticky":false,"template":"","format":"standard","meta":{"footnotes":"","_links_to":"","_links_to_target":""},"categories":[1450,4,82],"tags":[285,257,2307,298,234],"class_list":["post-55708","post","type-post","status-publish","format-standard","has-post-thumbnail","hentry","category-parasladers","category-politica","category-senado","tag-destacada","tag-jorge-benedetti","tag-lucha-contra-el-hambre","tag-politica","tag-senado"],"_links":{"self":[{"href":"https:\/\/revistazetta.com\/index.php?rest_route=\/wp\/v2\/posts\/55708","targetHints":{"allow":["GET"]}}],"collection":[{"href":"https:\/\/revistazetta.com\/index.php?rest_route=\/wp\/v2\/posts"}],"about":[{"href":"https:\/\/revistazetta.com\/index.php?rest_route=\/wp\/v2\/types\/post"}],"author":[{"embeddable":true,"href":"https:\/\/revistazetta.com\/index.php?rest_route=\/wp\/v2\/users\/3"}],"replies":[{"embeddable":true,"href":"https:\/\/revistazetta.com\/index.php?rest_route=%2Fwp%2Fv2%2Fcomments&post=55708"}],"version-history":[{"count":0,"href":"https:\/\/revistazetta.com\/index.php?rest_route=\/wp\/v2\/posts\/55708\/revisions"}],"wp:featuredmedia":[{"embeddable":true,"href":"https:\/\/revistazetta.com\/index.php?rest_route=\/wp\/v2\/media\/55709"}],"wp:attachment":[{"href":"https:\/\/revistazetta.com\/index.php?rest_route=%2Fwp%2Fv2%2Fmedia&parent=55708"}],"wp:term":[{"taxonomy":"category","embeddable":true,"href":"https:\/\/revistazetta.com\/index.php?rest_route=%2Fwp%2Fv2%2Fcategories&post=55708"},{"taxonomy":"post_tag","embeddable":true,"href":"https:\/\/revistazetta.com\/index.php?rest_route=%2Fwp%2Fv2%2Ftags&post=55708"}],"curies":[{"name":"wp","href":"https:\/\/api.w.org\/{rel}","templated":true}]}}