{"id":55719,"date":"2024-12-13T11:39:36","date_gmt":"2024-12-13T16:39:36","guid":{"rendered":"https:\/\/revistazetta.com\/?p=55719"},"modified":"2024-12-14T08:07:52","modified_gmt":"2024-12-14T13:07:52","slug":"cuerpo-consular-de-cartagena-exalto-gestion-de-migracion-colombia-y-gobernador-de-bolivar","status":"publish","type":"post","link":"https:\/\/revistazetta.com\/?p=55719","title":{"rendered":"Cuerpo Consular de Cartagena exalt\u00f3 gesti\u00f3n de Migraci\u00f3n Colombia y Gobernador de Bol\u00edvar"},"content":{"rendered":"<p><strong>Cartagena de Indias, 13 de diciembre de 2024.-<\/strong> El Cuerpo Consular de Cartagena destac\u00f3 la gesti\u00f3n del gobernador de Bol\u00edvar, Yamil Arana Padau\u00ed, as\u00ed como de la regional de Migraci\u00f3n Colombia, y les confiri\u00f3 su m\u00e1xima distinci\u00f3n, la Orden Civil Mercurio.<\/p>\n<p>La ceremonia se cumpli\u00f3 en el restaurante San Pedro, donde se ofreci\u00f3 un coctel.<\/p>\n<div id=\"attachment_55722\" style=\"width: 510px\" class=\"wp-caption alignnone\"><img loading=\"lazy\" decoding=\"async\" aria-describedby=\"caption-attachment-55722\" class=\"wp-image-55722 size-medium\" src=\"https:\/\/revistazetta.com\/wp-content\/uploads\/2024\/12\/IMG_4960-500x281.jpg\" alt=\"\" width=\"500\" height=\"281\" srcset=\"https:\/\/revistazetta.com\/wp-content\/uploads\/2024\/12\/IMG_4960-500x281.jpg 500w, https:\/\/revistazetta.com\/wp-content\/uploads\/2024\/12\/IMG_4960-1024x576.jpg 1024w, https:\/\/revistazetta.com\/wp-content\/uploads\/2024\/12\/IMG_4960-250x141.jpg 250w, https:\/\/revistazetta.com\/wp-content\/uploads\/2024\/12\/IMG_4960-1536x864.jpg 1536w, https:\/\/revistazetta.com\/wp-content\/uploads\/2024\/12\/IMG_4960-2048x1151.jpg 2048w\" sizes=\"auto, (max-width: 500px) 100vw, 500px\" \/><p id=\"caption-attachment-55722\" class=\"wp-caption-text\">Los dos personajes homenajeados con la Orden Civil del Mercurio en el Grado de Comendador del Cuerpo Cosnular de Cartagena de Indias: Dolcey Reales, Director Regional Caribe de Migraci\u00f3n Colombia; Jorge Villamizar, C\u00f3nsul de T\u00fcrkiye \/ Decano del Cuerpo Consular de Cartagena; Yamil Arana, Gobernador de Bol\u00edvar; Amaury Covo, C\u00f3nsul de B\u00e9lgica \/ Secretario del Cuerpo Consular de Cartagena.<\/p><\/div>\n<p>&nbsp;<\/p>\n<div id=\"attachment_55723\" style=\"width: 510px\" class=\"wp-caption alignnone\"><img loading=\"lazy\" decoding=\"async\" aria-describedby=\"caption-attachment-55723\" class=\"wp-image-55723 size-medium\" src=\"https:\/\/revistazetta.com\/wp-content\/uploads\/2024\/12\/WhatsApp-Image-2024-12-13-at-17.23.02-500x316.jpeg\" alt=\"\" width=\"500\" height=\"316\" srcset=\"https:\/\/revistazetta.com\/wp-content\/uploads\/2024\/12\/WhatsApp-Image-2024-12-13-at-17.23.02-500x316.jpeg 500w, https:\/\/revistazetta.com\/wp-content\/uploads\/2024\/12\/WhatsApp-Image-2024-12-13-at-17.23.02-1024x648.jpeg 1024w, https:\/\/revistazetta.com\/wp-content\/uploads\/2024\/12\/WhatsApp-Image-2024-12-13-at-17.23.02-250x158.jpeg 250w, https:\/\/revistazetta.com\/wp-content\/uploads\/2024\/12\/WhatsApp-Image-2024-12-13-at-17.23.02.jpeg 1043w\" sizes=\"auto, (max-width: 500px) 100vw, 500px\" \/><p id=\"caption-attachment-55723\" class=\"wp-caption-text\">Jorge Villamizar, C\u00f3nsul de T\u00fcrkiye \/ Decano del Cuerpo Consular de Cartagena; Dolcey Reales, Director Regional Caribe de Migraci\u00f3n Colombia; Brigadier General Gelver Pe\u00f1a, Comandante de la Polic\u00eda Metropolitana de Cartagena; Ram\u00f3n David Exp\u00f3sito, C\u00f3nsul de Guatemala; Coronel Carlos Nieto, Comandante de la Polic\u00eda del Distrito Tur\u00edstico e Hist\u00f3rico de Cartagena.<\/p><\/div>\n<p>&nbsp;<\/p>\n<div id=\"attachment_55724\" style=\"width: 510px\" class=\"wp-caption alignnone\"><img loading=\"lazy\" decoding=\"async\" aria-describedby=\"caption-attachment-55724\" class=\"wp-image-55724 size-medium\" src=\"https:\/\/revistazetta.com\/wp-content\/uploads\/2024\/12\/IMG_4945-500x281.jpg\" alt=\"\" width=\"500\" height=\"281\" srcset=\"https:\/\/revistazetta.com\/wp-content\/uploads\/2024\/12\/IMG_4945-500x281.jpg 500w, https:\/\/revistazetta.com\/wp-content\/uploads\/2024\/12\/IMG_4945-1024x576.jpg 1024w, https:\/\/revistazetta.com\/wp-content\/uploads\/2024\/12\/IMG_4945-250x141.jpg 250w, https:\/\/revistazetta.com\/wp-content\/uploads\/2024\/12\/IMG_4945-1536x864.jpg 1536w, https:\/\/revistazetta.com\/wp-content\/uploads\/2024\/12\/IMG_4945-2048x1151.jpg 2048w\" sizes=\"auto, (max-width: 500px) 100vw, 500px\" \/><p id=\"caption-attachment-55724\" class=\"wp-caption-text\">Ram\u00f3n David Exp\u00f3sito, C\u00f3nsul de Guatemala y se\u00f1ora Adelita L\u00f3pez; Yamil Arana, Gobernador de Bol\u00edvar y se\u00f1ora Ang\u00e9lica Salas; Jorge Villamizar, C\u00f3nsul de T\u00fcrkiye \/ Decano del Cuerpo Consular y se\u00f1ora Johana Mercado.<\/p><\/div>\n<p>&nbsp;<\/p>\n<div id=\"attachment_55725\" style=\"width: 510px\" class=\"wp-caption alignnone\"><img loading=\"lazy\" decoding=\"async\" aria-describedby=\"caption-attachment-55725\" class=\"wp-image-55725 size-medium\" src=\"https:\/\/revistazetta.com\/wp-content\/uploads\/2024\/12\/IMG_4910-500x281.jpg\" alt=\"\" width=\"500\" height=\"281\" srcset=\"https:\/\/revistazetta.com\/wp-content\/uploads\/2024\/12\/IMG_4910-500x281.jpg 500w, https:\/\/revistazetta.com\/wp-content\/uploads\/2024\/12\/IMG_4910-1024x576.jpg 1024w, https:\/\/revistazetta.com\/wp-content\/uploads\/2024\/12\/IMG_4910-250x141.jpg 250w, https:\/\/revistazetta.com\/wp-content\/uploads\/2024\/12\/IMG_4910-1536x864.jpg 1536w, https:\/\/revistazetta.com\/wp-content\/uploads\/2024\/12\/IMG_4910-2048x1151.jpg 2048w\" sizes=\"auto, (max-width: 500px) 100vw, 500px\" \/><p id=\"caption-attachment-55725\" class=\"wp-caption-text\">C\u00f3nsules Honorarios acreditados en Cartagena de Indias: CHILE: John Gilchrist Bustamante; GUATEMALA: Ram\u00f3n David Exp\u00f3sito V\u00e9lez; B\u00c9LGICA: Amaury Covo Segrera; CANAD\u00c1: Sandra Borda Caldas; GOBERNADOR DE BOL\u00cdVAR: Yamil Arana Padau\u00ed y se\u00f1ora Ang\u00e9lica Salas; T\u00dcRKIYE: Jorge Villamizar de Lavalle; HONDURAS: V\u00edctor Juan Yacam\u00e1n; ECUADOR: Antonio Lozano Pareja; POLONIA: Benny Schuster Bejman.<\/p><\/div>\n<p>&nbsp;<\/p>\n<p><img loading=\"lazy\" decoding=\"async\" class=\"alignnone size-medium wp-image-55727\" src=\"https:\/\/revistazetta.com\/wp-content\/uploads\/2024\/12\/IMG_4914-500x281.jpg\" alt=\"\" width=\"500\" height=\"281\" srcset=\"https:\/\/revistazetta.com\/wp-content\/uploads\/2024\/12\/IMG_4914-500x281.jpg 500w, https:\/\/revistazetta.com\/wp-content\/uploads\/2024\/12\/IMG_4914-1024x576.jpg 1024w, https:\/\/revistazetta.com\/wp-content\/uploads\/2024\/12\/IMG_4914-250x141.jpg 250w, https:\/\/revistazetta.com\/wp-content\/uploads\/2024\/12\/IMG_4914-1536x864.jpg 1536w, https:\/\/revistazetta.com\/wp-content\/uploads\/2024\/12\/IMG_4914-2048x1151.jpg 2048w\" sizes=\"auto, (max-width: 500px) 100vw, 500px\" \/> <img loading=\"lazy\" decoding=\"async\" class=\"alignnone size-medium wp-image-55728\" src=\"https:\/\/revistazetta.com\/wp-content\/uploads\/2024\/12\/IMG_4920-500x281.jpg\" alt=\"\" width=\"500\" height=\"281\" srcset=\"https:\/\/revistazetta.com\/wp-content\/uploads\/2024\/12\/IMG_4920-500x281.jpg 500w, https:\/\/revistazetta.com\/wp-content\/uploads\/2024\/12\/IMG_4920-1024x576.jpg 1024w, https:\/\/revistazetta.com\/wp-content\/uploads\/2024\/12\/IMG_4920-250x141.jpg 250w, https:\/\/revistazetta.com\/wp-content\/uploads\/2024\/12\/IMG_4920-1536x864.jpg 1536w, https:\/\/revistazetta.com\/wp-content\/uploads\/2024\/12\/IMG_4920-2048x1151.jpg 2048w\" sizes=\"auto, (max-width: 500px) 100vw, 500px\" \/><\/p>\n<p><img loading=\"lazy\" decoding=\"async\" class=\"alignnone size-medium wp-image-55729\" src=\"https:\/\/revistazetta.com\/wp-content\/uploads\/2024\/12\/IMG_4969-500x281.jpg\" alt=\"\" width=\"500\" height=\"281\" srcset=\"https:\/\/revistazetta.com\/wp-content\/uploads\/2024\/12\/IMG_4969-500x281.jpg 500w, https:\/\/revistazetta.com\/wp-content\/uploads\/2024\/12\/IMG_4969-1024x576.jpg 1024w, https:\/\/revistazetta.com\/wp-content\/uploads\/2024\/12\/IMG_4969-250x141.jpg 250w, https:\/\/revistazetta.com\/wp-content\/uploads\/2024\/12\/IMG_4969-1536x864.jpg 1536w, https:\/\/revistazetta.com\/wp-content\/uploads\/2024\/12\/IMG_4969-2048x1151.jpg 2048w\" sizes=\"auto, (max-width: 500px) 100vw, 500px\" \/><\/p>\n<p><img loading=\"lazy\" decoding=\"async\" class=\"alignnone size-medium wp-image-55726\" src=\"https:\/\/revistazetta.com\/wp-content\/uploads\/2024\/12\/IMG_4979-500x281.jpg\" alt=\"\" width=\"500\" height=\"281\" srcset=\"https:\/\/revistazetta.com\/wp-content\/uploads\/2024\/12\/IMG_4979-500x281.jpg 500w, https:\/\/revistazetta.com\/wp-content\/uploads\/2024\/12\/IMG_4979-1024x576.jpg 1024w, https:\/\/revistazetta.com\/wp-content\/uploads\/2024\/12\/IMG_4979-250x141.jpg 250w, https:\/\/revistazetta.com\/wp-content\/uploads\/2024\/12\/IMG_4979-1536x864.jpg 1536w, https:\/\/revistazetta.com\/wp-content\/uploads\/2024\/12\/IMG_4979-2048x1151.jpg 2048w\" sizes=\"auto, (max-width: 500px) 100vw, 500px\" \/><\/p>\n","protected":false},"excerpt":{"rendered":"<p>Cartagena de Indias, 13 de diciembre de 2024.- El Cuerpo Consular de Cartagena destac\u00f3 la gesti\u00f3n del gobernador de Bol\u00edvar, Yamil Arana Padau\u00ed, as\u00ed como de la regional de Migraci\u00f3n Colombia, y les confiri\u00f3 su m\u00e1xima distinci\u00f3n, la Orden Civil Mercurio. La ceremonia se cumpli\u00f3 en el restaurante San Pedro, donde se ofreci\u00f3 un coctel. &nbsp; &nbsp; &nbsp; &nbsp;<\/p>\n","protected":false},"author":3,"featured_media":55720,"comment_status":"closed","ping_status":"closed","sticky":false,"template":"","format":"standard","meta":{"footnotes":"","_links_to":"","_links_to_target":""},"categories":[3,1450,1918],"tags":[292,2308,285,1919],"class_list":["post-55719","post","type-post","status-publish","format-standard","has-post-thumbnail","hentry","category-ciudad","category-parasladers","category-gremial","tag-ciudad","tag-cuerpo-consultar-de-cartagena","tag-destacada","tag-gremial"],"_links":{"self":[{"href":"https:\/\/revistazetta.com\/index.php?rest_route=\/wp\/v2\/posts\/55719","targetHints":{"allow":["GET"]}}],"collection":[{"href":"https:\/\/revistazetta.com\/index.php?rest_route=\/wp\/v2\/posts"}],"about":[{"href":"https:\/\/revistazetta.com\/index.php?rest_route=\/wp\/v2\/types\/post"}],"author":[{"embeddable":true,"href":"https:\/\/revistazetta.com\/index.php?rest_route=\/wp\/v2\/users\/3"}],"replies":[{"embeddable":true,"href":"https:\/\/revistazetta.com\/index.php?rest_route=%2Fwp%2Fv2%2Fcomments&post=55719"}],"version-history":[{"count":0,"href":"https:\/\/revistazetta.com\/index.php?rest_route=\/wp\/v2\/posts\/55719\/revisions"}],"wp:featuredmedia":[{"embeddable":true,"href":"https:\/\/revistazetta.com\/index.php?rest_route=\/wp\/v2\/media\/55720"}],"wp:attachment":[{"href":"https:\/\/revistazetta.com\/index.php?rest_route=%2Fwp%2Fv2%2Fmedia&parent=55719"}],"wp:term":[{"taxonomy":"category","embeddable":true,"href":"https:\/\/revistazetta.com\/index.php?rest_route=%2Fwp%2Fv2%2Fcategories&post=55719"},{"taxonomy":"post_tag","embeddable":true,"href":"https:\/\/revistazetta.com\/index.php?rest_route=%2Fwp%2Fv2%2Ftags&post=55719"}],"curies":[{"name":"wp","href":"https:\/\/api.w.org\/{rel}","templated":true}]}}